{"id":360029,"date":"2025-09-02T05:31:10","date_gmt":"2025-09-02T05:31:10","guid":{"rendered":"https:\/\/www.europesays.com\/fr\/360029\/"},"modified":"2025-09-02T05:31:10","modified_gmt":"2025-09-02T05:31:10","slug":"nouveau-record-des-depenses-darmement-dans-lunion-europeenne-attendu-en-2025","status":"publish","type":"post","link":"https:\/\/www.europesays.com\/fr\/360029\/","title":{"rendered":"Nouveau record des d\u00e9penses d&rsquo;armement dans l&rsquo;Union europ\u00e9enne attendu en 2025"},"content":{"rendered":"<p class=\"fig-paragraph\">Les\u00a0<a href=\"http:\/\/www.lefigaro.fr\/international\/guerre-en-europe-attaques-hybrides-en-france-le-scenario-noir-pour-l-armee-francaise-20250722\" data-fig-type=\"Article\" data-gtm-custom-categorie=\"navigation\" data-gtm-custom-action=\"crossclick\" data-gtm-custom-label=\"Contextuel\" data-gtm-event=\"customEventSPE\" data-fig-domain=\"LEFIGARO\" rel=\"nofollow noopener\" target=\"_blank\">d\u00e9penses d&rsquo;armement dans l&rsquo;Union europ\u00e9enne<\/a>\u00a0vont atteindre un nouveau record cette ann\u00e9e, \u00e0 381 milliards d&rsquo;euros, a annonc\u00e9 mardi l&rsquo;agence europ\u00e9enne de d\u00e9fense (EDA). Elles avaient atteint 343 milliards d&rsquo;euros l&rsquo;an dernier, ce qui \u00e9tait d\u00e9j\u00e0 un niveau record par rapport \u00e0 2023, selon les derniers chiffres publi\u00e9s par cette agence de l&rsquo;UE sp\u00e9cialis\u00e9e dans les questions de d\u00e9fense.<\/p>\n<p class=\"fig-paragraph\">\u00abL&rsquo;Europe consacre des sommes record pour sa d\u00e9fense, pour assurer la s\u00e9curit\u00e9 de nos citoyens, et nous ne nous arr\u00eaterons pas l\u00e0\u00bb, a d\u00e9clar\u00e9 la cheffe de la diplomatie de l&rsquo;Union europ\u00e9enne Kaja Kallas, qui pr\u00e9side l&rsquo;EDA. Et cette ann\u00e9e, pr\u00e8s de 130 milliards d&rsquo;euros ont \u00e9t\u00e9 consacr\u00e9s \u00e0 des investissements tels que de nouveaux armements. Les pays europ\u00e9ens ont fortement augment\u00e9 leurs d\u00e9penses militaires depuis l&rsquo;annexion de la Crim\u00e9e par la Russie en 2014, et celles-ci se sont encore acc\u00e9l\u00e9r\u00e9es apr\u00e8s l&rsquo;invasion de l&rsquo;Ukraine lanc\u00e9e par le Kremlin en f\u00e9vrier 2022.<\/p>\n<p>                                    <a class=\"fig-a11y-skip a11y-hidden\" href=\"#fig-a11y-skip-main-inarticle\"><br \/>\n        Passer la publicit\u00e9<br \/>\n    <\/a><\/p>\n<p class=\"fig-paragraph\">Les pays de l&rsquo;Otan, dont 23 \u00c9tats de l&rsquo;UE sont \u00e9galement membres, ont aussi d\u00e9cid\u00e9 d&rsquo;accro\u00eetre encore leurs efforts, en consacrant au moins 5% de leur Produit int\u00e9rieur brut (PIB) \u00e0 leur s\u00e9curit\u00e9 au cours des dix prochaines ann\u00e9es, dont 3,5% pour des d\u00e9penses strictement militaires. Pour atteindre ce dernier objectif de 3,5%, \u00abil faudra redoubler d&rsquo;efforts et d\u00e9penser au total plus de 630 milliards d&rsquo;euros par an\u00bb dans l&rsquo;UE, a d\u00e9clar\u00e9 Andr\u00e9 Denk, directeur de l&rsquo;EDA.<\/p>\n","protected":false},"excerpt":{"rendered":"Les\u00a0d\u00e9penses d&rsquo;armement dans l&rsquo;Union europ\u00e9enne\u00a0vont atteindre un nouveau record cette ann\u00e9e, \u00e0 381 milliards d&rsquo;euros, a annonc\u00e9 mardi&hellip;\n","protected":false},"author":2,"featured_media":360030,"comment_status":"","ping_status":"","sticky":false,"template":"","format":"standard","meta":{"footnotes":""},"categories":[1586],"tags":[11,1924,33,1777,674,1779,1011,27,12,25,1778,364],"class_list":{"0":"post-360029","1":"post","2":"type-post","3":"status-publish","4":"format-standard","5":"has-post-thumbnail","7":"category-europe","8":"tag-actualites","9":"tag-armement","10":"tag-economie","11":"tag-eu","12":"tag-europe","13":"tag-european-union","14":"tag-fr","15":"tag-france","16":"tag-news","17":"tag-republique-francaise","18":"tag-ue","19":"tag-union-europeenne"},"share_on_mastodon":{"url":"https:\/\/pubeurope.com\/@fr\/115133067302847977","error":""},"_links":{"self":[{"href":"https:\/\/www.europesays.com\/fr\/wp-json\/wp\/v2\/posts\/360029","targetHints":{"allow":["GET"]}}],"collection":[{"href":"https:\/\/www.europesays.com\/fr\/wp-json\/wp\/v2\/posts"}],"about":[{"href":"https:\/\/www.europesays.com\/fr\/wp-json\/wp\/v2\/types\/post"}],"author":[{"embeddable":true,"href":"https:\/\/www.europesays.com\/fr\/wp-json\/wp\/v2\/users\/2"}],"replies":[{"embeddable":true,"href":"https:\/\/www.europesays.com\/fr\/wp-json\/wp\/v2\/comments?post=360029"}],"version-history":[{"count":0,"href":"https:\/\/www.europesays.com\/fr\/wp-json\/wp\/v2\/posts\/360029\/revisions"}],"wp:featuredmedia":[{"embeddable":true,"href":"https:\/\/www.europesays.com\/fr\/wp-json\/wp\/v2\/media\/360030"}],"wp:attachment":[{"href":"https:\/\/www.europesays.com\/fr\/wp-json\/wp\/v2\/media?parent=360029"}],"wp:term":[{"taxonomy":"category","embeddable":true,"href":"https:\/\/www.europesays.com\/fr\/wp-json\/wp\/v2\/categories?post=360029"},{"taxonomy":"post_tag","embeddable":true,"href":"https:\/\/www.europesays.com\/fr\/wp-json\/wp\/v2\/tags?post=360029"}],"curies":[{"name":"wp","href":"https:\/\/api.w.org\/{rel}","templated":true}]}}