{"id":360031,"date":"2025-09-02T05:32:19","date_gmt":"2025-09-02T05:32:19","guid":{"rendered":"https:\/\/www.europesays.com\/fr\/360031\/"},"modified":"2025-09-02T05:32:19","modified_gmt":"2025-09-02T05:32:19","slug":"horoscope-de-tous-les-signes-du-mardi-2-septembre-2025","status":"publish","type":"post","link":"https:\/\/www.europesays.com\/fr\/360031\/","title":{"rendered":"Horoscope de tous les signes du mardi 2 Septembre 2025"},"content":{"rendered":"<p>Chers lecteurs et passionn\u00e9s d&rsquo;astrologie,<\/p>\n<p>Alors que nous plongeons dans ce mardi 2 septembre 2025, les astres dansent au rythme de la rentr\u00e9e. Sous l&rsquo;influence bienveillante de V\u00e9nus, qui inonde ce d\u00e9but de mois de son \u00e9nergie harmonieuse, c&rsquo;est le moment id\u00e9al pour cultiver la douceur et renforcer nos liens. Jupiter, en r\u00e9trograde, nous invite \u00e0 revisiter nos aspirations pass\u00e9es et \u00e0 repenser nos ambitions avec une sagesse renouvel\u00e9e. Que vous soyez au travail, \u00e0 l&rsquo;\u00e9cole, ou en qu\u00eate de nouvelles aventures, laissez cette journ\u00e9e vous guider vers des r\u00e9alisations pleines d&rsquo;authenticit\u00e9 et d&rsquo;intuition. Pr\u00e9parez-vous \u00e0 accueillir des opportunit\u00e9s in\u00e9dites et \u00e0 naviguer avec confiance \u00e0 travers les mar\u00e9es changeantes de cette semaine promise \u00e0 de riches d\u00e9couvertes.<\/p>\n<p>Belle journ\u00e9e \u00e9toil\u00e9e \u00e0 tous,<\/p>\n<p>L&rsquo;\u00e9quipe astrologique.<\/p>\n<p><img loading=\"lazy\" decoding=\"async\" class=\"wp-image-30550 aligncenter\" src=\"https:\/\/www.europesays.com\/fr\/wp-content\/uploads\/2025\/09\/bSWhg6pQsy.jpeg\" alt=\"\" width=\"600\" height=\"600\"\/><\/p>\n<p>Horoscope Gemeaux du jour<\/p>\n<p class=\"horoscope-summary\">En ce mardi 2 septembre 2025, les G\u00e9meaux se retrouvent sous l&rsquo;influence d&rsquo;\u00e9nergies cosmiques qui favorisent des \u00e9changes enrichissants et des moments de partage, tout en leur demandant de naviguer prudemment entre d\u00e9fis financiers et tensions professionnelles. Sur le plan personnel, un regard inattendu pourrait transformer leurs relations familiales, tandis que leur bien-\u00eatre d\u00e9pendra d&rsquo;une \u00e9coute attentive de leurs \u00e9motions.<\/p>\n<p><a href=\"https:\/\/journaldesseniors.20minutes.fr\/horoscope\/horoscope-gemeaux-du-mardi-2-septembre-2025\/\" class=\"readmore_horoscope\" target=\"_blank\" rel=\"noopener\">Lire la suite de l&rsquo;horoscope G\u00e9meaux  du jour<\/a><\/p>\n<p><img loading=\"lazy\" decoding=\"async\" class=\"wp-image-30552 aligncenter\" src=\"data:image\/svg+xml,%3Csvg%20xmlns=\" http:=\"\" alt=\"\" width=\"600\" height=\"600\" data-lazy-src=\"https:\/\/www.europesays.com\/fr\/wp-content\/uploads\/2025\/09\/Hf1ojDrNKB.jpeg\"\/><\/p>\n<p>Horoscope Belier du jour<\/p>\n<p class=\"horoscope-summary\">En ce mardi 2 septembre 2025, les B\u00e9liers sont confront\u00e9s \u00e0 une journ\u00e9e remplie d&rsquo;\u00e9nergie et d&rsquo;opportunit\u00e9s qui pourraient bien transformer leur parcours personnel et professionnel. Entre surprises \u00e9mouvantes et perspectives prometteuses, l&rsquo;issue de cette journ\u00e9e pourrait bien r\u00e9server des r\u00e9v\u00e9lations surprenantes.<\/p>\n<p><a href=\"https:\/\/journaldesseniors.20minutes.fr\/horoscope\/horoscope-belier-du-mardi-2-septembre-2025\/\" class=\"readmore_horoscope\" target=\"_blank\" rel=\"noopener\">Lire la suite de l&rsquo;horoscope B\u00e9lier  du jour<\/a><\/p>\n<p><img loading=\"lazy\" decoding=\"async\" class=\"wp-image-30554 aligncenter\" src=\"data:image\/svg+xml,%3Csvg%20xmlns=\" http:=\"\" alt=\"\" width=\"600\" height=\"600\" data-lazy-src=\"https:\/\/www.europesays.com\/fr\/wp-content\/uploads\/2025\/09\/A9nQbioYaR.jpeg\"\/><\/p>\n<p>Horoscope Taureau du jour<\/p>\n<p class=\"horoscope-summary\">Ce mardi 2 septembre 2025, un vent de changement souffle sur les Taureaux, les incitant \u00e0 r\u00e9\u00e9valuer certains aspects de leur vie. Entre surprises inattendues et r\u00e9flexions profondes, cette journ\u00e9e semble pleine de promesses et d&rsquo;opportunit\u00e9s myst\u00e9rieuses \u00e0 d\u00e9couvrir.<\/p>\n<p><a href=\"https:\/\/journaldesseniors.20minutes.fr\/horoscope\/horoscope-taureau-du-mardi-2-septembre-2025\/\" class=\"readmore_horoscope\" target=\"_blank\" rel=\"noopener\">Lire la suite de l&rsquo;horoscope Taureau  du jour<\/a><\/p>\n<p><img loading=\"lazy\" decoding=\"async\" class=\"wp-image-30556 aligncenter\" src=\"data:image\/svg+xml,%3Csvg%20xmlns=\" http:=\"\" alt=\"\" width=\"600\" height=\"600\" data-lazy-src=\"https:\/\/www.europesays.com\/fr\/wp-content\/uploads\/2025\/09\/Xz1UFKDtav.jpeg\"\/><\/p>\n<p>Horoscope Cancer du jour<\/p>\n<p class=\"horoscope-summary\">Ce mardi 2 septembre 2025 s&rsquo;annonce pour les natifs du Cancer comme une journ\u00e9e riche en d\u00e9couvertes, influenc\u00e9e par une \u00e9coute attentive de leur intuition et une vitalit\u00e9 accrue. L&rsquo;univers semble pr\u00e9parer de surprenantes opportunit\u00e9s de croissance, tant sur le plan personnel que professionnel, laissant entrevoir des moments de succ\u00e8s et de renforcement des liens affectifs.<\/p>\n<p><a href=\"https:\/\/journaldesseniors.20minutes.fr\/horoscope\/horoscope-cancer-du-mardi-2-septembre-2025\/\" class=\"readmore_horoscope\" target=\"_blank\" rel=\"noopener\">Lire la suite de l&rsquo;horoscope Cancer  du jour<\/a><\/p>\n<p><img loading=\"lazy\" decoding=\"async\" class=\"wp-image-30558 aligncenter\" src=\"data:image\/svg+xml,%3Csvg%20xmlns=\" http:=\"\" alt=\"\" width=\"600\" height=\"600\" data-lazy-src=\"https:\/\/www.europesays.com\/fr\/wp-content\/uploads\/2025\/09\/Cri3hVLpBW.jpeg\"\/><\/p>\n<p>Horoscope Lion du jour<\/p>\n<p class=\"horoscope-summary\">Le mardi 2 septembre 2025, les Lions sont entour\u00e9s d&rsquo;une \u00e9nergie vibrante et d&rsquo;opportunit\u00e9s inattendues, que ce soit dans les relations ou au travail. Cependant, un subtil rappel vous sugg\u00e8re de rester attentifs \u00e0 votre bien-\u00eatre, car des signes pourraient \u00e9merger, n\u00e9cessitant votre vigilance et introspection.<\/p>\n<p><a href=\"https:\/\/journaldesseniors.20minutes.fr\/horoscope\/horoscope-lion-du-mardi-2-septembre-2025\/\" class=\"readmore_horoscope\" target=\"_blank\" rel=\"noopener\">Lire la suite de l&rsquo;horoscope Lion  du jour<\/a><\/p>\n<p><img loading=\"lazy\" decoding=\"async\" class=\"wp-image-30572 aligncenter\" src=\"data:image\/svg+xml,%3Csvg%20xmlns=\" http:=\"\" alt=\"\" width=\"600\" height=\"600\" data-lazy-src=\"https:\/\/www.europesays.com\/fr\/wp-content\/uploads\/2025\/09\/Up9MPuzj8R.jpeg\"\/><\/p>\n<p>Horoscope Vierge du jour<\/p>\n<p class=\"horoscope-summary\">En ce mardi 2 septembre 2025, les Vierges ressentiront une \u00e9nergie unique qui pourrait transformer leur perspective personnelle et offrir des opportunit\u00e9s inattendues dans divers aspects de leur vie. Entre une rencontre surprenante en amour, des avanc\u00e9es professionnelles prometteuses et un besoin de veiller \u00e0 leur bien-\u00eatre mental, cette journ\u00e9e s&rsquo;annonce riche en d\u00e9couvertes et en \u00e9motions.<\/p>\n<p><a href=\"https:\/\/journaldesseniors.20minutes.fr\/horoscope\/horoscope-vierge-du-mardi-2-septembre-2025\/\" class=\"readmore_horoscope\" target=\"_blank\" rel=\"noopener\">Lire la suite de l&rsquo;horoscope Vierge  du jour<\/a><\/p>\n<p><img loading=\"lazy\" decoding=\"async\" class=\"wp-image-30576 aligncenter\" src=\"data:image\/svg+xml,%3Csvg%20xmlns=\" http:=\"\" alt=\"\" width=\"600\" height=\"600\" data-lazy-src=\"https:\/\/www.europesays.com\/fr\/wp-content\/uploads\/2025\/09\/IHYlwGC5L9.jpeg\"\/><\/p>\n<p>Horoscope Balance du jour<\/p>\n<p class=\"horoscope-summary\">En ce mardi 2 septembre 2025, les Balances sont invit\u00e9s \u00e0 savourer une harmonie myst\u00e9rieuse qui pourrait transformer leur quotidien de mani\u00e8re inattendue, tout en gardant un \u0153il vigilant sur leur bien-\u00eatre physique. Les \u00e9toiles semblent dissimuler des opportunit\u00e9s surprenantes dans le domaine professionnel et personnel, mais attention \u00e0 ne pas tomber dans le pi\u00e8ge de l&rsquo;\u00e9puisement.<\/p>\n<p><a href=\"https:\/\/journaldesseniors.20minutes.fr\/horoscope\/horoscope-balance-du-mardi-2-septembre-2025\/\" class=\"readmore_horoscope\" target=\"_blank\" rel=\"noopener\">Lire la suite de l&rsquo;horoscope Balance  du jour<\/a><\/p>\n<p><img loading=\"lazy\" decoding=\"async\" class=\"wp-image-30579 aligncenter\" src=\"data:image\/svg+xml,%3Csvg%20xmlns=\" http:=\"\" alt=\"\" width=\"600\" height=\"600\" data-lazy-src=\"https:\/\/www.europesays.com\/fr\/wp-content\/uploads\/2025\/09\/z8wRpxHg4F.jpeg\"\/><\/p>\n<p>Horoscope Scorpion du jour<\/p>\n<p class=\"horoscope-summary\">En ce mardi 2 septembre 2025, le Scorpion pourrait bien vivre une journ\u00e9e riche en opportunit\u00e9s uniques, o\u00f9 son intuition amplifi\u00e9e r\u00e9v\u00e9lera des secrets cach\u00e9s et des possibilit\u00e9s intrigantes. Tandis que des surprises financi\u00e8res et professionnelles se profilent \u00e0 l&rsquo;horizon, sa sant\u00e9 lui demandera une vigilance accrue pour \u00e9viter des d\u00e9sagr\u00e9ments inattendus.<\/p>\n<p><a href=\"https:\/\/journaldesseniors.20minutes.fr\/horoscope\/horoscope-scorpion-du-mardi-2-septembre-2025\/\" class=\"readmore_horoscope\" target=\"_blank\" rel=\"noopener\">Lire la suite de l&rsquo;horoscope Scorpion  du jour<\/a><\/p>\n<p><img loading=\"lazy\" decoding=\"async\" class=\"wp-image-30581 aligncenter\" src=\"data:image\/svg+xml,%3Csvg%20xmlns=\" http:=\"\" alt=\"\" width=\"600\" height=\"600\" data-lazy-src=\"https:\/\/www.europesays.com\/fr\/wp-content\/uploads\/2025\/09\/QUDVCAGiwL.jpeg\"\/><\/p>\n<p>Horoscope Sagittaire du jour<\/p>\n<p class=\"horoscope-summary\">Ce mardi 2 septembre 2025, les Sagittaires se trouvent \u00e0 l&rsquo;aube de d\u00e9couvertes exaltantes, avec l&rsquo;univers leur r\u00e9servant des surprises et des opportunit\u00e9s inattendues. Cependant, des tensions familiales et des d\u00e9fis financiers pourraient complexifier la journ\u00e9e, n\u00e9cessitant patience et innovation pour naviguer ces complications.<\/p>\n<p><a href=\"https:\/\/journaldesseniors.20minutes.fr\/horoscope\/horoscope-sagittaire-du-mardi-2-septembre-2025\/\" class=\"readmore_horoscope\" target=\"_blank\" rel=\"noopener\">Lire la suite de l&rsquo;horoscope Sagittaire  du jour<\/a><\/p>\n<p><img loading=\"lazy\" decoding=\"async\" class=\"wp-image-30583 aligncenter\" src=\"data:image\/svg+xml,%3Csvg%20xmlns=\" http:=\"\" alt=\"\" width=\"600\" height=\"600\" data-lazy-src=\"https:\/\/www.europesays.com\/fr\/wp-content\/uploads\/2025\/09\/tsQWqLY6r0.jpeg\"\/><\/p>\n<p>Horoscope Capricorne du jour<\/p>\n<p class=\"horoscope-summary\">Aujourd&rsquo;hui, chers Capricornes, vous pourriez \u00eatre confront\u00e9s \u00e0 d&rsquo;\u00e9tonnants rebondissements qui pourraient changer le cours de votre journ\u00e9e. Entre opportunit\u00e9s inattendues et surprises venant de vos proches, les \u00e9toiles semblent pr\u00eates \u00e0 vous bouleverser d&rsquo;une mani\u00e8re des plus surprenantes.<\/p>\n<p><a href=\"https:\/\/journaldesseniors.20minutes.fr\/horoscope\/horoscope-capricorne-du-mardi-2-septembre-2025\/\" class=\"readmore_horoscope\" target=\"_blank\" rel=\"noopener\">Lire la suite de l&rsquo;horoscope Capricorne  du jour<\/a><\/p>\n<p><img loading=\"lazy\" decoding=\"async\" class=\"wp-image-30586 aligncenter\" src=\"data:image\/svg+xml,%3Csvg%20xmlns=\" http:=\"\" alt=\"\" width=\"600\" height=\"600\" data-lazy-src=\"https:\/\/www.europesays.com\/fr\/wp-content\/uploads\/2025\/09\/NsI1uPxqZJ.jpeg\"\/><\/p>\n<p>Horoscope Verseau du jour<\/p>\n<p class=\"horoscope-summary\">En ce mardi 2 septembre 2025, les Verseaux sont confront\u00e9s \u00e0 une myst\u00e9rieuse opportunit\u00e9 de renouveau qui pourrait bouleverser leur quotidien. Des r\u00e9v\u00e9lations inattendues dans les domaines personnels et professionnels attendent ceux qui sauront garder l&rsquo;esprit ouvert et s&rsquo;adapter aux changements impr\u00e9vus.<\/p>\n<p><a href=\"https:\/\/journaldesseniors.20minutes.fr\/horoscope\/horoscope-verseau-du-mardi-2-septembre-2025\/\" class=\"readmore_horoscope\" target=\"_blank\" rel=\"noopener\">Lire la suite de l&rsquo;horoscope Verseau  du jour<\/a><\/p>\n<p><img loading=\"lazy\" decoding=\"async\" class=\"wp-image-30588 aligncenter\" src=\"data:image\/svg+xml,%3Csvg%20xmlns=\" http:=\"\" alt=\"\" width=\"600\" height=\"600\" data-lazy-src=\"https:\/\/www.europesays.com\/fr\/wp-content\/uploads\/2025\/09\/Ggpvj5oXIm.jpeg\"\/><\/p>\n<p>Horoscope Poissons du jour<\/p>\n<p class=\"horoscope-summary\">Chers Poissons, ce 2 septembre 2025 pourrait vous surprendre avec des \u00e9motions intenses et des opportunit\u00e9s captivantes, sous l&rsquo;influence de Neptune qui \u00e9veille votre sensibilit\u00e9. Que ce soit en amour, au travail ou pour votre bien-\u00eatre, des connexions inattendues et des rencontres fortuites pourraient bien red\u00e9finir vos perspectives.<\/p>\n<p><a href=\"https:\/\/journaldesseniors.20minutes.fr\/horoscope\/horoscope-poissons-du-mardi-2-septembre-2025\/\" class=\"readmore_horoscope\" target=\"_blank\" rel=\"noopener\">Lire la suite de l&rsquo;horoscope Poissons  du jour<\/a><\/p>\n","protected":false},"excerpt":{"rendered":"Chers lecteurs et passionn\u00e9s d&rsquo;astrologie, Alors que nous plongeons dans ce mardi 2 septembre 2025, les astres dansent&hellip;\n","protected":false},"author":2,"featured_media":360032,"comment_status":"","ping_status":"","sticky":false,"template":"","format":"standard","meta":{"footnotes":""},"categories":[2],"tags":[11,10343,1011,27,12,56,1404,25,35933],"class_list":{"0":"post-360031","1":"post","2":"type-post","3":"status-publish","4":"format-standard","5":"has-post-thumbnail","7":"category-actualites","8":"tag-actualites","9":"tag-all","10":"tag-fr","11":"tag-france","12":"tag-news","13":"tag-push","14":"tag-quotidien","15":"tag-republique-francaise","16":"tag-rs"},"share_on_mastodon":{"url":"https:\/\/pubeurope.com\/@fr\/115133071382359128","error":""},"_links":{"self":[{"href":"https:\/\/www.europesays.com\/fr\/wp-json\/wp\/v2\/posts\/360031","targetHints":{"allow":["GET"]}}],"collection":[{"href":"https:\/\/www.europesays.com\/fr\/wp-json\/wp\/v2\/posts"}],"about":[{"href":"https:\/\/www.europesays.com\/fr\/wp-json\/wp\/v2\/types\/post"}],"author":[{"embeddable":true,"href":"https:\/\/www.europesays.com\/fr\/wp-json\/wp\/v2\/users\/2"}],"replies":[{"embeddable":true,"href":"https:\/\/www.europesays.com\/fr\/wp-json\/wp\/v2\/comments?post=360031"}],"version-history":[{"count":0,"href":"https:\/\/www.europesays.com\/fr\/wp-json\/wp\/v2\/posts\/360031\/revisions"}],"wp:featuredmedia":[{"embeddable":true,"href":"https:\/\/www.europesays.com\/fr\/wp-json\/wp\/v2\/media\/360032"}],"wp:attachment":[{"href":"https:\/\/www.europesays.com\/fr\/wp-json\/wp\/v2\/media?parent=360031"}],"wp:term":[{"taxonomy":"category","embeddable":true,"href":"https:\/\/www.europesays.com\/fr\/wp-json\/wp\/v2\/categories?post=360031"},{"taxonomy":"post_tag","embeddable":true,"href":"https:\/\/www.europesays.com\/fr\/wp-json\/wp\/v2\/tags?post=360031"}],"curies":[{"name":"wp","href":"https:\/\/api.w.org\/{rel}","templated":true}]}}