{"id":360034,"date":"2025-09-02T05:34:10","date_gmt":"2025-09-02T05:34:10","guid":{"rendered":"https:\/\/www.europesays.com\/fr\/360034\/"},"modified":"2025-09-02T05:34:10","modified_gmt":"2025-09-02T05:34:10","slug":"diffusion-france-pologne-a-quelle-heure-et-sur-quelle-chaine-voir-le-match-de-leurobasket-2025-en-direct","status":"publish","type":"post","link":"https:\/\/www.europesays.com\/fr\/360034\/","title":{"rendered":"Diffusion France \u2013 Pologne : \u00e0 quelle heure et sur quelle cha\u00eene voir le match de l\u2019EuroBasket 2025 en direct ?"},"content":{"rendered":"<p class=\"paragraph text_align_left lp-f-body-02\">Ce mardi, tous les regards seront tourn\u00e9s vers Katowice pour le choc France \u2013 Pologne, l\u2019une des affiches les plus attendues de la phase de groupes. \u00c0 l\u2019heure actuelle, la France occupe la troisi\u00e8me place du classement, avec cinq points au compteur. Apr\u00e8s avoir battu la Belgique lors de la premi\u00e8re journ\u00e9e (64-92), les Bleus ont remport\u00e9 la confrontation contre la Slov\u00e9nie (103-95). Par la suite, les hommes de Fr\u00e9d\u00e9ric Fauthoux ont \u00e9t\u00e9 battus par Isra\u00ebl (82-69). Face \u00e0 la Pologne, l\u2019\u00e9quipe de France n\u2019a pas d\u2019autre choix que d\u2019ajouter une nouvelle victoire \u00e0 son palmar\u00e8s, au risque de se rapprocher de l\u2019\u00e9limination. De son c\u00f4t\u00e9, la Pologne monte sur la premi\u00e8re marche du podium, avec six points. Les Polonais ont encha\u00een\u00e9 trois victoires contre la Slov\u00e9nie (95-105), Isra\u00ebl (66-64) et l\u2019Islande (84-75). Pour m\u00e9moire, seules les quatre premi\u00e8res s\u00e9lections de chaque groupe acc\u00e8dent aux huiti\u00e8mes de finale de l\u2019EuroBasket 2025, pr\u00e9vues les 6 et 7 septembre. Dans ces lignes, on vous dit \u00e0 quelle heure et sur quelle cha\u00eene regarder le match France \u2013 Pologne, en direct ce mardi soir.<\/p>\n<p class=\"paragraph text_align_left lp-f-body-02\"><b>Le match qui oppose la France et la Pologne est diffus\u00e9 ce mardi 2 septembre, <\/b><a href=\"https:\/\/bit.ly\/3PuP6Sd\" rel=\"sponsored noopener\" target=\"_blank\"><b>en direct sur la cha\u00eene beIN SPORTS 1<\/b><\/a><b>. La rencontre est pr\u00e9vue \u00e0 20 heures 30<\/b>, \u00e0 la Spodek Arena de Katowice. Les commentateurs vous donnent rendez-vous \u00e0 20 heures pour la pr\u00e9sentation de l\u2019affiche, des enjeux et des derni\u00e8res actualit\u00e9s de la comp\u00e9tition. Ils d\u00e9cryptent ensuite les performances des \u00e9quipes, analysent les r\u00e9sultats et reviennent sur les temps forts de la soir\u00e9e.<\/p>\n","protected":false},"excerpt":{"rendered":"Ce mardi, tous les regards seront tourn\u00e9s vers Katowice pour le choc France \u2013 Pologne, l\u2019une des affiches&hellip;\n","protected":false},"author":2,"featured_media":360035,"comment_status":"","ping_status":"","sticky":false,"template":"","format":"standard","meta":{"footnotes":""},"categories":[4],"tags":[11,34720,49014,1011,27,49555,749,12,25,6718],"class_list":{"0":"post-360034","1":"post","2":"type-post","3":"status-publish","4":"format-standard","5":"has-post-thumbnail","7":"category-france","8":"tag-actualites","9":"tag-eurobasket","10":"tag-eurobasket-2025","11":"tag-fr","12":"tag-france","13":"tag-france-pologne","14":"tag-guide-shopping","15":"tag-news","16":"tag-republique-francaise","17":"tag-tv-streaming"},"share_on_mastodon":{"url":"https:\/\/pubeurope.com\/@fr\/115133078863589794","error":""},"_links":{"self":[{"href":"https:\/\/www.europesays.com\/fr\/wp-json\/wp\/v2\/posts\/360034","targetHints":{"allow":["GET"]}}],"collection":[{"href":"https:\/\/www.europesays.com\/fr\/wp-json\/wp\/v2\/posts"}],"about":[{"href":"https:\/\/www.europesays.com\/fr\/wp-json\/wp\/v2\/types\/post"}],"author":[{"embeddable":true,"href":"https:\/\/www.europesays.com\/fr\/wp-json\/wp\/v2\/users\/2"}],"replies":[{"embeddable":true,"href":"https:\/\/www.europesays.com\/fr\/wp-json\/wp\/v2\/comments?post=360034"}],"version-history":[{"count":0,"href":"https:\/\/www.europesays.com\/fr\/wp-json\/wp\/v2\/posts\/360034\/revisions"}],"wp:featuredmedia":[{"embeddable":true,"href":"https:\/\/www.europesays.com\/fr\/wp-json\/wp\/v2\/media\/360035"}],"wp:attachment":[{"href":"https:\/\/www.europesays.com\/fr\/wp-json\/wp\/v2\/media?parent=360034"}],"wp:term":[{"taxonomy":"category","embeddable":true,"href":"https:\/\/www.europesays.com\/fr\/wp-json\/wp\/v2\/categories?post=360034"},{"taxonomy":"post_tag","embeddable":true,"href":"https:\/\/www.europesays.com\/fr\/wp-json\/wp\/v2\/tags?post=360034"}],"curies":[{"name":"wp","href":"https:\/\/api.w.org\/{rel}","templated":true}]}}