{"id":360036,"date":"2025-09-02T05:35:10","date_gmt":"2025-09-02T05:35:10","guid":{"rendered":"https:\/\/www.europesays.com\/fr\/360036\/"},"modified":"2025-09-02T05:35:10","modified_gmt":"2025-09-02T05:35:10","slug":"lucille-vandal-realise-un-trou-dun-coup-de-124-verges","status":"publish","type":"post","link":"https:\/\/www.europesays.com\/fr\/360036\/","title":{"rendered":"Lucille Vandal r\u00e9alise un trou d\u2019un coup de 124 verges"},"content":{"rendered":"<p><strong>La golfeuse de Charlevoix, Lucille Vandal, a v\u00e9cu un moment m\u00e9morable sur les verts du Club de golf le Loup de Baie-Saint-Paul. <\/strong><\/p>\n<p>Elle a r\u00e9ussi un trou d\u2019un coup au 14e trou, un par 3 de 124 verges, en utilisant un bois 7 .<\/p>\n<p>Elle \u00e9tait accompagn\u00e9e de Claude Gauthier, Dany Simard et Gaston Duchesne, t\u00e9moins privil\u00e9gi\u00e9s de cet exploit dans le monde du golf amateur.<\/p>\n<p><img loading=\"lazy\" decoding=\"async\" width=\"890\" height=\"500\" src=\"https:\/\/www.europesays.com\/fr\/wp-content\/uploads\/2025\/09\/2928028255090804637-890x500.jpeg\" alt=\"\" class=\"wp-image-274213 lazy\"\/><\/p>\n","protected":false},"excerpt":{"rendered":"La golfeuse de Charlevoix, Lucille Vandal, a v\u00e9cu un moment m\u00e9morable sur les verts du Club de golf&hellip;\n","protected":false},"author":2,"featured_media":360037,"comment_status":"","ping_status":"","sticky":false,"template":"","format":"standard","meta":{"footnotes":""},"categories":[1418],"tags":[1011,27,1472,60],"class_list":{"0":"post-360036","1":"post","2":"type-post","3":"status-publish","4":"format-standard","5":"has-post-thumbnail","7":"category-golf","8":"tag-fr","9":"tag-france","10":"tag-golf","11":"tag-sports"},"share_on_mastodon":{"url":"https:\/\/pubeurope.com\/@fr\/115133083058026525","error":""},"_links":{"self":[{"href":"https:\/\/www.europesays.com\/fr\/wp-json\/wp\/v2\/posts\/360036","targetHints":{"allow":["GET"]}}],"collection":[{"href":"https:\/\/www.europesays.com\/fr\/wp-json\/wp\/v2\/posts"}],"about":[{"href":"https:\/\/www.europesays.com\/fr\/wp-json\/wp\/v2\/types\/post"}],"author":[{"embeddable":true,"href":"https:\/\/www.europesays.com\/fr\/wp-json\/wp\/v2\/users\/2"}],"replies":[{"embeddable":true,"href":"https:\/\/www.europesays.com\/fr\/wp-json\/wp\/v2\/comments?post=360036"}],"version-history":[{"count":0,"href":"https:\/\/www.europesays.com\/fr\/wp-json\/wp\/v2\/posts\/360036\/revisions"}],"wp:featuredmedia":[{"embeddable":true,"href":"https:\/\/www.europesays.com\/fr\/wp-json\/wp\/v2\/media\/360037"}],"wp:attachment":[{"href":"https:\/\/www.europesays.com\/fr\/wp-json\/wp\/v2\/media?parent=360036"}],"wp:term":[{"taxonomy":"category","embeddable":true,"href":"https:\/\/www.europesays.com\/fr\/wp-json\/wp\/v2\/categories?post=360036"},{"taxonomy":"post_tag","embeddable":true,"href":"https:\/\/www.europesays.com\/fr\/wp-json\/wp\/v2\/tags?post=360036"}],"curies":[{"name":"wp","href":"https:\/\/api.w.org\/{rel}","templated":true}]}}