{"id":360038,"date":"2025-09-02T05:37:10","date_gmt":"2025-09-02T05:37:10","guid":{"rendered":"https:\/\/www.europesays.com\/fr\/360038\/"},"modified":"2025-09-02T05:37:10","modified_gmt":"2025-09-02T05:37:10","slug":"gros-coup-dur-pour-le-stade-toulousain","status":"publish","type":"post","link":"https:\/\/www.europesays.com\/fr\/360038\/","title":{"rendered":"Gros coup dur pour le Stade Toulousain"},"content":{"rendered":"<p><strong>Alors que le championnat reprend<br \/>\nses droits ce dimanche, le champion en titre devra composer avec de<br \/>\nnombreux absents pour cette reprise.<\/strong><\/p>\n<p>J-4 avant le grand retour du Top 14. A peine plus de deux mois<br \/>\napr\u00e8s le nouveau sacre du Stade Toulousain au Stade de France, le<br \/>\nchampionnat est de retour. Et si le Stade Fran\u00e7ais et Montauban<br \/>\nouvriront le bal, samedi d\u00e8s 13h, le choc de cette premi\u00e8re journ\u00e9e<br \/>\nmettra aux prises Clermont et Toulouse, dimanche soir.<\/p>\n<p>La reprise ne s\u2019annonce donc pas simple pour les Rouge et Noir<br \/>\net l\u2019affaire sera d\u2019autant plus compliqu\u00e9e en Auvergne pour les<br \/>\nToulousains qu\u2019ils seront priv\u00e9s de nombreux joueurs pour cette<br \/>\nreprise.<\/p>\n<blockquote class=\"twitter-tweet\"><p><a class=\"twitter-link\" rel=\"noindex, nofollow noopener\" href=\"https:\/\/twitter.com\/sports_fr\/status\/1962545625850945718\" target=\"_blank\"><\/p><\/blockquote>\n<p>Outre Antoine Dupont et Peato Mauvaka, absents de longue date et<br \/>\ndont le retour sur les pelouses n\u2019est pas attendu avant fin<br \/>\nnovembre pour le premier d\u00e9but 2026 pour le second, Ange Capuozzo<br \/>\n(cheville) et Mathis Castro-Ferrreira (\u00e9paule) sont \u00e9galement<br \/>\ntoujours sur le flanc, de m\u00eame que Jack Willis et David Ainu\u2019u, qui<br \/>\npoursuivent leur r\u00e9athl\u00e9tisation en vue d\u2019un retour \u00e0 la<br \/>\ncomp\u00e9tition.<\/p>\n<p>Teddy Thomas manquera la reprise<\/p>\n<p>De leur c\u00f4t\u00e9, Juan Cruz Mallia, Santiago Chocobares et Tomas<br \/>\nRapetti\u00a0sont actuellement avec l\u2019Argentine pour disputer le<br \/>\nRugby Championship et ne seront pas de retour avant mi-octobre.<br \/>\nAutant d\u2019absences n\u00e9anmoins connues de longue date.<\/p>\n<p>Mais les derni\u00e8res semaines de pr\u00e9paration ont \u00e9galement caus\u00e9<br \/>\ndes d\u00e9g\u00e2ts au sein de l\u2019effectif toulousain. Nelson Ep\u00e9e a ainsi<br \/>\n\u00e9t\u00e9 victime d\u2019une entorse \u00e0 la cheville lors du match de<br \/>\npr\u00e9paration face \u00e0 Bayonne et sera absent entre quatre et six<br \/>\nsemaines. Arriv\u00e9 cet \u00e9t\u00e9 \u00e0 Toulouse l\u2019ailier Teddy Thomas manquera<br \/>\nainsi le match d\u2019ouverture en raison d\u2019un probl\u00e8me musculaire et il<br \/>\nen sera de m\u00eame du pilier droit Georges-Henri Colombe et du<br \/>\ntrois-quarts centre Paul Costes. S\u2019il a repris l\u2019entra\u00eenement,<br \/>\nBlair Kinghorn manquera \u00e9galement \u00e0 l\u2019appel et ne sera de retour<br \/>\nque pour le deuxi\u00e8me match contre Perpignan.<\/p>\n<p>Le staff toulousain a n\u00e9anmoins enregistr\u00e9 quelques bonnes<br \/>\nnouvelles au premier rang desquelles la bonne forme affich\u00e9e par<br \/>\nRomain Ntamack, op\u00e9r\u00e9 du genou juste apr\u00e8s la finale victorieuse<br \/>\nface \u00e0 l\u2019UBB.<\/p>\n<p><script async src=\"https:\/\/platform.twitter.com\/widgets.js\" charset=\"utf-8\"><\/script><\/p>\n","protected":false},"excerpt":{"rendered":"Alors que le championnat reprend ses droits ce dimanche, le champion en titre devra composer avec de nombreux&hellip;\n","protected":false},"author":2,"featured_media":360039,"comment_status":"","ping_status":"","sticky":false,"template":"","format":"standard","meta":{"footnotes":""},"categories":[1416],"tags":[1011,27,479,1468,60],"class_list":{"0":"post-360038","1":"post","2":"type-post","3":"status-publish","4":"format-standard","5":"has-post-thumbnail","7":"category-rugby","8":"tag-fr","9":"tag-france","10":"tag-rugby","11":"tag-rugby-football","12":"tag-sports"},"share_on_mastodon":{"url":"https:\/\/pubeurope.com\/@fr\/115133090693169510","error":""},"_links":{"self":[{"href":"https:\/\/www.europesays.com\/fr\/wp-json\/wp\/v2\/posts\/360038","targetHints":{"allow":["GET"]}}],"collection":[{"href":"https:\/\/www.europesays.com\/fr\/wp-json\/wp\/v2\/posts"}],"about":[{"href":"https:\/\/www.europesays.com\/fr\/wp-json\/wp\/v2\/types\/post"}],"author":[{"embeddable":true,"href":"https:\/\/www.europesays.com\/fr\/wp-json\/wp\/v2\/users\/2"}],"replies":[{"embeddable":true,"href":"https:\/\/www.europesays.com\/fr\/wp-json\/wp\/v2\/comments?post=360038"}],"version-history":[{"count":0,"href":"https:\/\/www.europesays.com\/fr\/wp-json\/wp\/v2\/posts\/360038\/revisions"}],"wp:featuredmedia":[{"embeddable":true,"href":"https:\/\/www.europesays.com\/fr\/wp-json\/wp\/v2\/media\/360039"}],"wp:attachment":[{"href":"https:\/\/www.europesays.com\/fr\/wp-json\/wp\/v2\/media?parent=360038"}],"wp:term":[{"taxonomy":"category","embeddable":true,"href":"https:\/\/www.europesays.com\/fr\/wp-json\/wp\/v2\/categories?post=360038"},{"taxonomy":"post_tag","embeddable":true,"href":"https:\/\/www.europesays.com\/fr\/wp-json\/wp\/v2\/tags?post=360038"}],"curies":[{"name":"wp","href":"https:\/\/api.w.org\/{rel}","templated":true}]}}