{"id":36004,"date":"2025-04-19T08:06:10","date_gmt":"2025-04-19T08:06:10","guid":{"rendered":"https:\/\/www.europesays.com\/fr\/36004\/"},"modified":"2025-04-19T08:06:10","modified_gmt":"2025-04-19T08:06:10","slug":"giorgia-meloni-gagne-la-bienveillance-de-donald-trump-au-prix-fort","status":"publish","type":"post","link":"https:\/\/www.europesays.com\/fr\/36004\/","title":{"rendered":"Giorgia Meloni gagne la bienveillance de Donald Trump au prix fort"},"content":{"rendered":"<p><strong>D\u00c9CRYPTAGE <\/strong>&#8211; Entre louanges et promesse de visite, la chef du gouvernement italien a d\u00fb consentir \u00e0 des engagements tr\u00e8s avantageux pour Washington.<\/p>\n<p class=\"fig-paragraph\">La visite de\u00a0<a href=\"http:\/\/www.lefigaro.fr\/international\/make-occident-great-again-a-washington-giorgia-meloni-remporte-un-succes-au-moins-symbolique-20250418\" data-fig-type=\"NewsFlash\" data-gtm-custom-categorie=\"navigation\" data-gtm-custom-action=\"crossclick\" data-gtm-custom-label=\"Contextuel\" data-gtm-event=\"customEventSPE\" data-fig-domain=\"LEFIGARO\" rel=\"nofollow noopener\" target=\"_blank\">Giorgia Meloni \u00e0 Donald Trump<\/a>, suivie hier par la venue \u00e0 Rome du vice-pr\u00e9sident JD Vance, n\u2019aurait pu mieux se passer. \u00c0 Washington d\u2019abord, le pr\u00e9sident am\u00e9ricain a couvert son invit\u00e9e de louanges personnelles lors de la conf\u00e9rence de presse\u00a0: \u00ab\u00a0Meloni, un des v\u00e9ritables leaders mondiaux\u00a0\u00bb, \u00ab\u00a0Meloni devenue une amie\u00a0\u00bb, \u00ab\u00a0qui fait un excellent travail en Italie.\u00a0\u00bb \u00ab\u00a0Sur le plan m\u00e9diatique, cette rencontre est un vrai succ\u00e8s\u00a0\u00bb r\u00e9sume Emidio Diodato, professeur de relations internationales \u00e0 l\u2019universit\u00e9 pour \u00e9trangers de P\u00e9rouse.<\/p>\n<p class=\"fig-paragraph\">Mieux encore\u00a0: Giorgia Meloni ne sera pas revenue \u00e0\u00a0<a href=\"http:\/\/www.lefigaro.fr\/arts-expositions\/a-rome-la-plus-importante-reunion-de-toiles-du-caravage-depuis-plus-d-un-demi-siecle-20250416\" data-fig-type=\"Article\" data-gtm-custom-categorie=\"navigation\" data-gtm-custom-action=\"crossclick\" data-gtm-custom-label=\"Contextuel\" data-gtm-event=\"customEventSPE\" data-fig-domain=\"LEFIGARO\" rel=\"nofollow noopener\" target=\"_blank\">Rome\u00a0<\/a>les mains vides. R\u00e9pondant \u00e0 son invitation, le pr\u00e9sident am\u00e9ricain a accept\u00e9 de venir prochainement en visite officielle en Italie. Et alors que la pr\u00e9sidente du Conseil des ministres d\u2019Italie avait propos\u00e9 d\u2019\u00e9largir l\u2019\u00e9v\u00e9nement \u00e0 l\u2019Europe, les deux ont fait savoir dans un communiqu\u00e9 commun hier que cette possibilit\u00e9 \u00ab\u00a0sera \u00e0 l\u2019\u00e9tude.\u00a0\u00bb \u00ab\u00a0La venue du pr\u00e9sident\u2026<\/p>\n<p class=\"fig-premium-paywall__infos\">\n        Cet article est r\u00e9serv\u00e9 aux abonn\u00e9s.        Il vous reste 80% \u00e0 d\u00e9couvrir.\n    <\/p>\n<p>                <img  data- alt=\"Le Figaro\" class=\"fig-img--complete fig-img\"\/><\/p>\n<p class=\"fig-premium-paywall__title\">Vous avez envie de lire la suite ?<\/p>\n<p class=\"fig-premium-paywall__subtitle\">D\u00e9bloquez tous les articles imm\u00e9diatement.<\/p>\n<p class=\"fig-premium-paywall__connect\">\n                D\u00e9j\u00e0 abonn\u00e9\u00a0?                <a class=\"fig-premium-paywall__connect-link\" href=\"https:\/\/connect.lefigaro.fr\/login?client=horizon_web&amp;type=main&amp;redirect_uri=https%3A%2F%2Fwww.lefigaro.fr%2Finternational%2Fgiorgia-meloni-gagne-la-bienveillance-de-donald-trump-au-prix-fort-20250418\" data-js-gtm=\"{&quot;customCategorie&quot;: &quot;conversion&quot;, &quot;customAction&quot;: &quot;before_Landing_Connexion_paywall_auto&quot;, &quot;customLabel&quot;: &quot;bGVmaWdhcm8uZnJfXzFmMDFjNjQ3LWVkOTgtNjQ0Yy1iNWI5LTZmZGRkNmYxOTFlZV9fQXJ0aWNsZQ==_Giorgia Meloni gagne la bienveillance de Donald Trump au prix fort_427&quot;, &quot;customIDSPE&quot;: &quot;bGVmaWdhcm8uZnJfXzFmMDFjNjQ3LWVkOTgtNjQ0Yy1iNWI5LTZmZGRkNmYxOTFlZV9fQXJ0aWNsZQ==&quot;, &quot;event&quot;: &quot;customEventSPE&quot;}\" rel=\"nofollow noopener\" target=\"_blank\"><br \/>\n                    Connectez-vous<br \/>\n                <\/a>\n            <\/p>\n","protected":false},"excerpt":{"rendered":"D\u00c9CRYPTAGE &#8211; Entre louanges et promesse de visite, la chef du gouvernement italien a d\u00fb consentir \u00e0 des&hellip;\n","protected":false},"author":2,"featured_media":36005,"comment_status":"","ping_status":"","sticky":false,"template":"","format":"standard","meta":{"footnotes":""},"categories":[2],"tags":[259,11,260,75,73,1011,27,3044,14,452,261,12,262,25],"class_list":{"0":"post-36004","1":"post","2":"type-post","3":"status-publish","4":"format-standard","5":"has-post-thumbnail","7":"category-actualites","8":"tag-actualite-internationale","9":"tag-actualites","10":"tag-affaires-etrangeres","11":"tag-donald-trump","12":"tag-etats-unis","13":"tag-fr","14":"tag-france","15":"tag-giorgia-meloni","16":"tag-international","17":"tag-italie","18":"tag-ministere-des-affaires-etrangeres","19":"tag-news","20":"tag-politique-etrangere","21":"tag-republique-francaise"},"share_on_mastodon":{"url":"https:\/\/pubeurope.com\/@fr\/114363602301401350","error":""},"_links":{"self":[{"href":"https:\/\/www.europesays.com\/fr\/wp-json\/wp\/v2\/posts\/36004","targetHints":{"allow":["GET"]}}],"collection":[{"href":"https:\/\/www.europesays.com\/fr\/wp-json\/wp\/v2\/posts"}],"about":[{"href":"https:\/\/www.europesays.com\/fr\/wp-json\/wp\/v2\/types\/post"}],"author":[{"embeddable":true,"href":"https:\/\/www.europesays.com\/fr\/wp-json\/wp\/v2\/users\/2"}],"replies":[{"embeddable":true,"href":"https:\/\/www.europesays.com\/fr\/wp-json\/wp\/v2\/comments?post=36004"}],"version-history":[{"count":0,"href":"https:\/\/www.europesays.com\/fr\/wp-json\/wp\/v2\/posts\/36004\/revisions"}],"wp:featuredmedia":[{"embeddable":true,"href":"https:\/\/www.europesays.com\/fr\/wp-json\/wp\/v2\/media\/36005"}],"wp:attachment":[{"href":"https:\/\/www.europesays.com\/fr\/wp-json\/wp\/v2\/media?parent=36004"}],"wp:term":[{"taxonomy":"category","embeddable":true,"href":"https:\/\/www.europesays.com\/fr\/wp-json\/wp\/v2\/categories?post=36004"},{"taxonomy":"post_tag","embeddable":true,"href":"https:\/\/www.europesays.com\/fr\/wp-json\/wp\/v2\/tags?post=36004"}],"curies":[{"name":"wp","href":"https:\/\/api.w.org\/{rel}","templated":true}]}}