{"id":360042,"date":"2025-09-02T05:40:12","date_gmt":"2025-09-02T05:40:12","guid":{"rendered":"https:\/\/www.europesays.com\/fr\/360042\/"},"modified":"2025-09-02T05:40:12","modified_gmt":"2025-09-02T05:40:12","slug":"marquez-encense-acosta-et-predit-un-avenir-en-or","status":"publish","type":"post","link":"https:\/\/www.europesays.com\/fr\/360042\/","title":{"rendered":"M\u00e1rquez encense Acosta et pr\u00e9dit un avenir en or"},"content":{"rendered":"<p>Pour M\u00e1rquez, les performances d\u00e9j\u00e0 affich\u00e9es par Acosta ne laissent aucun doute. \u00c0 seulement 21 ans, le pilote KTM impressionne par sa maturit\u00e9, sa vitesse et sa capacit\u00e9 \u00e0 s\u2019adapter rapidement au MotoGP. De quoi le placer sur la voie royale pour devenir l\u2019un des hommes forts du plateau.<\/p>\n<p>\u00a0<\/p>\n<p><b>Une libert\u00e9 future<\/b><\/p>\n<p>M\u00e1rquez va plus loin en affirmant qu\u2019Acosta pourrait bient\u00f4t disposer du luxe ultime dans ce sport : choisir son guidon. Si sa progression se confirme, 2027 pourrait marquer l\u2019ann\u00e9e o\u00f9 il d\u00e9cidera de rejoindre l\u2019\u00e9quipe de son choix, tant son profil s\u00e9duit d\u00e9j\u00e0 constructeurs et observateurs.<\/p>\n<blockquote>\n<p>\u201cOn ne sait pas ce qu&rsquo;Acosta ferait sur une Ducati. Ce que je pense, c&rsquo;est que s&rsquo;il continue \u00e0 le faire comme il le fait, dans un an et demi, il pourra aller dans la marque qu&rsquo;il veut. Il a un grand avenir devant lui, il l&rsquo;a prouv\u00e9, il a beaucoup de talent. En MotoGP, un Mart\u00edn, un Bezzecchi, un Acosta et un Aldeguer se sont maintenant r\u00e9unis, qui sont appel\u00e9s \u00e0 marquer le MotoGP du futur.\u201d D\u00e9clare M\u00e1rquez, source : <a href=\"http:\/\/motorsport.es\" target=\"_blank\" rel=\"noopener\">motorsport.es<\/a>\u00a0<\/p>\n<\/blockquote>\n<p>En comparant Acosta aux plus grands espoirs, M\u00e1rquez envoie un signal fort. Pour lui, le jeune Espagnol est destin\u00e9 \u00e0 r\u00e9gner en MotoGP et \u00e0 s\u2019offrir une libert\u00e9 rare dans ce sport : celle de dessiner lui-m\u00eame son avenir.<\/p>\n<p>    Partagez cette info avec vos amis et vos proches en cliquant ici  <\/p>\n<p> Podcasts \u00e0 la une MEN LIFE <\/p>\n<p>    MotoGP : M\u00e1rquez voit en Acosta le futur ma\u00eetre du paddock<\/p>\n<p>Marc M\u00e1rquez ne cache pas son admiration pour Pedro Acosta. \u00c0 seulement 21 ans, le prodige espagnol impressionne d\u00e9j\u00e0 par sa maturit\u00e9 et sa vitesse. Pour M\u00e1rquez, d\u2019ici 2027, il sera en position de choisir l\u2019\u00e9quipe et la moto qu\u2019il voudra, un privil\u00e8ge r\u00e9serv\u00e9 aux plus grands.<\/p>\n<p>R\u00e9dacteur<\/p>\n<p><img decoding=\"async\" width=\"76\" height=\"76\" loading=\"lazy\" src=\"https:\/\/www.europesays.com\/fr\/wp-content\/uploads\/2025\/04\/avatar-sport-am.png\" alt=\"Victor Teyssier\"\/><\/p>\n","protected":false},"excerpt":{"rendered":"Pour M\u00e1rquez, les performances d\u00e9j\u00e0 affich\u00e9es par Acosta ne laissent aucun doute. \u00c0 seulement 21 ans, le pilote&hellip;\n","protected":false},"author":2,"featured_media":360043,"comment_status":"","ping_status":"","sticky":false,"template":"","format":"standard","meta":{"footnotes":""},"categories":[1413],"tags":[1011,27,1457,1456,60],"class_list":{"0":"post-360042","1":"post","2":"type-post","3":"status-publish","4":"format-standard","5":"has-post-thumbnail","7":"category-moto","8":"tag-fr","9":"tag-france","10":"tag-moto","11":"tag-motocycle","12":"tag-sports"},"share_on_mastodon":{"url":"https:\/\/pubeurope.com\/@fr\/115133102877441634","error":""},"_links":{"self":[{"href":"https:\/\/www.europesays.com\/fr\/wp-json\/wp\/v2\/posts\/360042","targetHints":{"allow":["GET"]}}],"collection":[{"href":"https:\/\/www.europesays.com\/fr\/wp-json\/wp\/v2\/posts"}],"about":[{"href":"https:\/\/www.europesays.com\/fr\/wp-json\/wp\/v2\/types\/post"}],"author":[{"embeddable":true,"href":"https:\/\/www.europesays.com\/fr\/wp-json\/wp\/v2\/users\/2"}],"replies":[{"embeddable":true,"href":"https:\/\/www.europesays.com\/fr\/wp-json\/wp\/v2\/comments?post=360042"}],"version-history":[{"count":0,"href":"https:\/\/www.europesays.com\/fr\/wp-json\/wp\/v2\/posts\/360042\/revisions"}],"wp:featuredmedia":[{"embeddable":true,"href":"https:\/\/www.europesays.com\/fr\/wp-json\/wp\/v2\/media\/360043"}],"wp:attachment":[{"href":"https:\/\/www.europesays.com\/fr\/wp-json\/wp\/v2\/media?parent=360042"}],"wp:term":[{"taxonomy":"category","embeddable":true,"href":"https:\/\/www.europesays.com\/fr\/wp-json\/wp\/v2\/categories?post=360042"},{"taxonomy":"post_tag","embeddable":true,"href":"https:\/\/www.europesays.com\/fr\/wp-json\/wp\/v2\/tags?post=360042"}],"curies":[{"name":"wp","href":"https:\/\/api.w.org\/{rel}","templated":true}]}}