{"id":360044,"date":"2025-09-02T05:41:10","date_gmt":"2025-09-02T05:41:10","guid":{"rendered":"https:\/\/www.europesays.com\/fr\/360044\/"},"modified":"2025-09-02T05:41:10","modified_gmt":"2025-09-02T05:41:10","slug":"le-programme-complet-du-week-end-de-f2-et-f3-a-monza","status":"publish","type":"post","link":"https:\/\/www.europesays.com\/fr\/360044\/","title":{"rendered":"Le programme complet du week-end de F2 et F3 \u00e0 Monza"},"content":{"rendered":"<p>\u00c0 Monza, les hostilit\u00e9s vont sonner comme la fin de la partie en ce qui concerne la <a href=\"https:\/\/www.autohebdo.fr\/actualites\/monoplace\/formule-3\" data-internallinksmanager029f6b8e52c=\"62\" title=\"Formule 3\" rel=\"nofollow noopener\" target=\"_blank\">Formule 3<\/a>. D\u00e9j\u00e0 champion, Rafael C\u00e2mara (Trident) a r\u00e9alis\u00e9 une saison record \u00e0 tous points de vue, devenant notamment le premier pilote de la cat\u00e9gorie \u00e0 \u00eatre titr\u00e9 avant la fin de la saison depuis George Russell en 2017. En support du Grand Prix d\u2019Italie, ce week-end de F3 s\u2019annonce donc fort en \u00e9motions pour celui soutenu depuis 2022 par la <a href=\"https:\/\/www.autohebdo.fr\/actualites\/ecurie\/ferrari\" data-internallinksmanager029f6b8e52c=\"74\" title=\"Ferrari\" rel=\"nofollow noopener\" target=\"_blank\">Ferrari<\/a> Driver Academy. Les Fran\u00e7ais Th\u00e9ophile Na\u00ebl (VAR) et Alessandro Giusti (MP Motorsport) pourront notamment tenter de tirer leur \u00e9pingle du jeu une derni\u00e8re fois pour parachever leur premi\u00e8re saison dans la discipline, d\u00e9j\u00e0 forts de plusieurs podiums cette ann\u00e9e.<\/p>\n<\/p>\n<p>En <a href=\"https:\/\/www.autohebdo.fr\/actualites\/monoplace\/formule-2\" data-internallinksmanager029f6b8e52c=\"14\" title=\"Formule 2\" rel=\"nofollow noopener\" target=\"_blank\">Formule 2<\/a> en revanche, l\u2019enjeu est total. Leonardo Fornaroli (Invicta), alors champion de F3 avant Rafael C\u00e2mara, est leader du championnat gr\u00e2ce \u00e0 des victoires r\u00e9centes mais probantes. Il a notamment d\u00e9pass\u00e9 Jak Crawford (DAMS) et Richard Verschoor (MP Motorsport) au g\u00e9n\u00e9ral. Les trois pilotes se tiennent en 19 points \u00e0 quatre rendez-vous de la fin de l\u2019exercice en cours. Non loin de l\u00e0, Luke Browning (Hitech), ou encore Alexander Dunne (Rodin) peuvent encore pr\u00e9tendre \u00e0 la couronne, mais vont devoir se montrer plus que r\u00e9guliers pour tenter de bousculer l\u2019ordre \u00e9tabli.<\/p>\n<p><strong>\u00c0 LIRE AUSSI &gt; <a href=\"https:\/\/www.autohebdo.fr\/actualites\/monoplace\/formule-2\/championnats-f2-f3-2025-les-classements-apres-la-hongrie.html\" target=\"_blank\" rel=\"noopener nofollow\">Championnats F2, F3 2025 \u2013 Les classements apr\u00e8s la Hongrie<\/a><\/strong><\/p>\n<p>\u00a0\ud83d\udcca L\u2019Autodromo nazionale di Monza (Italie) en chiffres<\/p>\n<p><a href=\"https:\/\/www.autohebdo.fr\/app\/uploads\/2025\/09\/Italy_Circuit.avif\" rel=\"nofollow noopener\" target=\"_blank\"><img fetchpriority=\"high\" decoding=\"async\" class=\"aligncenter size-full wp-image-629782\" src=\"https:\/\/www.autohebdo.fr\/app\/uploads\/2025\/09\/Italy_Circuit.avif\" alt=\"\" width=\"1252\" height=\"704\"  \/><\/a><\/p>\n<ul>\n<li><strong>Longueur<\/strong> : 5,793 km<\/li>\n<li><strong>Nombre de tours en course sprint<\/strong> : 21 tours (F2) | 18 tours (F3)<\/li>\n<li><strong>Nombre de tours en course principale<\/strong> : 30 tours (F2) | 22 tours (F3)<\/li>\n<li><strong>Record du tour (F2)<\/strong> : 1:30.982 \u2013 Nobuharu Matsushita (ART Grand Prix) 2017<\/li>\n<li><strong>Record du tour (F3)<\/strong> : 1:37.559 \u2013 Alexander Smolyar (MP Motorsport) 2022<\/li>\n<li><strong>Zones DRS<\/strong> : 2<\/li>\n<\/ul>\n<p>\ud83d\udd52 Horaires et cha\u00eenes TV des s\u00e9ances de F2 et F3 \u00e0 Monza (Italie)<br \/>\nFormule 2<\/p>\n<p><strong>Vendredi 5 septembre<\/strong><br \/><strong>15h45 \u2013<\/strong>\u00a0Qualifications (Canal+ Sport)<\/p>\n<p><strong>Samedi 6 septembre<\/strong><br \/><strong>14h05 \u2013<\/strong>\u00a0Course Sprint (Canal+ Sport)<\/p>\n<p><strong>Dimanche 7 septembre<\/strong><br \/><strong>9h35 \u2013<\/strong>\u00a0Course Principale (Canal+ Sport)<\/p>\n<p>Formule 3<\/p>\n<p><strong>Vendredi 5 septembre<\/strong><br \/><strong>14h55 \u2013<\/strong>\u00a0Qualifications (Canal+ Sport)<\/p>\n<p><strong>Samedi 6 septembre<\/strong><br \/><strong>9h05 \u2013<\/strong>\u00a0Course Sprint (Canal+ Sport)<\/p>\n<p><strong>Dimanche 7 septembre<\/strong><br \/><strong>8h05 \u2013<\/strong>\u00a0Course Principale (Canal+ Sport)<\/p>\n","protected":false},"excerpt":{"rendered":"\u00c0 Monza, les hostilit\u00e9s vont sonner comme la fin de la partie en ce qui concerne la Formule&hellip;\n","protected":false},"author":2,"featured_media":360045,"comment_status":"","ping_status":"","sticky":false,"template":"","format":"standard","meta":{"footnotes":""},"categories":[1412],"tags":[1451,1452,1453,1454,1455,1011,27,60],"class_list":{"0":"post-360044","1":"post","2":"type-post","3":"status-publish","4":"format-standard","5":"has-post-thumbnail","7":"category-f1","8":"tag-f1","9":"tag-formula-1","10":"tag-formula1","11":"tag-formule-1","12":"tag-formule1","13":"tag-fr","14":"tag-france","15":"tag-sports"},"share_on_mastodon":{"url":"https:\/\/pubeurope.com\/@fr\/115133106379086456","error":""},"_links":{"self":[{"href":"https:\/\/www.europesays.com\/fr\/wp-json\/wp\/v2\/posts\/360044","targetHints":{"allow":["GET"]}}],"collection":[{"href":"https:\/\/www.europesays.com\/fr\/wp-json\/wp\/v2\/posts"}],"about":[{"href":"https:\/\/www.europesays.com\/fr\/wp-json\/wp\/v2\/types\/post"}],"author":[{"embeddable":true,"href":"https:\/\/www.europesays.com\/fr\/wp-json\/wp\/v2\/users\/2"}],"replies":[{"embeddable":true,"href":"https:\/\/www.europesays.com\/fr\/wp-json\/wp\/v2\/comments?post=360044"}],"version-history":[{"count":0,"href":"https:\/\/www.europesays.com\/fr\/wp-json\/wp\/v2\/posts\/360044\/revisions"}],"wp:featuredmedia":[{"embeddable":true,"href":"https:\/\/www.europesays.com\/fr\/wp-json\/wp\/v2\/media\/360045"}],"wp:attachment":[{"href":"https:\/\/www.europesays.com\/fr\/wp-json\/wp\/v2\/media?parent=360044"}],"wp:term":[{"taxonomy":"category","embeddable":true,"href":"https:\/\/www.europesays.com\/fr\/wp-json\/wp\/v2\/categories?post=360044"},{"taxonomy":"post_tag","embeddable":true,"href":"https:\/\/www.europesays.com\/fr\/wp-json\/wp\/v2\/tags?post=360044"}],"curies":[{"name":"wp","href":"https:\/\/api.w.org\/{rel}","templated":true}]}}