{"id":360050,"date":"2025-09-02T05:44:10","date_gmt":"2025-09-02T05:44:10","guid":{"rendered":"https:\/\/www.europesays.com\/fr\/360050\/"},"modified":"2025-09-02T05:44:10","modified_gmt":"2025-09-02T05:44:10","slug":"cyril-hanouna-sur-w-9-tout-beau-mais-rien-de-neuf-ce-quil-faut-retenir-de-sa-nouvelle-emission","status":"publish","type":"post","link":"https:\/\/www.europesays.com\/fr\/360050\/","title":{"rendered":"Cyril Hanouna sur W\u00a09\u00a0: \u00ab\u00a0Tout beau\u00a0\u00bb mais rien de neuf\u2026 Ce qu\u2019il faut retenir de sa nouvelle \u00e9mission"},"content":{"rendered":"<p class=\"paragraph text_align_left lp-f-body-02\">Priorit\u00e9 \u00e0 la continuit\u00e9. Ce lundi 1er septembre \u00e0 18h25, <a href=\"https:\/\/www.leparisien.fr\/culture-loisirs\/cyril-hanouna\/\" target=\"_blank\" rel=\"noreferrer nofollow noopener\">Cyril Hanouna<\/a> a fait son grand retour en direct \u00e0 la t\u00e9l\u00e9vision apr\u00e8s cinq mois de di\u00e8te cathodique. Une p\u00e9riode durant laquelle l\u2019animateur producteur de 50 ans a <a href=\"https:\/\/www.leparisien.fr\/culture-loisirs\/tv\/on-en-dit-le-moins-possible-ce-que-prepare-secretement-cyril-hanouna-sur-w-9-30-08-2025-7UETHFQZPRB55LSBLNX7UNRAZM.php\" target=\"_blank\" rel=\"noreferrer nofollow noopener\">discr\u00e8tement planch\u00e9 sur \u00ab Tout beau, tout n9uf \u00bb<\/a>, sa nouvelle quotidienne sur W 9 qui a rappel\u00e9 d\u00e8s sa premi\u00e8re <a href=\"https:\/\/www.leparisien.fr\/culture-loisirs\/tv\/la-derniere-de-touche-pas-a-mon-poste-rien-ne-sarrete-affirme-cyril-hanouna-26-03-2025-G2B3QNE2VRGPJDDP4VC5WZAUMY.php\" target=\"_blank\" rel=\"noreferrer nofollow noopener\">la d\u00e9funte \u00ab Touche pas \u00e0 mon poste \u00bb<\/a>.<\/p>\n<p class=\"paragraph text_align_left lp-f-body-02\">Feux de Bengale, \u00e9cran g\u00e9ant et musique \u00e0 fond, le programme de la Neuf veut marquer le coup d\u2019entr\u00e9e de jeu. Telle une \u00e9quipe de foot d\u00e9filent ainsi devant le studio <a href=\"https:\/\/www.leparisien.fr\/culture-loisirs\/tv\/tout-beau-tout-9-cyril-hanouna-devoile-les-chroniqueurs-pour-la-premiere-de-sa-nouvelle-emission-sur-w-9-09-08-2025-EB4FLAX4OBGNXBR7QNTAYS4H4M.php\" target=\"_blank\" rel=\"noreferrer nofollow noopener\">la vingtaine de chroniqueurs s\u00e9lectionn\u00e9s<\/a> pour participer \u00e0 sa premi\u00e8re saison. Pr\u00e9sent\u00e9s \u00e0 tour de r\u00f4le <a href=\"https:\/\/www.leparisien.fr\/culture-loisirs\/tv\/ex-star-de-fun-radio-des-annees-1990-speaker-du-psg-max-revient-sur-les-ondes-20-04-2025-HZDOPXNNIRA3HBJ3WPBHVUE3CY.php\" target=\"_blank\" rel=\"noreferrer nofollow noopener\">par Max, l\u2019ex star de Fun Radio<\/a> qui joue exceptionnellement les chauffeurs de salle, ils prennent place sur une estrade au-dessus de laquelle appara\u00eet Cyril Hanouna suspendu dans les airs telle une rock star.<\/p>\n<p class=\"paragraph text_align_left lp-f-body-02\">Une fois au sol et d\u00e9tach\u00e9, le nouveau visage du groupe M 6 improvise une danse endiabl\u00e9e sur le tapis rouge. \u00ab Est-ce que vous \u00eates chauds ce soir ? Les ch\u00e9ries, vous m\u2019avez manqu\u00e9 \u00bb, crie-t-il essouffl\u00e9 au micro, chemise en jean et lunettes de soleil sur le nez.<\/p>\n<p><img decoding=\"async\" class=\"image \" loading=\"lazy\" src=\"https:\/\/www.europesays.com\/fr\/wp-content\/uploads\/2025\/09\/LO5WNXLSCVCO5HLWKECTQMVDLY.jpg\" alt=\"Cyril Hanouna a pris le soin d'entretenir le suspense concernant le nouveau plateau de son \u00e9mission, se pr\u00e9sentant tout d'abord dans le noir. Capture d'\u00e9cran W9 \" align=\"\" data-rubrique-principale=\"\" data-article-type=\"\" fetchpriority=\"auto\"\/>Cyril Hanouna a pris le soin d&rsquo;entretenir le suspense concernant le nouveau plateau de son \u00e9mission, se pr\u00e9sentant tout d&rsquo;abord dans le noir. Capture d&rsquo;\u00e9cran W9<\/p>\n<p class=\"paragraph text_align_left lp-f-body-02\">Apr\u00e8s une rapide coupure pub, \u00ab Baba \u00bb (son surnom) r\u00e9appara\u00eet cette fois sur son nouveau plateau, qu\u2019il a pris soin de plonger dans le noir. En bon ma\u00eetre du suspense, il n\u2019accepte de le d\u00e9voiler qu\u2019apr\u00e8s un d\u00e9compte de 10 secondes scand\u00e9 par un public surchauff\u00e9. Se d\u00e9voile alors un joli d\u00e9cor aux couleurs chaudes rappelant fortement celui de \u00ab Touche pas \u00e0 mon poste \u00bb, bien que plus vaste.<\/p>\n<p class=\"paragraph text_align_left lp-f-body-02\">Autour de la table sont assis de nombreux piliers de l\u2019ancien talk-show de <a href=\"https:\/\/www.leparisien.fr\/culture-loisirs\/tv\/fin-du-tpmp-dhanouna-de-c8-et-de-nrj-12-ou-sont-passes-leurs-telespectateurs-08-04-2025-PKMUIEQP3JAMHHG3WFK5KUYCMI.php\" target=\"_blank\" rel=\"noreferrer nofollow noopener\">C8<\/a>, de G\u00e9raldine Maillet \u00e0 Raymond Aabou, en passant par Gilles Verdez et Val\u00e9rie B\u00e9na\u00efm. De quoi renforcer l\u2019impression de d\u00e9j\u00e0-vu, m\u00eame si quelques rares nouvelles t\u00eates sont aussi pr\u00e9sentes, \u00e0 l\u2019instar de l\u2019ancienne ministre <a href=\"https:\/\/www.leparisien.fr\/societe\/merci-pour-toutes-vos-idees-marlene-schiappa-demande-aux-internautes-de-laider-a-choisir-le-prenom-de-son-futur-enfant-31-05-2025-OLCPWL2UQRG2HP4YT42LPISTCI.php\" target=\"_blank\" rel=\"noreferrer nofollow noopener\">Marl\u00e8ne Schiappa<\/a>, et de Nelson Monfort, ex-journaliste sportif de France T\u00e9l\u00e9visions.<\/p>\n<p class=\"paragraph text_align_left lp-f-body-02\">Tour de table \u00e0 rallonge pour introduire l\u2019\u00e9mission, s\u00e9quence \u00ab J\u2019ai zapp\u00e9, j\u2019ai mat\u00e9 ? \u00bb, faits divers racont\u00e9s par Michel Mary, les fid\u00e8les de \u00ab TPMP \u00bb ne sont pas d\u00e9boussol\u00e9s. M\u00eame la politique, qui devait se faire discr\u00e8te aux dires de la direction de M 6, est au menu de ce lancement avec un d\u00e9bat sur une r\u00e9cente sortie de Fran\u00e7ois Bayrou sur les finances publiques.<\/p>\n<p class=\"paragraph text_align_left lp-f-body-02\">\u00ab Je dois dire le concept : super ! \u00bb ne manque d\u2019ailleurs pas d\u2019ironiser <a href=\"https:\/\/www.leparisien.fr\/culture-loisirs\/humour\/jai-vecu-des-moments-sombres-sobre-depuis-quatre-ans-gad-elmaleh-se-confie-dans-sept-a-huit-21-07-2025-46G7C5JZDFCJ7FEZ3DYFPZJDHE.php\" target=\"_blank\" rel=\"noreferrer nofollow noopener\">Gad Elmaleh<\/a>, l\u2019un des nombreux invit\u00e9s de la soir\u00e9e avec G\u00e9rard Lanvin, Jeff Panacloc, Olivier Minne ou encore <a href=\"https:\/\/www.leparisien.fr\/faits-divers\/lanimateur-matthieu-delormeau-place-en-garde-a-vue-apres-avoir-achete-de-la-cocaine-26-02-2025-Q7O5DG76V5DUFELDSIQCQOK3CQ.php\" target=\"_blank\" rel=\"noreferrer nofollow noopener\">Matthieu Delormeau<\/a>. Disparu des \u00e9crans depuis plusieurs mois durant lesquels il a notamment \u00e9t\u00e9 interpell\u00e9 par la police pour achat de stup\u00e9fiants, l\u2019ex-pilier de \u00ab TPMP \u00bb appara\u00eet en toute fin d\u2019\u00e9mission sur le plateau. Et tombe imm\u00e9diatement dans les bras de Cyril Hanouna.<\/p>\n<p class=\"paragraph text_align_left lp-f-body-02\">Il annonce dans la foul\u00e9e qu\u2019il va raconter \u00ab en d\u00e9tail \u00bb aux t\u00e9l\u00e9spectateurs tout ce qu\u2019il a travers\u00e9 \u00ab pendant deux ans \u00bb. \u00ab Je ne vais pas y mettre de pudeur \u00bb, pr\u00e9vient-il, affirmant vouloir ainsi alerter sur la \u00ab catastrophe pour les m\u00f4mes \u00bb que repr\u00e9sente le trafic de drogues. Pris par le temps, Cyril Hanouna doit cependant conclure rapidement l\u2019\u00e9mission. \u00ab Matthieu, tu vas nous rejoindre dans cette nouvelle aventure \u00bb, a-t-il simplement le temps d\u2019annoncer. Avant d\u2019envoyer le g\u00e9n\u00e9rique de fin de cette premi\u00e8re \u00e0 la recette d\u00e9cid\u00e9ment tr\u00e8s proche de celle qui a fait son succ\u00e8s sur C8.<\/p>\n","protected":false},"excerpt":{"rendered":"Priorit\u00e9 \u00e0 la continuit\u00e9. Ce lundi 1er septembre \u00e0 18h25, Cyril Hanouna a fait son grand retour en&hellip;\n","protected":false},"author":2,"featured_media":360051,"comment_status":"","ping_status":"","sticky":false,"template":"","format":"standard","meta":{"footnotes":""},"categories":[1359],"tags":[872,58,59,1011,27,973,2205],"class_list":{"0":"post-360050","1":"post","2":"type-post","3":"status-publish","4":"format-standard","5":"has-post-thumbnail","7":"category-people","8":"tag-culture-et-loisirs","9":"tag-divertissement","10":"tag-entertainment","11":"tag-fr","12":"tag-france","13":"tag-people","14":"tag-television-medias"},"share_on_mastodon":{"url":"https:\/\/pubeurope.com\/@fr\/115133118244711618","error":""},"_links":{"self":[{"href":"https:\/\/www.europesays.com\/fr\/wp-json\/wp\/v2\/posts\/360050","targetHints":{"allow":["GET"]}}],"collection":[{"href":"https:\/\/www.europesays.com\/fr\/wp-json\/wp\/v2\/posts"}],"about":[{"href":"https:\/\/www.europesays.com\/fr\/wp-json\/wp\/v2\/types\/post"}],"author":[{"embeddable":true,"href":"https:\/\/www.europesays.com\/fr\/wp-json\/wp\/v2\/users\/2"}],"replies":[{"embeddable":true,"href":"https:\/\/www.europesays.com\/fr\/wp-json\/wp\/v2\/comments?post=360050"}],"version-history":[{"count":0,"href":"https:\/\/www.europesays.com\/fr\/wp-json\/wp\/v2\/posts\/360050\/revisions"}],"wp:featuredmedia":[{"embeddable":true,"href":"https:\/\/www.europesays.com\/fr\/wp-json\/wp\/v2\/media\/360051"}],"wp:attachment":[{"href":"https:\/\/www.europesays.com\/fr\/wp-json\/wp\/v2\/media?parent=360050"}],"wp:term":[{"taxonomy":"category","embeddable":true,"href":"https:\/\/www.europesays.com\/fr\/wp-json\/wp\/v2\/categories?post=360050"},{"taxonomy":"post_tag","embeddable":true,"href":"https:\/\/www.europesays.com\/fr\/wp-json\/wp\/v2\/tags?post=360050"}],"curies":[{"name":"wp","href":"https:\/\/api.w.org\/{rel}","templated":true}]}}