{"id":360054,"date":"2025-09-02T05:46:13","date_gmt":"2025-09-02T05:46:13","guid":{"rendered":"https:\/\/www.europesays.com\/fr\/360054\/"},"modified":"2025-09-02T05:46:13","modified_gmt":"2025-09-02T05:46:13","slug":"colmar-le-6-septembre-les-bibliotheques-de-la-ville-mettent-en-vente-les-ouvrages-retires-des-collections","status":"publish","type":"post","link":"https:\/\/www.europesays.com\/fr\/360054\/","title":{"rendered":"Colmar. Le 6 septembre, les biblioth\u00e8ques de la Ville mettent en vente les ouvrages retir\u00e9s des collections"},"content":{"rendered":"<p>Depuis quelques ann\u00e9es, les membres de l\u2019association des Amis de la Biblioth\u00e8que de la Ville de Colmar, pr\u00e9sid\u00e9e par Philip Katz, s\u2019occupent de la vente des ouvrages retir\u00e9s des rayons (d\u00e9sherbage) du r\u00e9seau des biblioth\u00e8ques de la Ville.<\/p>\n<p>Ce rafra\u00eechissement des ouvrages propos\u00e9s aux lecteurs permet un renouvellement r\u00e9gulier des titres \u00e0 emprunter. Les membres des Amis de la Biblioth\u00e8ques ont consacr\u00e9 plusieurs s\u00e9ances de tri et de classement pour pr\u00e9parer cette grande vente de livres d\u2019occasion.<\/p>\n<p>Tous les genres de litt\u00e9rature seront disponibles \u00e0 l\u2019occasion de cette braderie\u00a0: romans, polars, livres d\u2019histoire ou techniques, ouvrages th\u00e9matiques sur le bien-\u00eatre et le d\u00e9veloppement personnel, philosophie, bandes dessin\u00e9es, ouvrages d\u2019art, ainsi que des compact disques. Ce sont plusieurs milliers de livres et de CD qui seront propos\u00e9s \u00e0 la vente pour le prix d\u20191,50\u00a0\u20ac\u00a0pi\u00e8ce, et quatre ouvrages \u00e0 5\u00a0\u20ac, sauf les beaux livres.<\/p>\n<p>La grande vente des livres retir\u00e9s des collections des biblioth\u00e8ques se tiendra ce samedi 6\u00a0septembre, de 10\u00a0h \u00e0 17\u00a0h, dans le clo\u00eetre de la biblioth\u00e8que patrimoniale des Dominicains, place des Martyrs-de -la-R\u00e9sistance \u00e0 Colmar.<\/p>\n<p class=\"note\">L\u2019entr\u00e9e est libre.<\/p>\n","protected":false},"excerpt":{"rendered":"Depuis quelques ann\u00e9es, les membres de l\u2019association des Amis de la Biblioth\u00e8que de la Ville de Colmar, pr\u00e9sid\u00e9e&hellip;\n","protected":false},"author":2,"featured_media":360055,"comment_status":"","ping_status":"","sticky":false,"template":"","format":"standard","meta":{"footnotes":""},"categories":[1357],"tags":[1379,5065,1687,58,2413,59,1011,27,1380,2410,14851,104,1631],"class_list":{"0":"post-360054","1":"post","2":"type-post","3":"status-publish","4":"format-standard","5":"has-post-thumbnail","7":"category-livres","8":"tag-books","9":"tag-colmar","10":"tag-culture-loisirs","11":"tag-divertissement","12":"tag-edition-colmar-guebwiller","13":"tag-entertainment","14":"tag-fr","15":"tag-france","16":"tag-livres","17":"tag-livres-bd","18":"tag-secteur-de-colmar","19":"tag-societe","20":"tag-vie-associative"},"share_on_mastodon":{"url":"https:\/\/pubeurope.com\/@fr\/115133126001704006","error":""},"_links":{"self":[{"href":"https:\/\/www.europesays.com\/fr\/wp-json\/wp\/v2\/posts\/360054","targetHints":{"allow":["GET"]}}],"collection":[{"href":"https:\/\/www.europesays.com\/fr\/wp-json\/wp\/v2\/posts"}],"about":[{"href":"https:\/\/www.europesays.com\/fr\/wp-json\/wp\/v2\/types\/post"}],"author":[{"embeddable":true,"href":"https:\/\/www.europesays.com\/fr\/wp-json\/wp\/v2\/users\/2"}],"replies":[{"embeddable":true,"href":"https:\/\/www.europesays.com\/fr\/wp-json\/wp\/v2\/comments?post=360054"}],"version-history":[{"count":0,"href":"https:\/\/www.europesays.com\/fr\/wp-json\/wp\/v2\/posts\/360054\/revisions"}],"wp:featuredmedia":[{"embeddable":true,"href":"https:\/\/www.europesays.com\/fr\/wp-json\/wp\/v2\/media\/360055"}],"wp:attachment":[{"href":"https:\/\/www.europesays.com\/fr\/wp-json\/wp\/v2\/media?parent=360054"}],"wp:term":[{"taxonomy":"category","embeddable":true,"href":"https:\/\/www.europesays.com\/fr\/wp-json\/wp\/v2\/categories?post=360054"},{"taxonomy":"post_tag","embeddable":true,"href":"https:\/\/www.europesays.com\/fr\/wp-json\/wp\/v2\/tags?post=360054"}],"curies":[{"name":"wp","href":"https:\/\/api.w.org\/{rel}","templated":true}]}}