{"id":360056,"date":"2025-09-02T05:47:11","date_gmt":"2025-09-02T05:47:11","guid":{"rendered":"https:\/\/www.europesays.com\/fr\/360056\/"},"modified":"2025-09-02T05:47:11","modified_gmt":"2025-09-02T05:47:11","slug":"jai-eu-un-coup-de-coeur-pour-evelyne-anthony-laveyronnais-de-lamour-est-dans-le-pre-rencontre-ses-deux-pretendantes","status":"publish","type":"post","link":"https:\/\/www.europesays.com\/fr\/360056\/","title":{"rendered":"\u00ab\u00a0J\u2019ai eu un coup de c\u0153ur pour Evelyne\u00a0\u00bb\u00a0: Anthony, l\u2019Aveyronnais de l\u2019Amour est dans le pr\u00e9, rencontre ses deux pr\u00e9tendantes"},"content":{"rendered":"<p>\n                                                                Dans le deuxi\u00e8me \u00e9pisode de l\u2019Amour est dans le pr\u00e9, l\u2019\u00e9leveur aveyronnais Anthony a rencontr\u00e9 ses deux pr\u00e9tendantes, Aur\u00e9lie et \u00c9velyne, ce lundi 1er septembre. \u00c0 l\u2019issue du speed dating, il a d\u00e9cid\u00e9 de poursuivre l\u2019aventure avec \u00c9velyne.\n                            <\/p>\n<p>Lundi 1er\u00a0septembre 2025, le deuxi\u00e8me \u00e9pisode de L\u2019Amour est dans le pr\u00e9 a mis en lumi\u00e8re <a href=\"https:\/\/www.centrepresseaveyron.fr\/2025\/08\/19\/video-lamour-est-dans-le-pre-qui-est-anthony-36-ans-eleveur-de-volailles-en-aveyron-a-la-recherche-de-la-femme-de-sa-vie-sept-ans-apres-son-frere-12882418.php\" target=\"_self\" rel=\"nofollow noopener\">Anthony, un \u00e9leveur de volailles marqu\u00e9 par une histoire personnelle difficile<\/a>. Apr\u00e8s le d\u00e9c\u00e8s de sa maman d\u2019un cancer, il s\u2019est r\u00e9fugi\u00e9 dans le travail et a mis de c\u00f4t\u00e9 sa vie sentimentale.<\/p>\n<p>Derri\u00e8re son caract\u00e8re qu\u2019il qualifie de \u00ab\u00a0sec de d\u00e9coffrage\u00a0\u00bb, Anthony se d\u00e9crit pourtant comme \u00ab\u00a0un agneau\u00a0\u00bb. \u00ab\u00a0Je n\u2019ai pas envie de finir tout seul, j\u2019ai envie de trouver quelqu\u2019un qui me donne la joie de vivre\u00a0\u00bb, ajoute-t-il, face \u00e0 la cam\u00e9ra.<\/p>\n<p>Un speed dating in\u00e9dit<\/p>\n<p>Son passage a \u00e9t\u00e9 marqu\u00e9 par une s\u00e9quence in\u00e9dite\u00a0: convoqu\u00e9 au speed dating, Anthony a d\u00e9couvert que ses deux pr\u00e9tendantes allaient elles-m\u00eames lui lire leurs lettres, alors qu\u2019il leur tournait le dos.<\/p>\n<p>La premi\u00e8re \u00e0 se pr\u00e9senter fut Aur\u00e9lie, 39 ans, install\u00e9e \u00e0 N\u00eemes, touch\u00e9e par son regard \u00ab\u00a0dans lequel elle s\u2019est noy\u00e9e\u00a0\u00bb. Elle a apport\u00e9 un cadeau gourmand et a m\u00eame cuisin\u00e9 des pancakes en forme de c\u0153ur, mais leur t\u00eate-\u00e0-t\u00eate a \u00e9t\u00e9 ponctu\u00e9 de quelques silences g\u00eanants.<\/p>\n<p>Anthony choisit de poursuivre l\u2019aventure avec \u00c9velyne<\/p>\n<p>La seconde pr\u00e9tendante, \u00c9velyne, \u00e9galement \u00e2g\u00e9e de 39 ans, infirmi\u00e8re en Loz\u00e8re, a confi\u00e9 avoir, elle aussi, mit sa vie sentimentale de c\u00f4t\u00e9 apr\u00e8s des deuils familiaux. Pendant le t\u00eate \u00e0 t\u00eate, ils rigolent, se projettent\u2026<\/p>\n<p>Au moment du choix, l\u2019\u00e9leveur aveyronnais suit son c\u0153ur\u00a0: c\u2019est \u00c9velyne qui participera au s\u00e9jour \u00e0 la ferme. \u00ab\u00a0On verra si \u00e7a se passe bien, \u00e7a ne peut \u00eatre que du positif\u00a0\u00bb, se r\u00e9jouit-elle. De quoi annoncer une suite prometteuse pour ce duo de forts caract\u00e8res.<\/p>\n<p>\u00c0 suivre dans les prochains \u00e9pisodes.<\/p>\n","protected":false},"excerpt":{"rendered":"Dans le deuxi\u00e8me \u00e9pisode de l\u2019Amour est dans le pr\u00e9, l\u2019\u00e9leveur aveyronnais Anthony a rencontr\u00e9 ses deux pr\u00e9tendantes,&hellip;\n","protected":false},"author":2,"featured_media":360057,"comment_status":"","ping_status":"","sticky":false,"template":"","format":"standard","meta":{"footnotes":""},"categories":[1356],"tags":[58,59,1011,27,252,1364],"class_list":{"0":"post-360056","1":"post","2":"type-post","3":"status-publish","4":"format-standard","5":"has-post-thumbnail","7":"category-television","8":"tag-divertissement","9":"tag-entertainment","10":"tag-fr","11":"tag-france","12":"tag-television","13":"tag-tv"},"share_on_mastodon":{"url":"https:\/\/pubeurope.com\/@fr\/115133129983464935","error":""},"_links":{"self":[{"href":"https:\/\/www.europesays.com\/fr\/wp-json\/wp\/v2\/posts\/360056","targetHints":{"allow":["GET"]}}],"collection":[{"href":"https:\/\/www.europesays.com\/fr\/wp-json\/wp\/v2\/posts"}],"about":[{"href":"https:\/\/www.europesays.com\/fr\/wp-json\/wp\/v2\/types\/post"}],"author":[{"embeddable":true,"href":"https:\/\/www.europesays.com\/fr\/wp-json\/wp\/v2\/users\/2"}],"replies":[{"embeddable":true,"href":"https:\/\/www.europesays.com\/fr\/wp-json\/wp\/v2\/comments?post=360056"}],"version-history":[{"count":0,"href":"https:\/\/www.europesays.com\/fr\/wp-json\/wp\/v2\/posts\/360056\/revisions"}],"wp:featuredmedia":[{"embeddable":true,"href":"https:\/\/www.europesays.com\/fr\/wp-json\/wp\/v2\/media\/360057"}],"wp:attachment":[{"href":"https:\/\/www.europesays.com\/fr\/wp-json\/wp\/v2\/media?parent=360056"}],"wp:term":[{"taxonomy":"category","embeddable":true,"href":"https:\/\/www.europesays.com\/fr\/wp-json\/wp\/v2\/categories?post=360056"},{"taxonomy":"post_tag","embeddable":true,"href":"https:\/\/www.europesays.com\/fr\/wp-json\/wp\/v2\/tags?post=360056"}],"curies":[{"name":"wp","href":"https:\/\/api.w.org\/{rel}","templated":true}]}}