{"id":360062,"date":"2025-09-02T05:50:17","date_gmt":"2025-09-02T05:50:17","guid":{"rendered":"https:\/\/www.europesays.com\/fr\/360062\/"},"modified":"2025-09-02T05:50:17","modified_gmt":"2025-09-02T05:50:17","slug":"voici-lactivite-physique-incontournable-pour-gagner-des-points-de-vie","status":"publish","type":"post","link":"https:\/\/www.europesays.com\/fr\/360062\/","title":{"rendered":"voici l&rsquo;activit\u00e9 physique incontournable pour gagner des points de vie"},"content":{"rendered":"<p>Et si quelques gestes simples suffisaient \u00e0 rajeunir votre cerveau\u202f? Selon des \u00e9tudes r\u00e9centes, l\u2019activit\u00e9 physique, m\u00eame l\u00e9g\u00e8re, agit comme un v\u00e9ritable stimulant cognitif. \u00c0 raison de quelques minutes par jour, elle permettrait de gagner jusqu\u2019\u00e0 quatre ann\u00e9es d\u2019\u00e2ge c\u00e9r\u00e9bral, tout en renfor\u00e7ant la m\u00e9moire et la concentration. Voici comment et pourquoi bouger devient un r\u00e9flexe vital.<\/p>\n<p>Le d\u00e9clin cognitif n\u2019est pas une fatalit\u00e9. Si l\u2019\u00e2ge reste un facteur naturel d\u2019alt\u00e9ration des fonctions c\u00e9r\u00e9brales, la s\u00e9dentarit\u00e9 en est un acc\u00e9l\u00e9rateur silencieux. \u00c0 l\u2019inverse, l\u2019<strong>activit\u00e9 physique<\/strong>, m\u00eame mod\u00e9r\u00e9e, agit comme un puissant levier de pr\u00e9servation mentale. En 2024 et 2025, plusieurs \u00e9tudes ont confirm\u00e9 que bouger r\u00e9guli\u00e8rement am\u00e9liore la rapidit\u00e9 de traitement de l\u2019information, stimule la m\u00e9moire et favorise la <strong>plasticit\u00e9 neuronale<\/strong>. La bonne nouvelle, c\u2019est qu\u2019il n\u2019est nul besoin de courir un marathon pour en r\u00e9colter les b\u00e9n\u00e9fices.<\/p>\n<p>     L\u2019activit\u00e9 physique, un \u00e9lixir pour le cerveau   Une \u00e9tude qui confirme le lien entre activit\u00e9 et cognition  <\/p>\n<p>L\u2019\u00e9tude publi\u00e9e en octobre 2024 dans la revue Annals of Behavioral Medicine apporte une preuve solide du lien direct entre activit\u00e9 physique et <strong>performance cognitive<\/strong>. En suivant des adultes d\u2019\u00e2ge moyen pendant neuf jours, les chercheurs ont observ\u00e9 que le fait de bouger dans les 3,5 heures pr\u00e9c\u00e9dant un test cognitif am\u00e9liorait significativement la vitesse de traitement de l\u2019information. Ce gain de rapidit\u00e9 \u00e9quivaut \u00e0 un <strong>rajeunissement c\u00e9r\u00e9bral<\/strong> de quatre ans, rapporte <a href=\"https:\/\/www.marieclaire.fr\/mouvement-quotidien-rajeunissement-cerveau,1498662.asp\" target=\"_blank\" rel=\"noopener nofollow\">Marie Claire<\/a>. Ce r\u00e9sultat, loin d\u2019\u00eatre anecdotique, souligne que le cerveau r\u00e9agit rapidement au mouvement, ind\u00e9pendamment de l\u2019\u00e2ge ou du niveau d\u2019entra\u00eenement.<\/p>\n<p>     Des b\u00e9n\u00e9fices imm\u00e9diats et durables  <\/p>\n<p>Au-del\u00e0 de l\u2019effet instantan\u00e9, les b\u00e9n\u00e9fices cognitifs du <strong>mouvement<\/strong> s\u2019inscrivent dans la dur\u00e9e. En effet, selon des recherches compl\u00e9mentaires men\u00e9es par l\u2019UCL, les effets positifs sur la m\u00e9moire et la concentration peuvent se prolonger jusqu\u2019\u00e0 24 heures apr\u00e8s l\u2019activit\u00e9. Cette am\u00e9lioration s\u2019explique par une meilleure oxyg\u00e9nation du <strong>cerveau<\/strong>, une stimulation de la neurogen\u00e8se et une lib\u00e9ration accrue de neurotransmetteurs favorables \u00e0 la plasticit\u00e9 c\u00e9r\u00e9brale. Ainsi, <strong>bouger r\u00e9guli\u00e8rement<\/strong> ne se contente pas d\u2019agir sur le moment, cela pr\u00e9pare le cerveau \u00e0 mieux fonctionner sur le long terme.<\/p>\n<p>  L\u2019intensit\u00e9 n\u2019est pas le facteur d\u00e9terminant  <\/p>\n<p>Contrairement aux id\u00e9es re\u00e7ues, il n\u2019est pas n\u00e9cessaire de pratiquer une activit\u00e9 intense pour en tirer des b\u00e9n\u00e9fices cognitifs. Les chercheurs ont d\u00e9montr\u00e9 que des <strong>mouvements l\u00e9gers<\/strong>, comme faire le m\u00e9nage, marcher dans un couloir ou monter quelques marches, suffisent \u00e0 d\u00e9clencher une <strong>am\u00e9lioration des fonctions c\u00e9r\u00e9brales<\/strong>. Ce qui compte, ce n\u2019est pas la puissance de l\u2019effort, mais sa fr\u00e9quence et sa r\u00e9gularit\u00e9. En d\u2019autres termes, int\u00e9grer des gestes simples tout au long de la journ\u00e9e peut \u00eatre aussi efficace qu\u2019une s\u00e9ance de sport structur\u00e9e.<\/p>\n<p>     Int\u00e9grer le mouvement dans sa routine quotidienne pour booster le cerveau   Des gestes simples \u00e0 associer aux habitudes  <\/p>\n<p>Pour rendre le mouvement accessible et durable, les experts recommandent de l\u2019associer \u00e0 des <a href=\"https:\/\/www.pleinevie.fr\/sante\/ces-3-habitudes-toxiques-a-bannir-pour-preserver-la-sante-de-votre-cerveau-selon-une-neuroscientifique-141412.html\" target=\"_blank\" rel=\"noopener nofollow\">habitudes<\/a> d\u00e9j\u00e0 bien ancr\u00e9es. Par exemple, faire une <strong>s\u00e9rie de squats<\/strong> apr\u00e8s \u00eatre all\u00e9 aux toilettes, ou choisir syst\u00e9matiquement les escaliers plut\u00f4t que l\u2019ascenseur, permet d\u2019ins\u00e9rer l\u2019activit\u00e9 physique sans contrainte. Cette approche, d\u00e9fendue par le chirurgien Carl Cirino, repose sur le principe de l\u2019automatisation qui veut que plus le geste devient naturel, plus il est r\u00e9p\u00e9t\u00e9 et plus ses <strong>effets cognitifs<\/strong> s\u2019amplifient. C\u2019est une mani\u00e8re pragmatique de <strong>faire du bien \u00e0 son cerveau<\/strong> sans bouleverser son emploi du temps.<\/p>\n<p>  Le plaisir comme moteur de r\u00e9gularit\u00e9  <\/p>\n<p>Selon la coach Melissa Boyd, le plaisir ressenti d\u00e8s les premi\u00e8res s\u00e9ances est un levier puissant pour maintenir l\u2019activit\u00e9 dans la dur\u00e9e. Elle observe que les personnes qui commencent \u00e0 bouger r\u00e9guli\u00e8rement ressentent rapidement une am\u00e9lioration de leur humeur, de leur \u00e9nergie et de leur <strong>clart\u00e9 mentale<\/strong>. Ce ressenti positif cr\u00e9e un cercle vertueux, car plus on bouge, mieux on se sent et plus on a envie de continuer.<\/p>\n<p>     Des disciplines douces, mais puissantes  <\/p>\n<p>Pour ceux qui recherchent une approche plus structur\u00e9e, des pratiques comme le <strong>yoga<\/strong>, le tai-chi ou la danse offrent une combinaison id\u00e9ale entre stimulation physique et apaisement mental. Ces disciplines mobilisent simultan\u00e9ment la coordination, la concentration, la m\u00e9moire et l\u2019\u00e9quilibre, tout en favorisant la d\u00e9tente. Le <strong>tai-chi<\/strong>, en particulier, est reconnu pour ses effets sur la plasticit\u00e9 c\u00e9r\u00e9brale et la <a href=\"https:\/\/www.pleinevie.fr\/sante\/cest-prouve-scientifiquement-cette-vitamine-est-la-meilleure-pour-proteger-votre-cerveau-du-declin-cognitif-169146.html\" target=\"_blank\" rel=\"noopener nofollow\">pr\u00e9vention du d\u00e9clin cognitif<\/a> chez les seniors. En int\u00e9grant ces activit\u00e9s dans une routine hebdomadaire, on agit en profondeur sur le bien-\u00eatre global, tout en renfor\u00e7ant les <strong>capacit\u00e9s mentales<\/strong>.<\/p>\n","protected":false},"excerpt":{"rendered":"Et si quelques gestes simples suffisaient \u00e0 rajeunir votre cerveau\u202f? Selon des \u00e9tudes r\u00e9centes, l\u2019activit\u00e9 physique, m\u00eame l\u00e9g\u00e8re,&hellip;\n","protected":false},"author":2,"featured_media":360063,"comment_status":"","ping_status":"","sticky":false,"template":"","format":"standard","meta":{"footnotes":""},"categories":[10],"tags":[1011,27,72,71],"class_list":{"0":"post-360062","1":"post","2":"type-post","3":"status-publish","4":"format-standard","5":"has-post-thumbnail","7":"category-sante","8":"tag-fr","9":"tag-france","10":"tag-health","11":"tag-sante"},"share_on_mastodon":{"url":"https:\/\/pubeurope.com\/@fr\/115133141775115393","error":""},"_links":{"self":[{"href":"https:\/\/www.europesays.com\/fr\/wp-json\/wp\/v2\/posts\/360062","targetHints":{"allow":["GET"]}}],"collection":[{"href":"https:\/\/www.europesays.com\/fr\/wp-json\/wp\/v2\/posts"}],"about":[{"href":"https:\/\/www.europesays.com\/fr\/wp-json\/wp\/v2\/types\/post"}],"author":[{"embeddable":true,"href":"https:\/\/www.europesays.com\/fr\/wp-json\/wp\/v2\/users\/2"}],"replies":[{"embeddable":true,"href":"https:\/\/www.europesays.com\/fr\/wp-json\/wp\/v2\/comments?post=360062"}],"version-history":[{"count":0,"href":"https:\/\/www.europesays.com\/fr\/wp-json\/wp\/v2\/posts\/360062\/revisions"}],"wp:featuredmedia":[{"embeddable":true,"href":"https:\/\/www.europesays.com\/fr\/wp-json\/wp\/v2\/media\/360063"}],"wp:attachment":[{"href":"https:\/\/www.europesays.com\/fr\/wp-json\/wp\/v2\/media?parent=360062"}],"wp:term":[{"taxonomy":"category","embeddable":true,"href":"https:\/\/www.europesays.com\/fr\/wp-json\/wp\/v2\/categories?post=360062"},{"taxonomy":"post_tag","embeddable":true,"href":"https:\/\/www.europesays.com\/fr\/wp-json\/wp\/v2\/tags?post=360062"}],"curies":[{"name":"wp","href":"https:\/\/api.w.org\/{rel}","templated":true}]}}