{"id":360066,"date":"2025-09-02T05:52:11","date_gmt":"2025-09-02T05:52:11","guid":{"rendered":"https:\/\/www.europesays.com\/fr\/360066\/"},"modified":"2025-09-02T05:52:11","modified_gmt":"2025-09-02T05:52:11","slug":"decouvrez-les-premieres-minutes-de-lancement-de-novo-19-la-nouvelle-chaine-de-la-tnt","status":"publish","type":"post","link":"https:\/\/www.europesays.com\/fr\/360066\/","title":{"rendered":"d\u00e9couvrez les premi\u00e8res minutes de lancement de NOVO 19, la nouvelle cha\u00eene de la TNT"},"content":{"rendered":"<p>                             Par Benoit Narbonne<\/p>\n<p>                Le 1 septembre 2025 \u00e0 19h24<\/p>\n<p>    Le lancement en direct de NOVO19 depuis le plateau d\u2019\u00abOn a du nouveau\u00bb.<br \/>\n                Capture d&rsquo;\u00e9cran &#8211; Novo 19<\/p>\n<p><strong>ON A REGARD\u00c9 POUR VOUS<\/strong> &#8211; Le coup d\u2019envoi de la petite derni\u00e8re de la TNT a \u00e9t\u00e9 donn\u00e9 en ce lundi 1er septembre de rentr\u00e9e. R\u00e9sum\u00e9.<\/p>\n<p class=\"fig-paragraph\">C\u2019est avec une note d\u2019humour que la nouvelle locataire du canal 19 de la TNT a lanc\u00e9 sa programmation. Apr\u00e8s le d\u00e9compte inaugural, <strong>NOVO 19<\/strong> a propos\u00e9 en guise d\u2019introduction un spot vid\u00e9o mettant en sc\u00e8ne ses journalistes, animateurs et chroniqueurs durant leurs vacances. Chacun r\u00e9p\u00e8te tour \u00e0 tour qu\u2019il sera pr\u00eat pour la rentr\u00e9e.<\/p>\n<p class=\"fig-paragraph\">Certains jouent au baby-foot, d\u2019autres d\u00e9gustent une glace ou profitent de la plage. Plus le spot avance, plus on se rapproche du moment fatidique\u00a0: \u00ab Dans une semaine, on est pr\u00eat\u00a0\u00bb, \u00ab Dans deux jours, on est pr\u00eat\u00a0\u00bb. Au passage, les t\u00e9l\u00e9spectateurs d\u00e9couvrent les plateaux et les visages de la cha\u00eene.<a href=\"http:\/\/tvmag.lefigaro.fr\/programme-tv\/actu-tele\/claire-arnoux-bein-sports-rejoindra-la-future-chaine-novo19-20250511\" data-fig-type=\"Article\" data-gtm-custom-categorie=\"navigation\" data-gtm-custom-action=\"crossclick\" data-gtm-custom-label=\"Contextuel\" data-gtm-event=\"customEventSPE\" data-fig-domain=\"TVMAG\" target=\"_blank\" rel=\"noopener\">\u00a0<strong>Claire Arnoux<\/strong><\/a>, devant sa coiffeuse de maquillage, conclut le d\u00e9compte\u00a0: \u00ab Dans quelques minutes, on est pr\u00eat\u00a0\u00bb.<\/p>\n<p class=\"fig-body-link\">\n            \u00c0 lire aussi<br \/>\n        <a class=\"fig-body-link__link\" href=\"http:\/\/www.lefigaro.fr\/medias\/novo19-la-nouvelle-chaine-du-groupe-ouest-france-leve-le-voile-sur-sa-grille-20250827\" data-fig-type=\"NewsFlash\" data-gtm-custom-categorie=\"navigation\" data-gtm-custom-action=\"crossclick\" data-gtm-custom-label=\"Contextuel\" data-gtm-event=\"customEventSPE\" data-fig-domain=\"LEFIGARO\" target=\"_blank\" rel=\"noopener\">NOVO19, la nouvelle cha\u00eene du groupe Ouest-France, l\u00e8ve le voile sur sa grille<br \/>\n    <\/a>\n<\/p>\n<p>                                    <a class=\"fig-a11y-skip a11y-hidden\" href=\"#fig-a11y-skip-main-inarticle\"><br \/>\n        Passer la publicit\u00e9<br \/>\n    <\/a><\/p>\n<p class=\"fig-paragraph\">La vid\u00e9o se termine en r\u00e9gie avec la directrice g\u00e9n\u00e9rale de la cha\u00eene,\u00a0<a href=\"http:\/\/www.lefigaro.fr\/medias\/guenaelle-troly-prend-la-tete-de-oftv-la-future-chaine-tnt-de-ouest-france-20241002\" data-fig-type=\"Article\" data-gtm-custom-categorie=\"navigation\" data-gtm-custom-action=\"crossclick\" data-gtm-custom-label=\"Contextuel\" data-gtm-event=\"customEventSPE\" data-fig-domain=\"LEFIGARO\" target=\"_blank\" rel=\"noopener\"><strong>Gu\u00e9naelle Troly<\/strong><\/a>, et le directeur des programmes, Rodolphe Guignard, qui d\u00e9clarent en ch\u0153ur\u00a0: \u00ab On est pr\u00eat\u00a0!\u00a0\u00bb<\/p>\n<p>\u00abJ\u2019ai le c\u0153ur qui bat\u00a0\u00bb<\/p>\n<p class=\"fig-paragraph\">\u00ab Bienvenue sur NOVO19, je suis tr\u00e8s heureuse, j\u2019ai le c\u0153ur qui bat tr\u00e8s fort, je suis assez \u00e9mue de vivre ce moment avec vous et les \u00e9quipes de Novo 19\u00a0\u00bb, d\u00e9marre ensuite Claire Arnoux, en direct du plateau de son talk-show\u00a0: \u00ab On a du nouveau\u00a0\u00bb.<\/p>\n<p class=\"fig-paragraph\">\u00ab Nous sommes partout et aussi \u00e0 Rennes, c\u2019est de l\u00e0 que se fait votre rendez-vous de l\u2019information pr\u00e9sent\u00e9 par Martin Cangelossi\u00a0\u00bb, encha\u00eene la pr\u00e9sentatrice avant de lancer, en duplex, le journaliste en direct de Rennes. \u00ab Ici, ce n\u2019est pas le c\u0153ur qui bat mais ce sont les mains qui sont moites\u00a0\u00bb, confie le pr\u00e9sentateur \u00e0 quelques minutes de son premier journal, nomm\u00e9 \u00ab On a de l\u2019info\u00a0\u00bb.<\/p>\n<p class=\"fig-paragraph\">\u00ab Nous sommes tr\u00e8s fiers d\u2019\u00eatre des pionniers depuis Rennes. C\u2019est la premi\u00e8re fois qu\u2019un journal pour la t\u00e9l\u00e9 et pour les plateformes, un journal \u00e0 destination de tous les Fran\u00e7ais, est r\u00e9alis\u00e9 depuis les territoires, en dehors de Paris\u00a0\u00bb, poursuit fi\u00e8rement le journaliste.<\/p>\n<p>\u00abIl y aura peut-\u00eatre des tr\u00e9molos dans la voix\u00bb<\/p>\n<p class=\"fig-paragraph\">C\u2019est \u00e0 lui de lancer un duplex avec la reporter Claudia Caratori, en direct du si\u00e8ge de Ouest-France, propri\u00e9taire de la cha\u00eene, entour\u00e9e de membres de la r\u00e9daction tout sourire\u00a0: \u00ab On est pr\u00eat ici\u00a0\u00bb, assure la journaliste. \u00ab La question maintenant, c\u2019est\u00a0: est-ce que toi tu es pr\u00eat\u00a0?\u00a0\u00bb, demande-t-elle \u00e0 celui qui aura la lourde t\u00e2che de pr\u00e9senter le journal.<\/p>\n<p>                                    <a class=\"fig-a11y-skip a11y-hidden\" href=\"#fig-a11y-skip-main-inarticle_mtf\"><br \/>\n        Passer la publicit\u00e9<br \/>\n    <\/a><\/p>\n<p class=\"fig-paragraph\">\u00ab Je ne sais pas si je suis pr\u00eat mais je suis tr\u00e8s heureux. Il y aura peut-\u00eatre dans quelques minutes des tr\u00e9molos dans ma voix, des liaisons hasardeuses ou des mots qui s\u2019entrem\u00ealent et s\u2019entrechoquent. Ils trahiront mon \u00e9motion, celle de lancer NOVO 19 et de vous retrouver\u00a0\u00bb, avoue-t-il.<\/p>\n<p class=\"fig-paragraph\">Retour sur le plateau de Paris pour conclure le lancement avec Claire Arnoux, qui prend la temp\u00e9rature de ses chroniqueurs du soir\u00a0: C\u00e9cilie Conhoc, Constance Vilanova, Nicolas Villa et Claude Askolovitch.\u00a0<a href=\"http:\/\/tvmag.lefigaro.fr\/programme-tv\/actu-tele\/j-ai-pris-cher-claude-askolovitch-annonce-son-depart-de-la-revue-de-presse-sur-france-inter-20250505\" data-fig-type=\"Article\" data-gtm-custom-categorie=\"navigation\" data-gtm-custom-action=\"crossclick\" data-gtm-custom-label=\"Contextuel\" data-gtm-event=\"customEventSPE\" data-fig-domain=\"TVMAG\" target=\"_blank\" rel=\"noopener\">L\u2019ancien de la matinale de France Inter conclut<\/a>\u00a0: \u00ab C\u2019est un pays, la France, qui m\u00e9rite d\u2019\u00eatre regard\u00e9 et parl\u00e9. Donc \u00e0 ceux qui regardent, on vous aime. Aimez-nous et on fera ce qu\u2019on pourra pour en \u00eatre dignes.\u00a0\u00bb<\/p>\n","protected":false},"excerpt":{"rendered":"Par Benoit Narbonne Le 1 septembre 2025 \u00e0 19h24 Le lancement en direct de NOVO19 depuis le plateau&hellip;\n","protected":false},"author":2,"featured_media":360067,"comment_status":"","ping_status":"","sticky":false,"template":"","format":"standard","meta":{"footnotes":""},"categories":[8],"tags":[58,59,1011,27,7418,252],"class_list":{"0":"post-360066","1":"post","2":"type-post","3":"status-publish","4":"format-standard","5":"has-post-thumbnail","7":"category-divertissement","8":"tag-divertissement","9":"tag-entertainment","10":"tag-fr","11":"tag-france","12":"tag-ouest-france","13":"tag-television"},"share_on_mastodon":{"url":"https:\/\/pubeurope.com\/@fr\/115133149789410620","error":""},"_links":{"self":[{"href":"https:\/\/www.europesays.com\/fr\/wp-json\/wp\/v2\/posts\/360066","targetHints":{"allow":["GET"]}}],"collection":[{"href":"https:\/\/www.europesays.com\/fr\/wp-json\/wp\/v2\/posts"}],"about":[{"href":"https:\/\/www.europesays.com\/fr\/wp-json\/wp\/v2\/types\/post"}],"author":[{"embeddable":true,"href":"https:\/\/www.europesays.com\/fr\/wp-json\/wp\/v2\/users\/2"}],"replies":[{"embeddable":true,"href":"https:\/\/www.europesays.com\/fr\/wp-json\/wp\/v2\/comments?post=360066"}],"version-history":[{"count":0,"href":"https:\/\/www.europesays.com\/fr\/wp-json\/wp\/v2\/posts\/360066\/revisions"}],"wp:featuredmedia":[{"embeddable":true,"href":"https:\/\/www.europesays.com\/fr\/wp-json\/wp\/v2\/media\/360067"}],"wp:attachment":[{"href":"https:\/\/www.europesays.com\/fr\/wp-json\/wp\/v2\/media?parent=360066"}],"wp:term":[{"taxonomy":"category","embeddable":true,"href":"https:\/\/www.europesays.com\/fr\/wp-json\/wp\/v2\/categories?post=360066"},{"taxonomy":"post_tag","embeddable":true,"href":"https:\/\/www.europesays.com\/fr\/wp-json\/wp\/v2\/tags?post=360066"}],"curies":[{"name":"wp","href":"https:\/\/api.w.org\/{rel}","templated":true}]}}