{"id":360070,"date":"2025-09-02T05:54:08","date_gmt":"2025-09-02T05:54:08","guid":{"rendered":"https:\/\/www.europesays.com\/fr\/360070\/"},"modified":"2025-09-02T05:54:08","modified_gmt":"2025-09-02T05:54:08","slug":"le-nouveau-patron-de-renault-devoile-son-equipe-de-direction-et-ses-premieres-evolutions-strategiques-le-monde-fr","status":"publish","type":"post","link":"https:\/\/www.europesays.com\/fr\/360070\/","title":{"rendered":"Le nouveau patron de Renault d\u00e9voile son \u00e9quipe de direction et ses premi\u00e8res \u00e9volutions strat\u00e9giques &#8211; Le Monde.fr"},"content":{"rendered":"<ol>\n<li><a href=\"https:\/\/news.google.com\/rss\/articles\/CBMi_wFBVV95cUxQeEdJbG9YSnpiV1pIT0VfekpyZ0hVSnEwcHJoMFZIdktSM0trTjZvOC1wVFpnS1JlRU1QNXAyaWJuU3prWFUyMjlMdFdwWEZhekdyRmptTndOZ0VpLVZ2YzBfc0I0ZDNWcVY4Vk9wSXF1QUNHWmtGc3A2Qk44OVNKcE9EcEdQYkpZM2tiYkxacmdRMHpwZV9IaHZrMnlJaVprUGVrRVAzeEVfUGpWbUgwSTRpNEstRUFVRDQ3Mm1tVVd2ZGViVXBzSDIySGk1UzRObW1OY25ldmZCY2t6S0p4Z3RPalVlWWRjY3E2NmhvZmNZTmNVMG9TaENQR1BWMWs?oc=5\" target=\"_blank\" rel=\"nofollow noopener\">Le nouveau patron de Renault d\u00e9voile son \u00e9quipe de direction et ses premi\u00e8res \u00e9volutions strat\u00e9giques<\/a>&nbsp;&nbsp;Le Monde.fr<\/li>\n<li><a href=\"https:\/\/news.google.com\/rss\/articles\/CBMihwFBVV95cUxOdS1Sb2NoZzg2UG81WmpDel9ZeHU1Y3J1NE1EMUJyaDduSUtpMEZQQUVkZFlJbkxUWXFuVUFNcC1xUjBIdjhhNkRKZW42MW9tejluSHp1a3pqWWNfUE5YRkpDXzlkd0VMT0VmN0tIblZqcVVPTUJrYW5KNzd2OTlxXy1PNDRHV2c?oc=5\" target=\"_blank\" rel=\"nofollow noopener\">Mais o\u00f9 va le patron de Dacia Denis Le Vot ?<\/a>&nbsp;&nbsp;Caradisiac<\/li>\n<li><a href=\"https:\/\/news.google.com\/rss\/articles\/CBMiugFBVV95cUxQSnFRcVk0aHYzb2F1Z01tNUozSVJnNjZBb1NsenBUSUtDVDlNSWxNOWpGdk9jTTFBUjI1U0ppYUNrdE9sSldYOHpGSFU3VWpLSkdrUTB1a3RMeGVlUGdZQ210U2RtY2NfMW1SWXpJdjJoQVVfYXpBRmZoeF9TTnFDUGZTaFphWmdCNm5GazhZT2JweVRmeWlZQkdPbWdpWWdYSkZNZ1VucmJ5aEUyVVQtTlVzQVBqNHdFM0E?oc=5\" target=\"_blank\" rel=\"nofollow noopener\">Renault : Fran\u00e7ois Provost d\u00e9voile son \u00e9quipe de direction<\/a>&nbsp;&nbsp;Les Echos<\/li>\n<li><a href=\"https:\/\/news.google.com\/rss\/articles\/CBMioAFBVV95cUxPV0JqcXE4QzY1aU1lVGJMNzhQZHBLRW1VX1o1R0NfTC1uYVZUempERWx4WUg4c29WTERYeXNENHV0MTdRVXJjUzdqVDM0dFhreGNTZHBXRl9MR3h5MEM3MW1PYmE0TW5RSUQ5MWxZY2JNOV9FV1B5a3JzNzQtQjQ4dVNfdDFtdUNEOHFmNmtBSHo4MUlsWWY5TXdJVWhFUEo40gGmAUFVX3lxTE9ra2dISzFqaXBNc3VFUnpZckNqYlBBZFVqY2VmWU1Id3B0LXoxUm1KSzRUaEFneHdKb1ZoaTVDbk1GaEF0OV9xRmtKeGl1SFBVTkFxTktxLTV5bGxEZVQ1dUNtcWREOUpYVC1odWdIMmt3bUdRY2dER1FGQ3ZQOVB1dlppeWp2UGNWZzJJOGVxSkRwOFRwYUpaZXNMd3k0dUhDOFlTT2c?oc=5\" target=\"_blank\" rel=\"nofollow noopener\">Katrin Adt prend la t\u00eate de la marque Dacia chez Renault&#8230;<\/a>&nbsp;&nbsp;Fortuneo<\/li>\n<li><a href=\"https:\/\/news.google.com\/rss\/articles\/CBMipgFBVV95cUxQOEdKbDlmcUpCUXh6Rk5LRFJFdUtFV0R6aDRSVjJ0QjRhR0VMbnlJX1dUVFlaY2Rkb1FTbGhVd1ZBcFV1V1B2VEtvNF9ROW9neGZaVnhFb1RyWVVFcUdzTHYtMmtSdzd0bkJxUFVXQlN3V0hvdUhNdktiZkNsR2lqT2s2Qlk5ejVsU2VveTNkTkkxTE8weDN1REFZVFd4RnJ1d3o3X0FR?oc=5\" target=\"_blank\" rel=\"nofollow noopener\">Le nouveau patron de Renault rebat les cartes de sa direction<\/a>&nbsp;&nbsp;Le Figaro<\/li>\n<\/ol>\n","protected":false},"excerpt":{"rendered":"Le nouveau patron de Renault d\u00e9voile son \u00e9quipe de direction et ses premi\u00e8res \u00e9volutions strat\u00e9giques&nbsp;&nbsp;Le Monde.fr Mais o\u00f9&hellip;\n","protected":false},"author":2,"featured_media":1445,"comment_status":"","ping_status":"","sticky":false,"template":"","format":"standard","meta":{"footnotes":""},"categories":[6],"tags":[35,33,34,1011,27],"class_list":{"0":"post-360070","1":"post","2":"type-post","3":"status-publish","4":"format-standard","5":"has-post-thumbnail","7":"category-economie","8":"tag-business","9":"tag-economie","10":"tag-economy","11":"tag-fr","12":"tag-france"},"share_on_mastodon":{"url":"https:\/\/pubeurope.com\/@fr\/115133157476840228","error":""},"_links":{"self":[{"href":"https:\/\/www.europesays.com\/fr\/wp-json\/wp\/v2\/posts\/360070","targetHints":{"allow":["GET"]}}],"collection":[{"href":"https:\/\/www.europesays.com\/fr\/wp-json\/wp\/v2\/posts"}],"about":[{"href":"https:\/\/www.europesays.com\/fr\/wp-json\/wp\/v2\/types\/post"}],"author":[{"embeddable":true,"href":"https:\/\/www.europesays.com\/fr\/wp-json\/wp\/v2\/users\/2"}],"replies":[{"embeddable":true,"href":"https:\/\/www.europesays.com\/fr\/wp-json\/wp\/v2\/comments?post=360070"}],"version-history":[{"count":0,"href":"https:\/\/www.europesays.com\/fr\/wp-json\/wp\/v2\/posts\/360070\/revisions"}],"wp:featuredmedia":[{"embeddable":true,"href":"https:\/\/www.europesays.com\/fr\/wp-json\/wp\/v2\/media\/1445"}],"wp:attachment":[{"href":"https:\/\/www.europesays.com\/fr\/wp-json\/wp\/v2\/media?parent=360070"}],"wp:term":[{"taxonomy":"category","embeddable":true,"href":"https:\/\/www.europesays.com\/fr\/wp-json\/wp\/v2\/categories?post=360070"},{"taxonomy":"post_tag","embeddable":true,"href":"https:\/\/www.europesays.com\/fr\/wp-json\/wp\/v2\/tags?post=360070"}],"curies":[{"name":"wp","href":"https:\/\/api.w.org\/{rel}","templated":true}]}}