{"id":360073,"date":"2025-09-02T05:56:17","date_gmt":"2025-09-02T05:56:17","guid":{"rendered":"https:\/\/www.europesays.com\/fr\/360073\/"},"modified":"2025-09-02T05:56:17","modified_gmt":"2025-09-02T05:56:17","slug":"bayrou-na-pas-reussi-a-convaincre-fabien-roussel-son-premier-interlocuteur-recu-a-matignon","status":"publish","type":"post","link":"https:\/\/www.europesays.com\/fr\/360073\/","title":{"rendered":"Bayrou n\u2019a pas r\u00e9ussi \u00e0 convaincre Fabien Roussel, son premier interlocuteur re\u00e7u \u00e0 Matignon"},"content":{"rendered":"<p>        <img decoding=\"async\" loading=\"lazy\" src=\"https:\/\/www.europesays.com\/fr\/wp-content\/uploads\/2025\/09\/d45de57_upload-1-0lq6unsdfwuj-afp-20250901-733e2p2-v1-midres-francepoliticsgovernmentpfc.jpg\"  width=\"728\" height=\"410\" alt=\"Bayrou n\u2019a pas r\u00e9ussi \u00e0 convaincre Fabien Roussel, son premier interlocuteur re\u00e7u \u00e0 Matignon (Ici Fabien Roussel sortant de Matignon le 1er septembre 2025\u00a0\u00e0 l\u2019issue de sa recontre avec le Premier ministre Fran\u00e7ois Bayrou)\"\/>  <\/p>\n<p>THIBAUD MORITZ \/ AFP<\/p>\n<p>Bayrou n\u2019a pas r\u00e9ussi \u00e0 convaincre Fabien Roussel, son premier interlocuteur re\u00e7u \u00e0 Matignon (Ici Fabien Roussel sortant de Matignon le 1er septembre 2025\u00a0\u00e0 l\u2019issue de sa recontre avec le Premier ministre Fran\u00e7ois Bayrou)<\/p>\n<p class=\"asset asset-text\">POLITIQUE &#8211; L\u2019entrevue n\u2019a pas \u00e9t\u00e9 concluante, loin s\u2019en faut. Fran\u00e7ois Bayrou a entam\u00e9 ce lundi 1er\u00a0septembre une s\u00e9rie de consultations politiques,<a href=\"https:\/\/www.huffingtonpost.fr\/politique\/article\/francois-bayrou-etrille-par-la-gauche-apres-son-interview-a-huit-jours-du-vote-de-confiance_254224.html\" target=\"_blank\" rel=\"noopener\"> \u00e0 une semaine du vote de confiance<\/a> \u00e0 l\u2019Assembl\u00e9e qui devrait sceller le sort de son gouvernement. Ceci tout en continuant<a href=\"https:\/\/www.huffingtonpost.fr\/politique\/article\/en-cas-de-demission-de-francois-bayrou-tous-ces-dossiers-legislatifs-qui-vont-tomber-a-l-eau_254152.html\" target=\"_blank\" rel=\"noopener\"> \u00e0 d\u00e9fendre sa m\u00e9thode <\/a>critiqu\u00e9e jusque dans sa coalition. Le Premier ministre a re\u00e7u pour cette premi\u00e8re journ\u00e9e les dirigeants du Parti communiste, et le r\u00e9sultat n\u2019est probablement pas celui qu\u2019il esp\u00e9rait.<\/p>\n<p class=\"asset asset-text\">En effet, en sortant de son entretien d\u2019une heure avec Fran\u00e7ois Bayrou \u00e0 Matignon, le chef du Parti communiste Fabien Roussel a d\u00e9nonc\u00e9 \u00ab\u00a0l\u2019un des pires des budgets de la derni\u00e8re d\u00e9cennie, un v\u00e9ritable poison mortel pour la France\u00a0\u00bb.<\/p>\n<p class=\"asset asset-text\">\u00ab\u00a0C\u2019est une honte, c\u2019est un budget honteux car il demande encore une fois aux Fran\u00e7ais de mettre la main \u00e0 la poche\u00a0\u00bb, a fustig\u00e9 le patron du PCF, <a href=\"https:\/\/www.huffingtonpost.fr\/politique\/article\/une-dissolution-de-l-assemblee-apres-la-chute-de-francois-bayrou-voici-les-dates-possibles-des-elections-legislatives_254005.html\" target=\"_blank\" rel=\"noopener\">r\u00e9affirmant ne pas voter la confiance<\/a> au Premier ministre. Il a d\u00e9nonc\u00e9 un projet de budget \u00ab\u00a0excessivement dur pour les plus faibles\u00a0\u00bb et r\u00e9clam\u00e9 un nouveau Premier ministre issu de la gauche.<\/p>\n<p>    \u00ab\u00a0Nous ne voterons pas la confiance\u00a0\u00bb    <\/p>\n<p class=\"asset asset-text\">Selon Fabien Roussel, le chef du gouvernement a mis \u00ab\u00a0en avant la gravit\u00e9 de la situation, l\u2019\u00e9tat de la dette, comme si son gouvernement et tous les pr\u00e9c\u00e9dents depuis l\u2019\u00e9lection d\u2019Emmanuel Macron en 2017 n\u2019\u00e9taient pas responsables de la mauvaise gestion du pays et du creusement de la dette\u00a0\u00bb.<\/p>\n<p class=\"asset asset-text\">\u00ab\u00a0Nous refusons que ce budget soit mis en \u0153uvre. Nous refusons qu\u2019il y ait deux jours f\u00e9ri\u00e9s supprim\u00e9s et c\u2019est la raison pour laquelle nous ne voterons pas la confiance\u00a0\u00bb, a ajout\u00e9 Fabien Roussel, qui \u00ab\u00a0n\u2019a pas senti d\u2019ouverture\u00a0\u00bb \u00e0 cet \u00e9gard du Premier ministre.<\/p>\n<p class=\"asset asset-text\">Accompagn\u00e9 par le chef de file des d\u00e9put\u00e9s PCF St\u00e9phane Peu, il a demand\u00e9 que le pr\u00e9sident Emmanuel Macron nomme un Premier ministre \u00ab\u00a0\u00e0 m\u00eame de mettre en \u0153uvre une politique de relance de la croissance\u00a0\u00bb et du \u00ab\u00a0pouvoir d\u2019achat\u00a0\u00bb pour \u00ab\u00a0r\u00e9pondre aux urgences sociales et aux urgences climatiques\u00a0\u00bb.<\/p>\n<p class=\"asset asset-text\">En \u00e9cho au <a href=\"https:\/\/www.huffingtonpost.fr\/politique\/article\/pour-olivier-faure-la-decision-du-parti-socialiste-sur-le-vote-de-confiance-est-irrevocable_254209.html\" target=\"_blank\" rel=\"noopener\">patron des socialistes Olivier Faure<\/a>, qui s\u2019est dit \u00ab\u00a0volontaire\u00a0\u00bb pour prendre la rel\u00e8ve \u00e0 Matignon, Fabien Roussel a jug\u00e9 qu\u2019il \u00ab\u00a0serait temps peut-\u00eatre que la gauche soit appel\u00e9e aux responsabilit\u00e9s\u00a0\u00bb.<\/p>\n<p class=\"asset asset-text\">Dans les jours \u00e0 venir, il doit encore recevoir\u00a0:<\/p>\n<p class=\"asset asset-text\">Place Publique, le Rassemblement national, le MoDem, <a href=\"https:\/\/www.huffingtonpost.fr\/politique\/article\/avec-son-vote-de-confiance-francois-bayrou-a-aussi-seme-le-trouble-chez-les-republicains_254242.html\" target=\"_blank\" rel=\"noopener\">Les R\u00e9publicains<\/a>, Renaissance et Horizons mardi 2\u00a0ao\u00fbt. UDR et Liot le 3\u00a0septembre et enfin le PS et UDI le 4\u00a0septembre.<\/p>\n","protected":false},"excerpt":{"rendered":"THIBAUD MORITZ \/ AFP Bayrou n\u2019a pas r\u00e9ussi \u00e0 convaincre Fabien Roussel, son premier interlocuteur re\u00e7u \u00e0 Matignon&hellip;\n","protected":false},"author":2,"featured_media":360074,"comment_status":"","ping_status":"","sticky":false,"template":"","format":"standard","meta":{"footnotes":""},"categories":[4],"tags":[11,1003,24427,1011,27,431,12,316,25,49393],"class_list":{"0":"post-360073","1":"post","2":"type-post","3":"status-publish","4":"format-standard","5":"has-post-thumbnail","7":"category-france","8":"tag-actualites","9":"tag-budget","10":"tag-fabien-roussel","11":"tag-fr","12":"tag-france","13":"tag-francois-bayrou","14":"tag-news","15":"tag-politique","16":"tag-republique-francaise","17":"tag-vote-de-confiance"},"share_on_mastodon":{"url":"https:\/\/pubeurope.com\/@fr\/115133165704721998","error":""},"_links":{"self":[{"href":"https:\/\/www.europesays.com\/fr\/wp-json\/wp\/v2\/posts\/360073","targetHints":{"allow":["GET"]}}],"collection":[{"href":"https:\/\/www.europesays.com\/fr\/wp-json\/wp\/v2\/posts"}],"about":[{"href":"https:\/\/www.europesays.com\/fr\/wp-json\/wp\/v2\/types\/post"}],"author":[{"embeddable":true,"href":"https:\/\/www.europesays.com\/fr\/wp-json\/wp\/v2\/users\/2"}],"replies":[{"embeddable":true,"href":"https:\/\/www.europesays.com\/fr\/wp-json\/wp\/v2\/comments?post=360073"}],"version-history":[{"count":0,"href":"https:\/\/www.europesays.com\/fr\/wp-json\/wp\/v2\/posts\/360073\/revisions"}],"wp:featuredmedia":[{"embeddable":true,"href":"https:\/\/www.europesays.com\/fr\/wp-json\/wp\/v2\/media\/360074"}],"wp:attachment":[{"href":"https:\/\/www.europesays.com\/fr\/wp-json\/wp\/v2\/media?parent=360073"}],"wp:term":[{"taxonomy":"category","embeddable":true,"href":"https:\/\/www.europesays.com\/fr\/wp-json\/wp\/v2\/categories?post=360073"},{"taxonomy":"post_tag","embeddable":true,"href":"https:\/\/www.europesays.com\/fr\/wp-json\/wp\/v2\/tags?post=360073"}],"curies":[{"name":"wp","href":"https:\/\/api.w.org\/{rel}","templated":true}]}}