{"id":360077,"date":"2025-09-02T05:58:10","date_gmt":"2025-09-02T05:58:10","guid":{"rendered":"https:\/\/www.europesays.com\/fr\/360077\/"},"modified":"2025-09-02T05:58:10","modified_gmt":"2025-09-02T05:58:10","slug":"loire-tournee-a-saint-etienne-la-serie-immeuble-partage-en-competition-au-festival-de-la-rochelle","status":"publish","type":"post","link":"https:\/\/www.europesays.com\/fr\/360077\/","title":{"rendered":"Loire. Tourn\u00e9e \u00e0 Saint-\u00c9tienne, la s\u00e9rie \u00ab\u00a0Immeuble partag\u00e9\u00a0\u00bb en comp\u00e9tition au festival de La Rochelle"},"content":{"rendered":"<p>Le 27\u00a0ao\u00fbt, le Festival de la fiction de la\u00a0Rochelle a d\u00e9voil\u00e9 la liste des programmes en comp\u00e9tition pour sa prochaine \u00e9dition (16-21 septembre).<\/p>\n<p>Trois s\u00e9ries tourn\u00e9es dans la r\u00e9gion et coproduites par Auvergne-Rh\u00f4ne-Alpes Cin\u00e9ma ont \u00e9t\u00e9 s\u00e9lectionn\u00e9es dans cette 27e \u00e9dition. Bistronomia (tourn\u00e9e en r\u00e9gion lyonnaise) concourra dans la cat\u00e9gorie \u00ab\u00a0s\u00e9rie 26 minutes\u00a0\u00bb et Phoenix (tourn\u00e9e dans la vall\u00e9e du Gr\u00e9sivaudan en Is\u00e8re, en Haute-Savoie et en r\u00e9gion lyonnaise) tentera de d\u00e9crocher le troph\u00e9e en \u00ab\u00a0s\u00e9rie 52 minutes\u00a0\u00bb.<\/p>\n<p>Quant \u00e0 la troisi\u00e8me, Immeuble partag\u00e9, diffus\u00e9e depuis lundi sur France 2, elle a \u00e9t\u00e9 int\u00e9gralement tourn\u00e9e \u00e0 Saint-\u00c9tienne. En lice dans la cat\u00e9gorie \u00ab\u00a0s\u00e9rie de moins de 20 minutes\u00a0\u00bb, le programme court (46 \u00e9pisodes de 2 minutes) a \u00e9t\u00e9 r\u00e9alis\u00e9 en octobre dernier sur deux sites de la ville\u00a0: <a href=\"https:\/\/www.leprogres.fr\/culture-loisirs\/2025\/08\/27\/immeuble-partage-la-serie-bientot-diffusee-sur-france-2-a-ete-tournee-a-saint-etienne\" target=\"_blank\" rel=\"nofollow noopener\">le Palais des spectacles, o\u00f9 ont \u00e9t\u00e9 reconstitu\u00e9s des appartements<\/a>, et dans l\u2019habitat participatif des Castors du Cr\u00eat-de-Roc.<\/p>\n<p>  L\u2019\u00e9quipe de Vestiaires  est de retour<\/p>\n<p>Une grande partie du casting de Vestiaires est pr\u00e9sente dans Immeuble partag\u00e9, une \u2018\u2018shortcom\u2019\u2019 qui a pour th\u00e8me le vivre-ensemble selon la coproductrice Sophie Deloche (Asthart\u00e9 et Compagnie)\u00a0: \u00ab\u00a0Nous retrouvons Adda Abdelli, notre vedette dans  Vestiaires depuis treize\u00a0ans, atteint de poliomy\u00e9lite. Il est aussi le co-cr\u00e9ateur d\u2019 Immeuble partag\u00e9  avec Fabrice Chanut. Le nageur qui faisait partie de l\u2019\u00e9quipe de France de natation handisport <a href=\"http:\/\/www.leprogres.fr\/videos\/voix-montantes-du-handicap-dans-les-coulisses-d-une-rencontre-avec-theo-curin-xkmpx3q?playlist=qlsfu3\" target=\"_blank\" rel=\"nofollow noopener\">Th\u00e9o Curin est \u00e9galement l\u00e0<\/a> (c\u2019est lui qui anime le jeu Slam sur France 3, NDLR). On a Agathe Pauli (paranatation) et M\u00e9ril Loquette (para-badmiton), deux athl\u00e8tes paralympiques, Philippe Sivy, acteur parapl\u00e9gique et Krystoff Fluder, atteint de nanisme. Il est un formidable com\u00e9dien de th\u00e9\u00e2tre et fait du one man show.\u00a0\u00bb<\/p>\n<p>Plusieurs acteurs valides forment le reste de l\u2019\u00e9quipe\u00a0: Camille Aguilar, L\u00e9on Plazol (\u00ab\u00a0Dans la s\u00e9rie, son handicap \u00e0 lui, c\u2019est la timidit\u00e9\u00a0\u00bb), Nanou Harry, Amandine Billoux ou encore la com\u00e9dienne Andr\u00e9a Ferr\u00e9ol (\u00ab\u00a0Son personnage a un d\u00e9but d\u2019Alzheimer, mais elle en joue beaucoup\u00a0\u00bb).<\/p>\n<p>La saison 2 est d\u00e9j\u00e0 en d\u00e9veloppement et devrait \u00eatre tourn\u00e9e \u00e0 l\u2019automne, toujours \u00e0 Saint-\u00c9tienne.<\/p>\n","protected":false},"excerpt":{"rendered":"Le 27\u00a0ao\u00fbt, le Festival de la fiction de la\u00a0Rochelle a d\u00e9voil\u00e9 la liste des programmes en comp\u00e9tition pour&hellip;\n","protected":false},"author":2,"featured_media":360078,"comment_status":"","ping_status":"","sticky":false,"template":"","format":"standard","meta":{"footnotes":""},"categories":[9653],"tags":[1111,11,2430,650,1687,7539,1777,674,107,1011,27,1943,3367,12,25,4001,104],"class_list":{"0":"post-360077","1":"post","2":"type-post","3":"status-publish","4":"format-standard","5":"has-post-thumbnail","7":"category-saint-etienne","8":"tag-actu","9":"tag-actualites","10":"tag-auvergne-rhone-alpes","11":"tag-cinema","12":"tag-culture-loisirs","13":"tag-edition-loire-sud","14":"tag-eu","15":"tag-europe","16":"tag-fil-info","17":"tag-fr","18":"tag-france","19":"tag-handicap","20":"tag-loire","21":"tag-news","22":"tag-republique-francaise","23":"tag-saint-etienne","24":"tag-societe"},"share_on_mastodon":{"url":"https:\/\/pubeurope.com\/@fr\/115133173305697093","error":""},"_links":{"self":[{"href":"https:\/\/www.europesays.com\/fr\/wp-json\/wp\/v2\/posts\/360077","targetHints":{"allow":["GET"]}}],"collection":[{"href":"https:\/\/www.europesays.com\/fr\/wp-json\/wp\/v2\/posts"}],"about":[{"href":"https:\/\/www.europesays.com\/fr\/wp-json\/wp\/v2\/types\/post"}],"author":[{"embeddable":true,"href":"https:\/\/www.europesays.com\/fr\/wp-json\/wp\/v2\/users\/2"}],"replies":[{"embeddable":true,"href":"https:\/\/www.europesays.com\/fr\/wp-json\/wp\/v2\/comments?post=360077"}],"version-history":[{"count":0,"href":"https:\/\/www.europesays.com\/fr\/wp-json\/wp\/v2\/posts\/360077\/revisions"}],"wp:featuredmedia":[{"embeddable":true,"href":"https:\/\/www.europesays.com\/fr\/wp-json\/wp\/v2\/media\/360078"}],"wp:attachment":[{"href":"https:\/\/www.europesays.com\/fr\/wp-json\/wp\/v2\/media?parent=360077"}],"wp:term":[{"taxonomy":"category","embeddable":true,"href":"https:\/\/www.europesays.com\/fr\/wp-json\/wp\/v2\/categories?post=360077"},{"taxonomy":"post_tag","embeddable":true,"href":"https:\/\/www.europesays.com\/fr\/wp-json\/wp\/v2\/tags?post=360077"}],"curies":[{"name":"wp","href":"https:\/\/api.w.org\/{rel}","templated":true}]}}