{"id":360081,"date":"2025-09-02T06:00:19","date_gmt":"2025-09-02T06:00:19","guid":{"rendered":"https:\/\/www.europesays.com\/fr\/360081\/"},"modified":"2025-09-02T06:00:19","modified_gmt":"2025-09-02T06:00:19","slug":"a-nancy-ce-jardin-va-etre-ferme-au-public-durant-une-semaine-on-vous-explique-pourquoi","status":"publish","type":"post","link":"https:\/\/www.europesays.com\/fr\/360081\/","title":{"rendered":"\u00c0 Nancy, ce jardin va \u00eatre ferm\u00e9 au public durant une semaine : on vous explique pourquoi"},"content":{"rendered":"<p>            Par<br \/>\n        <strong><br \/>\n            <a href=\"https:\/\/actu.fr\/auteur\/amandine-mehl\" title=\"Consulter tous les articles de Amandine Mehl\" target=\"_blank\" rel=\"noopener\">Amandine Mehl<\/a><br \/>\n        <\/strong><\/p>\n<p>        Publi\u00e9 le<\/p>\n<p>            2 sept. 2025 \u00e0 7h00        <\/p>\n<p>Situ\u00e9 \u00e0 proximit\u00e9 du Faubourg des Trois-Maisons, \u00e0 <strong>Nancy<\/strong>, le <strong>jardin du Joli C\u0153ur<\/strong> sera <strong>ferm\u00e9 au public<\/strong> \u00e0 compter du jeudi\u00a04 et jusqu\u2019au mercredi 10\u00a0septembre 2025 inclus.<\/p>\n<p class=\" wall-content\">Via un communiqu\u00e9 de presse, la Ville informe que des <a href=\"https:\/\/actu.fr\/tag\/travaux\" target=\"_blank\" rel=\"noopener\">travaux<\/a> vont y \u00eatre r\u00e9alis\u00e9s dans la continuit\u00e9 de la <strong>r\u00e9novation du parc<\/strong>.<\/p>\n<p>L\u2019all\u00e9e du jardin du Joli C\u0153ur va b\u00e9n\u00e9ficier d\u2019une r\u00e9fection compl\u00e8te<\/p>\n<p class=\" wall-content\">\u00c0 l\u2019instar de la <a href=\"https:\/\/actu.fr\/grand-est\/nancy_54395\/nancy-la-grande-allee-du-parc-de-la-pepiniere-se-refait-une-beaute-voici-a-quoi-elle-va-ressembler_61888880.html\" target=\"_blank\" rel=\"noopener\">grande all\u00e9e du parc de la P\u00e9pini\u00e8re<\/a> qui s\u2019est refait une beaut\u00e9, celle du jardin du Joli C\u0153ur, qui occupe une grande partie de l\u2019espace et repr\u00e9sente le seul acc\u00e8s au site, va b\u00e9n\u00e9ficier d\u2019une <strong>r\u00e9fection compl\u00e8te<\/strong>.<\/p>\n<p class=\" wall-content\">Un chantier qui intervient apr\u00e8s le <strong>r\u00e9cent remplacement de l\u2019aire de jeux<\/strong>.<\/p>\n<p class=\" wall-content\">Personnalisez votre actualit\u00e9 en ajoutant vos villes et m\u00e9dias en favori avec <a href=\"https:\/\/moncompte.actu.fr\" title=\"D\u00e9couvez Mon Actu\" rel=\"nofollow noopener\" data-trk=\"{&quot;cta&quot;:{&quot;action&quot;:&quot;https:\\\/\\\/moncompte.actu.fr&quot;,&quot;category&quot;:&quot;mon compte&quot;,&quot;from&quot;:&quot;article footer&quot;,&quot;name&quot;:&quot;Mon actu&quot;,&quot;type&quot;:&quot;cta&quot;}}\" target=\"_blank\">Mon Actu<\/a>.<\/p>\n","protected":false},"excerpt":{"rendered":"Par Amandine Mehl Publi\u00e9 le 2 sept. 2025 \u00e0 7h00 Situ\u00e9 \u00e0 proximit\u00e9 du Faubourg des Trois-Maisons, \u00e0&hellip;\n","protected":false},"author":2,"featured_media":360082,"comment_status":"","ping_status":"","sticky":false,"template":"","format":"standard","meta":{"footnotes":""},"categories":[9635],"tags":[1111,11,1777,674,1011,27,775,1702,12,25,104,2086],"class_list":{"0":"post-360081","1":"post","2":"type-post","3":"status-publish","4":"format-standard","5":"has-post-thumbnail","7":"category-nancy","8":"tag-actu","9":"tag-actualites","10":"tag-eu","11":"tag-europe","12":"tag-fr","13":"tag-france","14":"tag-grand-est","15":"tag-nancy","16":"tag-news","17":"tag-republique-francaise","18":"tag-societe","19":"tag-travaux"},"share_on_mastodon":{"url":"https:\/\/pubeurope.com\/@fr\/115133181068125272","error":""},"_links":{"self":[{"href":"https:\/\/www.europesays.com\/fr\/wp-json\/wp\/v2\/posts\/360081","targetHints":{"allow":["GET"]}}],"collection":[{"href":"https:\/\/www.europesays.com\/fr\/wp-json\/wp\/v2\/posts"}],"about":[{"href":"https:\/\/www.europesays.com\/fr\/wp-json\/wp\/v2\/types\/post"}],"author":[{"embeddable":true,"href":"https:\/\/www.europesays.com\/fr\/wp-json\/wp\/v2\/users\/2"}],"replies":[{"embeddable":true,"href":"https:\/\/www.europesays.com\/fr\/wp-json\/wp\/v2\/comments?post=360081"}],"version-history":[{"count":0,"href":"https:\/\/www.europesays.com\/fr\/wp-json\/wp\/v2\/posts\/360081\/revisions"}],"wp:featuredmedia":[{"embeddable":true,"href":"https:\/\/www.europesays.com\/fr\/wp-json\/wp\/v2\/media\/360082"}],"wp:attachment":[{"href":"https:\/\/www.europesays.com\/fr\/wp-json\/wp\/v2\/media?parent=360081"}],"wp:term":[{"taxonomy":"category","embeddable":true,"href":"https:\/\/www.europesays.com\/fr\/wp-json\/wp\/v2\/categories?post=360081"},{"taxonomy":"post_tag","embeddable":true,"href":"https:\/\/www.europesays.com\/fr\/wp-json\/wp\/v2\/tags?post=360081"}],"curies":[{"name":"wp","href":"https:\/\/api.w.org\/{rel}","templated":true}]}}