{"id":360087,"date":"2025-09-02T06:04:10","date_gmt":"2025-09-02T06:04:10","guid":{"rendered":"https:\/\/www.europesays.com\/fr\/360087\/"},"modified":"2025-09-02T06:04:10","modified_gmt":"2025-09-02T06:04:10","slug":"violente-collision-voiture-moto-lavenue-de-la-liberte-paralysee","status":"publish","type":"post","link":"https:\/\/www.europesays.com\/fr\/360087\/","title":{"rendered":"violente collision voiture-moto, l&rsquo;avenue de la Libert\u00e9 paralys\u00e9e"},"content":{"rendered":"<p>            Par<br \/>\n        <strong><br \/>\n            <a href=\"https:\/\/actu.fr\/auteur\/jm-aubert\" title=\"Consulter tous les articles de Jean-Marc Aubert\" rel=\"nofollow noopener\" target=\"_blank\">Jean-Marc Aubert<\/a><br \/>\n        <\/strong><\/p>\n<p>        Publi\u00e9 le<\/p>\n<p>            2 sept. 2025 \u00e0 7h09<br \/>\n        ; mis \u00e0 jour le 2 sept. 2025 \u00e0 7h12    <\/p>\n<p>\/ DERNI\u00c8RE MINUTE \/<\/p>\n<p class=\" wall-content\"><strong>Grave accident<\/strong> de la circulation en cours sur l\u2019avenue de lac Libert\u00e9, dans le quartier de la Chamberte, \u00e0 <strong>Montpellier<\/strong>.. \u00c9vitez le secteur jusqu\u2019\u00e0 nouvel ordre.<\/p>\n<p>    <a href=\"https:\/\/www.google.com\/maps\/embed?pb=!1m18!1m12!1m3!1d6044.123423316866!2d3.8457041097524245!3d43.60810750112723!2m3!1f0!2f0!3f0!3m2!1i1024!2i768!4f13.1!3m3!1m2!1s0x12b6ae5e5e34b993%3A0x35c68b322aa14ab3!2sAv.%20de%20la%20Libert%C3%A9%2C%20Montpellier!5e0!3m2!1sfr!2sfr!4v1756789686657!5m2!1sfr!2sfr\" title=\"Ouvrie le lien\" rel=\"nofollow noopener\" target=\"_blank\">Cliquez ici pour visualiser le contenu<\/a><\/p>\n<p class=\" wall-content\">Ce mardi 2 septembre 2025, vers 6h30, une voiture et une moto sont violemment entr\u00e9es en collision sur cette avenue qui relie les Pr\u00e8s d\u2019Ar\u00e8nes \u00e0 la Mosson, au niveau de la clinique Beausoleil.<\/p>\n<p class=\" wall-content\">Selon les sapeurs-pompiers du<strong>\u00a0Sdis 34<\/strong> qui ont d\u00e9p\u00each\u00e9 sur place de gros moyens de secours, appuy\u00e9s par une \u00e9quipe m\u00e9dicale sur <strong>Smur-Samu<\/strong>, le motard est dans un \u00e9tat grave. Il va \u00eatre m\u00e9dicalis\u00e9 sur place.\u00a0<\/p>\n<p class=\" wall-content\">Les circonstances de cet accident sont pour l\u2019heure ind\u00e9termin\u00e9es, les <strong>policiers<\/strong> du commissariat central, dont ceux de la brigade des accidents et des d\u00e9lits routiers, ainsi que la police municipale sont sur les lieux.\u00a0<\/p>\n<p>Vid\u00e9os : en ce moment sur Actu<\/p>\n<p class=\" wall-content\">Selon le Sdis 34, la circulation, satur\u00e9e \u00e0 cette heure de la journ\u00e9e sur cette art\u00e8re, est paralys\u00e9e dans les deux sens. \u00c9vitez le secteur jusqu\u2019\u00e0 nouvel ordre.<\/p>\n<p class=\" wall-content\">Personnalisez votre actualit\u00e9 en ajoutant vos villes et m\u00e9dias en favori avec <a href=\"https:\/\/moncompte.actu.fr\" title=\"D\u00e9couvez Mon Actu\" rel=\"nofollow noopener\" data-trk=\"{&quot;cta&quot;:{&quot;action&quot;:&quot;https:\\\/\\\/moncompte.actu.fr&quot;,&quot;category&quot;:&quot;mon compte&quot;,&quot;from&quot;:&quot;article footer&quot;,&quot;name&quot;:&quot;Mon actu&quot;,&quot;type&quot;:&quot;cta&quot;}}\" target=\"_blank\">Mon Actu<\/a>.<\/p>\n","protected":false},"excerpt":{"rendered":"Par Jean-Marc Aubert Publi\u00e9 le 2 sept. 2025 \u00e0 7h09 ; mis \u00e0 jour le 2 sept. 2025&hellip;\n","protected":false},"author":2,"featured_media":360088,"comment_status":"","ping_status":"","sticky":false,"template":"","format":"standard","meta":{"footnotes":""},"categories":[9599],"tags":[1111,11,1777,674,118,1011,27,2208,12,2680,25],"class_list":{"0":"post-360087","1":"post","2":"type-post","3":"status-publish","4":"format-standard","5":"has-post-thumbnail","7":"category-montpellier","8":"tag-actu","9":"tag-actualites","10":"tag-eu","11":"tag-europe","12":"tag-faits-divers","13":"tag-fr","14":"tag-france","15":"tag-montpellier","16":"tag-news","17":"tag-occitanie","18":"tag-republique-francaise"},"share_on_mastodon":{"url":"https:\/\/pubeurope.com\/@fr\/115133196817527014","error":""},"_links":{"self":[{"href":"https:\/\/www.europesays.com\/fr\/wp-json\/wp\/v2\/posts\/360087","targetHints":{"allow":["GET"]}}],"collection":[{"href":"https:\/\/www.europesays.com\/fr\/wp-json\/wp\/v2\/posts"}],"about":[{"href":"https:\/\/www.europesays.com\/fr\/wp-json\/wp\/v2\/types\/post"}],"author":[{"embeddable":true,"href":"https:\/\/www.europesays.com\/fr\/wp-json\/wp\/v2\/users\/2"}],"replies":[{"embeddable":true,"href":"https:\/\/www.europesays.com\/fr\/wp-json\/wp\/v2\/comments?post=360087"}],"version-history":[{"count":0,"href":"https:\/\/www.europesays.com\/fr\/wp-json\/wp\/v2\/posts\/360087\/revisions"}],"wp:featuredmedia":[{"embeddable":true,"href":"https:\/\/www.europesays.com\/fr\/wp-json\/wp\/v2\/media\/360088"}],"wp:attachment":[{"href":"https:\/\/www.europesays.com\/fr\/wp-json\/wp\/v2\/media?parent=360087"}],"wp:term":[{"taxonomy":"category","embeddable":true,"href":"https:\/\/www.europesays.com\/fr\/wp-json\/wp\/v2\/categories?post=360087"},{"taxonomy":"post_tag","embeddable":true,"href":"https:\/\/www.europesays.com\/fr\/wp-json\/wp\/v2\/tags?post=360087"}],"curies":[{"name":"wp","href":"https:\/\/api.w.org\/{rel}","templated":true}]}}