{"id":360089,"date":"2025-09-02T06:05:15","date_gmt":"2025-09-02T06:05:15","guid":{"rendered":"https:\/\/www.europesays.com\/fr\/360089\/"},"modified":"2025-09-02T06:05:15","modified_gmt":"2025-09-02T06:05:15","slug":"michael-delafosse-maire-de-montpellier","status":"publish","type":"post","link":"https:\/\/www.europesays.com\/fr\/360089\/","title":{"rendered":"Micha\u00ebl Delafosse maire de Montpellier"},"content":{"rendered":"<p>   <img decoding=\"async\" src=\"https:\/\/www.europesays.com\/fr\/wp-content\/uploads\/2025\/09\/1756793115_12_1200x680\" alt=\"illustration agrandir l'image\" style=\"--_image-preview:url('data:image\/jpeg;base64,\/9j\/2wBDACgcHiMeGSgjISMtKygwPGRBPDc3PHtYXUlkkYCZlo+AjIqgtObDoKrarYqMyP\/L2u71\/\/\/\/m8H\/\/\/\/6\/+b9\/\/j\/2wBDASstLTw1PHZBQXb4pYyl+Pj4+Pj4+Pj4+Pj4+Pj4+Pj4+Pj4+Pj4+Pj4+Pj4+Pj4+Pj4+Pj4+Pj4+Pj4+Pj4+Pj\/wAARCAAqACoDASIAAhEBAxEB\/8QAGAAAAwEBAAAAAAAAAAAAAAAAAAECAwT\/xAAYEAEBAQEBAAAAAAAAAAAAAAAAARECEv\/EABgBAQEBAQEAAAAAAAAAAAAAAAMCBAAB\/8QAFxEBAQEBAAAAAAAAAAAAAAAAAAECEf\/aAAwDAQACEQMRAD8Ao06evc1GoLEdRelTTQ+MeonGtQuaVxenowYySksGlaVKkiOHaSdGkjnT5HlZseaasLyjqN+mPRsjrKlp9JNEV\/\/Z');\" loading=\"eager\" fetchpriority=\"high\" aria-hidden=\"true\" class=\"svelte-1pnmlwx rounded\" onload=\"this.__e=event\" onerror=\"this.__e=event\"\/> L&rsquo;invit\u00e9 d&rsquo;ici matin, ici H\u00e9rault \u00a9 Radio France &#8211; Atelier Graphique &#8211; Louise Aubin    <\/p>\n<p class=\"g-ici-body-regular-3 info svelte-1a514ib\">Diffus\u00e9 le mardi 2 septembre 2025 \u00e0 7:47 <\/p>\n<p class=\"g-ici-body-regular-3 info svelte-1a514ib\">Publi\u00e9 le mardi 2 septembre 2025 \u00e0 7:47 <\/p>\n<p class=\"g-ici-body-bold-1 standFirst svelte-g22axr\">En cette rentr\u00e9e nous recevons le maire de Montpellier et pr\u00e9sident de la M\u00e9tropole pour \u00e9voquer de nombreux sujets\u00a0: la fin des travaux de la ligne 5 de tramway, le projet de stade de foot ou encore  le d\u00e9part annonc\u00e9 du gouvernement Bayrou.<\/p>\n<p>En ce d\u00e9but du mois de septembre l&rsquo;actualit\u00e9 est charg\u00e9e. Le maire de Montpellier et pr\u00e9sident de la M\u00e9tropole, Micha\u00ebl Delafosse est l&rsquo;invit\u00e9 d&rsquo;ICI matin pour la commenter.<\/p>\n<ul class=\"SocialNetworks svelte-bt5901\">\n<li class=\"svelte-bt5901\"><\/li>\n<li class=\"svelte-bt5901\"><\/li>\n<li class=\"svelte-bt5901\"><\/li>\n<li class=\"svelte-bt5901\"><\/li>\n<li class=\"svelte-bt5901\"><\/li>\n<\/ul>\n<p role=\"heading\" aria-level=\"2\" class=\"sr-only\">Grande consultation \u00ab\u00a0Ma commune, mon maire et moi\u00a0\u00bb<\/p>\n<p class=\"description g-ici-body-regular-2 svelte-ascr5k\">En vue des \u00e9lections municipales de mars 2026, ICI lance un grand cycle de<br \/>\n      consultations et propose tous les mois un questionnaire th\u00e9matique afin de<br \/>\n      comprendre les attentes et les rapports des citoyens avec leurs maires,<br \/>\n      leurs communes.<\/p>\n<p>Les \u00e9pisodes de l\u2019\u00e9mission\u00a0: L&rsquo;invit\u00e9 d&rsquo;ici matin, ici H\u00e9rault<\/p>\n<p class=\"IciLink ici-link disabled title no-color g-ici-title-5 svelte-lu7k6w\">700 enfants  ne feront pas leur rentr\u00e9e lundi d\u00e9plore Jacques Mallet de l&rsquo;Unapei 34<\/p>\n<p class=\"location g-ici-body-bold-3 svelte-a5dikd\">H\u00e9rault<\/p>\n<p>Sur le m\u00eame th\u00e8me<\/p>\n<ul slot=\"container\" class=\"content svelte-bu824\">\n<li class=\"IciCard  standard svelte-19qbux1\">\n<p class=\"standfirst g-ici-body-regular-2 svelte-19qbux1\">Une nouvelle \u00e9cole va ouvrir ses portes ce lundi 1er septembre \u00e0 Montpellier\u00a0: le groupe scolaire Hypatie, qui rassemble maternelle et primaire. \u00c0 la lisi\u00e8re des quartiers Malbosc et de la Mosson, c&rsquo;est le premier \u00e9tablissement de l&rsquo;acad\u00e9mie labellis\u00e9 \u00ab\u00a0Mixit\u00e9 excellence\u00a0\u00bb.<\/p>\n<\/li>\n<li class=\"IciCard  standard svelte-19qbux1\">\n<p class=\"standfirst g-ici-body-regular-2 svelte-19qbux1\">La r\u00e9novation du quartier de La Mosson \u00e0 Montpellier s&rsquo;est acc\u00e9l\u00e9r\u00e9 depuis plusieurs mois. La d\u00e9molition de la tour d&rsquo;Assas a \u00e9t\u00e9 l&rsquo;un des \u00e9v\u00e9nements majeurs de cette transformation. De nombreux autres chantiers sont en cours, comme celui de la piscine Neptune et d&rsquo;autres encore sont \u00e0 venir.<\/p>\n<\/li>\n<li class=\"IciCard  standard svelte-19qbux1\">\n<p class=\"standfirst g-ici-body-regular-2 svelte-19qbux1\">\u00c0 quoi ressemblera le tourisme demain\u00a0? La M\u00e9tropole de Montpellier organisait lundi 30 juin les assises du tourisme durable.<\/p>\n<\/li>\n<li class=\"IciCard  standard svelte-19qbux1\">\n<p class=\"standfirst g-ici-body-regular-2 svelte-19qbux1\">La mise en service est toujours pr\u00e9vue le 20 d\u00e9cembre prochain pour la ligne 5 du tramway \u00e0 Montpellier. Mais des rames circulent d\u00e9j\u00e0 sur le trac\u00e9, pour r\u00e9aliser les premiers essais.<\/p>\n<\/li>\n<\/ul>\n<p class=\"g-ici-body-regular-3 description svelte-1vha4t1\">Tous les vendredis, recevez le meilleur de la semaine d\u2019ici H\u00e9rault\u00a0: certifi\u00e9 100% local\u00a0!<\/p>\n<p>En cliquant sur \u00ab\u00a0S\u2019abonner\u00a0\u00bb, j&rsquo;accepte que les donn\u00e9es recueillies par<br \/>\n        Radio France soient destin\u00e9es \u00e0 l&rsquo;envoi par courrier \u00e9lectronique de<br \/>\n        contenus et d&rsquo;informations relatifs aux programmes. Plus d&rsquo;informations.<\/p>\n","protected":false},"excerpt":{"rendered":"L&rsquo;invit\u00e9 d&rsquo;ici matin, ici H\u00e9rault \u00a9 Radio France &#8211; Atelier Graphique &#8211; Louise Aubin Diffus\u00e9 le mardi 2&hellip;\n","protected":false},"author":2,"featured_media":11291,"comment_status":"","ping_status":"","sticky":false,"template":"","format":"standard","meta":{"footnotes":""},"categories":[9599],"tags":[1111,11,1777,674,1011,27,2208,12,2680,25],"class_list":{"0":"post-360089","1":"post","2":"type-post","3":"status-publish","4":"format-standard","5":"has-post-thumbnail","7":"category-montpellier","8":"tag-actu","9":"tag-actualites","10":"tag-eu","11":"tag-europe","12":"tag-fr","13":"tag-france","14":"tag-montpellier","15":"tag-news","16":"tag-occitanie","17":"tag-republique-francaise"},"share_on_mastodon":{"url":"https:\/\/pubeurope.com\/@fr\/115133200710584311","error":""},"_links":{"self":[{"href":"https:\/\/www.europesays.com\/fr\/wp-json\/wp\/v2\/posts\/360089","targetHints":{"allow":["GET"]}}],"collection":[{"href":"https:\/\/www.europesays.com\/fr\/wp-json\/wp\/v2\/posts"}],"about":[{"href":"https:\/\/www.europesays.com\/fr\/wp-json\/wp\/v2\/types\/post"}],"author":[{"embeddable":true,"href":"https:\/\/www.europesays.com\/fr\/wp-json\/wp\/v2\/users\/2"}],"replies":[{"embeddable":true,"href":"https:\/\/www.europesays.com\/fr\/wp-json\/wp\/v2\/comments?post=360089"}],"version-history":[{"count":0,"href":"https:\/\/www.europesays.com\/fr\/wp-json\/wp\/v2\/posts\/360089\/revisions"}],"wp:featuredmedia":[{"embeddable":true,"href":"https:\/\/www.europesays.com\/fr\/wp-json\/wp\/v2\/media\/11291"}],"wp:attachment":[{"href":"https:\/\/www.europesays.com\/fr\/wp-json\/wp\/v2\/media?parent=360089"}],"wp:term":[{"taxonomy":"category","embeddable":true,"href":"https:\/\/www.europesays.com\/fr\/wp-json\/wp\/v2\/categories?post=360089"},{"taxonomy":"post_tag","embeddable":true,"href":"https:\/\/www.europesays.com\/fr\/wp-json\/wp\/v2\/tags?post=360089"}],"curies":[{"name":"wp","href":"https:\/\/api.w.org\/{rel}","templated":true}]}}