{"id":360090,"date":"2025-09-02T06:11:13","date_gmt":"2025-09-02T06:11:13","guid":{"rendered":"https:\/\/www.europesays.com\/fr\/360090\/"},"modified":"2025-09-02T06:11:13","modified_gmt":"2025-09-02T06:11:13","slug":"un-boulanger-agresse-3-personnes-recherchees","status":"publish","type":"post","link":"https:\/\/www.europesays.com\/fr\/360090\/","title":{"rendered":"Un boulanger agress\u00e9, 3 personnes recherch\u00e9es"},"content":{"rendered":"<p><img decoding=\"async\" fetchpriority=\"high\" src=\"https:\/\/www.europesays.com\/fr\/wp-content\/uploads\/2025\/04\/placeholder_lcp_video.05bf4656ae0a2da173edc7ce90e1a7d8.webp\" width=\"800\" height=\"450\" alt=\"placeholder video\"\/><\/p>\n<p>Un jeune boulanger de 24 ans agress\u00e9 au couteau pour avoir refuser de servir du pain avant l&rsquo;ouverture de l&rsquo;\u00e9tablissement. Bless\u00e9 au thorax, le pronostic vital n&rsquo;est plus engag\u00e9. Trois personnes sont activement recherch\u00e9es par les force de l&rsquo;ordre. Les coll\u00e8gues du jeune homme sont \u00e9galement inquiets pour leur s\u00e9curit\u00e9.\u00a0 <\/p>\n<p>Aujourd&rsquo;hui \u00e0 07h44 | Dur\u00e9e : 1:28<\/p>\n","protected":false},"excerpt":{"rendered":"Un jeune boulanger de 24 ans agress\u00e9 au couteau pour avoir refuser de servir du pain avant l&rsquo;ouverture&hellip;\n","protected":false},"author":2,"featured_media":360091,"comment_status":"","ping_status":"","sticky":false,"template":"","format":"standard","meta":{"footnotes":""},"categories":[9566],"tags":[1111,11,2430,1777,674,1011,27,2731,12,25],"class_list":{"0":"post-360090","1":"post","2":"type-post","3":"status-publish","4":"format-standard","5":"has-post-thumbnail","7":"category-grenoble","8":"tag-actu","9":"tag-actualites","10":"tag-auvergne-rhone-alpes","11":"tag-eu","12":"tag-europe","13":"tag-fr","14":"tag-france","15":"tag-grenoble","16":"tag-news","17":"tag-republique-francaise"},"share_on_mastodon":{"url":"https:\/\/pubeurope.com\/@fr\/115133224683010454","error":""},"_links":{"self":[{"href":"https:\/\/www.europesays.com\/fr\/wp-json\/wp\/v2\/posts\/360090","targetHints":{"allow":["GET"]}}],"collection":[{"href":"https:\/\/www.europesays.com\/fr\/wp-json\/wp\/v2\/posts"}],"about":[{"href":"https:\/\/www.europesays.com\/fr\/wp-json\/wp\/v2\/types\/post"}],"author":[{"embeddable":true,"href":"https:\/\/www.europesays.com\/fr\/wp-json\/wp\/v2\/users\/2"}],"replies":[{"embeddable":true,"href":"https:\/\/www.europesays.com\/fr\/wp-json\/wp\/v2\/comments?post=360090"}],"version-history":[{"count":0,"href":"https:\/\/www.europesays.com\/fr\/wp-json\/wp\/v2\/posts\/360090\/revisions"}],"wp:featuredmedia":[{"embeddable":true,"href":"https:\/\/www.europesays.com\/fr\/wp-json\/wp\/v2\/media\/360091"}],"wp:attachment":[{"href":"https:\/\/www.europesays.com\/fr\/wp-json\/wp\/v2\/media?parent=360090"}],"wp:term":[{"taxonomy":"category","embeddable":true,"href":"https:\/\/www.europesays.com\/fr\/wp-json\/wp\/v2\/categories?post=360090"},{"taxonomy":"post_tag","embeddable":true,"href":"https:\/\/www.europesays.com\/fr\/wp-json\/wp\/v2\/tags?post=360090"}],"curies":[{"name":"wp","href":"https:\/\/api.w.org\/{rel}","templated":true}]}}