{"id":360092,"date":"2025-09-02T06:12:13","date_gmt":"2025-09-02T06:12:13","guid":{"rendered":"https:\/\/www.europesays.com\/fr\/360092\/"},"modified":"2025-09-02T06:12:13","modified_gmt":"2025-09-02T06:12:13","slug":"nous-sommes-dans-une-impasse-pourquoi-ces-enseignants-sont-en-greve-le-lendemain-de-la-rentree-pres-de-rennes","status":"publish","type":"post","link":"https:\/\/www.europesays.com\/fr\/360092\/","title":{"rendered":"\u00ab\u00a0Nous sommes dans une impasse\u00a0\u00bb\u00a0: Pourquoi ces enseignants sont en gr\u00e8ve le lendemain de la rentr\u00e9e pr\u00e8s de Rennes\u00a0?"},"content":{"rendered":"<p>Apr\u00e8s une rentr\u00e9e sans accroc hier, les enseignants du coll\u00e8ge Jean-Moulin \u00e0 Saint-Jacques-de-la-Landes (35), seront en gr\u00e8ve ce mardi 2 septembre. Une vingtaine de professeurs sont concern\u00e9s. \u00ab Nous nous \u00e9tions d\u00e9j\u00e0 mobilis\u00e9s en fin d\u2019ann\u00e9e derni\u00e8re, avec le soutien des parents \u00bb, pr\u00e9cisent Justine Boisneault et Marie Abrioux, respectivement professeure d\u2019anglais et de fran\u00e7ais.<\/p>\n<p>28 \u00e9l\u00e8ves par classe<\/p>\n<p><a href=\"https:\/\/www.letelegramme.fr\/cotes-d-armor\/loudeac-22600\/supprimer-une-classe-cest-juste-une-logique-comptable-au-lycee-fulgence-bienvenue-de-loudeac-les-enseignants-en-greve-6880334.php\" target=\"_blank\" rel=\"nofollow noopener\">La raison de leur contestation : la suppression d\u2019une classe<\/a> de 4e et le passage \u00e0 28 \u00e9l\u00e8ves dans les classes de 5e, 4e et 3e. \u00ab Nous passons de cinq classes de 5e \u00e0 quatre classes de 4e pour le m\u00eame nombre d\u2019\u00e9l\u00e8ves. Nous sommes dans une impasse. Par exemple, nous ne pourrons pas accueillir de nouveaux \u00e9l\u00e8ves en cours d\u2019ann\u00e9e \u00bb, d\u00e9plorent les deux professeures, qui s\u2019expriment \u00e9galement pour leurs coll\u00e8gues.<\/p>\n<p>Pour le corps professoral, ce changement entra\u00eenera surtout \u00ab des conditions d\u00e9grad\u00e9es \u00bb de l\u2019enseignement : \u00ab Nous ne pourrons pas accompagner les \u00e9l\u00e8ves au mieux, soutiennent les deux femmes. Avec 28 \u00e9l\u00e8ves, \u00e7a implique moins de temps, une circulation dans les salles plus difficile, moins d\u2019\u00e9changes libres avec les \u00e9l\u00e8ves. \u00bb<\/p>\n<p>Un public \u00ab fragile \u00bb<\/p>\n<p>Les enseignantes s\u2019interrogent \u00e9galement sur l\u2019Indice de positionnement social (IPS) du coll\u00e8ge, qui ne colle pas avec leur situation : \u00ab Nous avons des \u00e9l\u00e8ves plus fragiles que la moyenne o\u00f9 il y a des demandes sp\u00e9cifiques et des attentes. Nous avons besoin de plus de places. \u00bb Plusieurs adolescents sont en situation de handicap au sein de l\u2019\u00e9tablissement. \u00ab 18 ont le droit d\u2019avoir une AESH. Nous avons seulement six accompagnants, il en manque encore cinq. \u00bb<\/p>\n<p>Une assembl\u00e9e g\u00e9n\u00e9rale est organis\u00e9e d\u00e8s mardi matin. La possibilit\u00e9 d\u2019une reconduction de la gr\u00e8ve sera discut\u00e9e lors de cette r\u00e9union. \u00ab On sait qu\u2019une ouverture est faisable et que \u00e7a peut arriver. \u00bb<\/p>\n","protected":false},"excerpt":{"rendered":"Apr\u00e8s une rentr\u00e9e sans accroc hier, les enseignants du coll\u00e8ge Jean-Moulin \u00e0 Saint-Jacques-de-la-Landes (35), seront en gr\u00e8ve ce&hellip;\n","protected":false},"author":2,"featured_media":360093,"comment_status":"","ping_status":"","sticky":false,"template":"","format":"standard","meta":{"footnotes":""},"categories":[2821],"tags":[1111,11,829,1777,674,1011,27,848,12,584,25],"class_list":{"0":"post-360092","1":"post","2":"type-post","3":"status-publish","4":"format-standard","5":"has-post-thumbnail","7":"category-rennes","8":"tag-actu","9":"tag-actualites","10":"tag-bretagne","11":"tag-eu","12":"tag-europe","13":"tag-fr","14":"tag-france","15":"tag-ille-et-vilaine","16":"tag-news","17":"tag-rennes","18":"tag-republique-francaise"},"share_on_mastodon":{"url":"https:\/\/pubeurope.com\/@fr\/115133228265092163","error":""},"_links":{"self":[{"href":"https:\/\/www.europesays.com\/fr\/wp-json\/wp\/v2\/posts\/360092","targetHints":{"allow":["GET"]}}],"collection":[{"href":"https:\/\/www.europesays.com\/fr\/wp-json\/wp\/v2\/posts"}],"about":[{"href":"https:\/\/www.europesays.com\/fr\/wp-json\/wp\/v2\/types\/post"}],"author":[{"embeddable":true,"href":"https:\/\/www.europesays.com\/fr\/wp-json\/wp\/v2\/users\/2"}],"replies":[{"embeddable":true,"href":"https:\/\/www.europesays.com\/fr\/wp-json\/wp\/v2\/comments?post=360092"}],"version-history":[{"count":0,"href":"https:\/\/www.europesays.com\/fr\/wp-json\/wp\/v2\/posts\/360092\/revisions"}],"wp:featuredmedia":[{"embeddable":true,"href":"https:\/\/www.europesays.com\/fr\/wp-json\/wp\/v2\/media\/360093"}],"wp:attachment":[{"href":"https:\/\/www.europesays.com\/fr\/wp-json\/wp\/v2\/media?parent=360092"}],"wp:term":[{"taxonomy":"category","embeddable":true,"href":"https:\/\/www.europesays.com\/fr\/wp-json\/wp\/v2\/categories?post=360092"},{"taxonomy":"post_tag","embeddable":true,"href":"https:\/\/www.europesays.com\/fr\/wp-json\/wp\/v2\/tags?post=360092"}],"curies":[{"name":"wp","href":"https:\/\/api.w.org\/{rel}","templated":true}]}}