{"id":360096,"date":"2025-09-02T06:14:28","date_gmt":"2025-09-02T06:14:28","guid":{"rendered":"https:\/\/www.europesays.com\/fr\/360096\/"},"modified":"2025-09-02T06:14:28","modified_gmt":"2025-09-02T06:14:28","slug":"payer-son-ticket-cts-en-cb-dans-le-bus-tram-ca-sera-possible-dici-2026-a-strasbourg","status":"publish","type":"post","link":"https:\/\/www.europesays.com\/fr\/360096\/","title":{"rendered":"Payer son ticket CTS en CB dans le bus\/tram ? \u00c7a sera possible d\u2019ici 2026 \u00e0 Strasbourg !"},"content":{"rendered":"<p>    <img loading=\"lazy\" width=\"1800\" height=\"900\" src=\"https:\/\/www.europesays.com\/fr\/wp-content\/uploads\/2025\/08\/jeanne-callthepolice.jpg\" class=\"attachment-full size-full\" alt=\"\" id=\"imageLove\" decoding=\"async\"  \/><\/p>\n<p id=\"breadcrumbs\"><a href=\"https:\/\/pokaa.fr\/\" rel=\"nofollow noopener\" target=\"_blank\">Accueil<\/a> \/ <a href=\"https:\/\/pokaa.fr\/categories\/actu\/\" rel=\"nofollow noopener\" target=\"_blank\">Info locale<\/a> \/ Payer son ticket CTS en CB dans le bus\/tram ? \u00c7a sera possible d\u2019ici 2026 \u00e0 Strasbourg !<\/p>\n<p>                    Info locale<\/p>\n<p><b>Le 26 ao\u00fbt dernier, la CTS lan\u00e7ait la d\u00e9mat\u00e9rialisation compl\u00e8te de sa carte Badg\u00e9o sur Android. Dans le m\u00eame temps, on a appris qu\u2019elle comptait exp\u00e9rimenter le paiement par carte bleue \u00e0 l\u2019int\u00e9rieur des bus et\/ou des trams \u00e0 l\u2019horizon 2026. Pour le moment n\u00e9anmoins, les contours sont encore flous.<\/b><\/p>\n<p class=\"p1\">Enfin, pourrait-on dire. Alors que Strasbourg continue de d\u00e9velopper son r\u00e9seau de bus et de trams, <b>en mati\u00e8re de technologie et de facilit\u00e9 d\u2019utilisation, la ville est encore un peu en retard<\/b>. Mais cela \u00e9volue progressivement, \u00e0 travers quelques innovations de la CTS.<\/p>\n<p class=\"p1\">En premier lieu,<b> la compagnie strasbourgeoise a lanc\u00e9 le 26 ao\u00fbt dernier la d\u00e9mat\u00e9rialisation compl\u00e8te de sa carte Badg\u00e9o sur Android, quatre ans apr\u00e8s la d\u00e9mat\u00e9rialisation des titres de transport<\/b>. En d\u2019autres mots, plus besoin d\u2019avoir sa Badg\u00e9o sur soi, tout peut \u00eatre fait depuis son t\u00e9l\u00e9phone. Il est donc possible d\u2019acheter les m\u00eames titres qu\u2019avec une carte Badg\u00e9o physique, comme les abonnements et tarifs solidaires compris. Un changement qui en pr\u00e9figure d\u2019autres.<\/p>\n<p>                <img width=\"396\" height=\"500\" src=\"https:\/\/www.europesays.com\/fr\/wp-content\/uploads\/2025\/09\/capture-decran-2024-04-18-a-090820-396x500.png\" class=\"attachment-gallery size-gallery\" alt=\"Bus CTS\" data-full-url=\"https:\/\/pokaa.fr\/wp-content\/uploads\/2024\/04\/18\/capture-decran-2024-04-18-a-090820.png\" decoding=\"async\" loading=\"lazy\"  \/>            <\/p>\n<p>                <img width=\"750\" height=\"500\" src=\"https:\/\/www.europesays.com\/fr\/wp-content\/uploads\/2025\/09\/cts-homme-de-fer-750x500.jpg\" class=\"attachment-gallery size-gallery\" alt=\"CTS Homme de Fer\" data-full-url=\"https:\/\/pokaa.fr\/wp-content\/uploads\/2024\/09\/12\/cts-homme-de-fer.jpg\" decoding=\"async\" loading=\"lazy\"  \/>            <\/p>\n<p>                <img width=\"749\" height=\"500\" src=\"https:\/\/www.europesays.com\/fr\/wp-content\/uploads\/2025\/06\/dsc-0597-749x500.jpg\" class=\"attachment-gallery size-gallery\" alt=\"Tram Serge Bloch 6 CTS\" data-full-url=\"https:\/\/pokaa.fr\/wp-content\/uploads\/2025\/06\/02\/dsc-0597-1500x1001.jpg\" decoding=\"async\" loading=\"lazy\"  \/>            <\/p>\n<p>                    1. \u00a9 Kevin.B &#8211; Wikimedia Commons \/ Photo d&rsquo;illustration ; 2. \u00a9 David Lev\u00eaque \/ Pokaa ; 3. \u00a9 Alice Kiefer \/ Pokaa<\/p>\n<p>Une exp\u00e9rimentation \u00e0 partir de 2026, aux contours encore flou<\/p>\n<p class=\"p1\">En effet, <a href=\"https:\/\/www.francemarches.com\/appel-offre\/13joue002929632025-2025-operation-open-paiement?q=\" target=\"_blank\" rel=\"noopener nofollow\">on apprend qu\u2019en mai dernier<\/a>, <b>la CTS a lanc\u00e9 un appel d\u2019offres pour un sujet bien particulier : \u00ab l\u2019open paiement \u00bb, soit une solution de paiement\/validation des titres par carte bancaire dans les bus et trams<\/b>. Un dispositif qui existe d\u00e9j\u00e0 dans plusieurs grandes villes de France et en Alsace, comme \u00e0 Colmar par exemple.<\/p>\n<p class=\"p1\">Contact\u00e9e pour en expliciter les d\u00e9tails, la CTS nous redirige vers le service presse de l\u2019Eurom\u00e9tropole. <b>Celui-ci annonce que le d\u00e9ploiement de la mesure \u00ab\u00a0devrait se faire en 2026 sur un p\u00e9rim\u00e8tre pr\u00e9figurateur dans un premier temps\u00a0<\/b>\u00bb, pr\u00e9cisant que les lignes concern\u00e9es n\u2019\u00e9taient pas encore d\u00e9finies [certains m\u00e9dias locaux parlaient des lignes G et C1, ndlr]. Le d\u00e9ploiement serait ensuite \u00e9largi \u00e0 l\u2019ensemble du r\u00e9seau bus\/tram, mais il faudra encore patienter quelque temps avant d\u2019en savoir plus.<\/p>\n","protected":false},"excerpt":{"rendered":"Accueil \/ Info locale \/ Payer son ticket CTS en CB dans le bus\/tram ? \u00c7a sera possible&hellip;\n","protected":false},"author":2,"featured_media":360097,"comment_status":"","ping_status":"","sticky":false,"template":"","format":"standard","meta":{"footnotes":""},"categories":[2820],"tags":[1111,11,7048,29220,1777,674,1011,27,775,12,25,640,2221],"class_list":{"0":"post-360096","1":"post","2":"type-post","3":"status-publish","4":"format-standard","5":"has-post-thumbnail","7":"category-strasbourg","8":"tag-actu","9":"tag-actualites","10":"tag-bus","11":"tag-cts","12":"tag-eu","13":"tag-europe","14":"tag-fr","15":"tag-france","16":"tag-grand-est","17":"tag-news","18":"tag-republique-francaise","19":"tag-strasbourg","20":"tag-tram"},"share_on_mastodon":{"url":"https:\/\/pubeurope.com\/@fr\/115133236221410820","error":""},"_links":{"self":[{"href":"https:\/\/www.europesays.com\/fr\/wp-json\/wp\/v2\/posts\/360096","targetHints":{"allow":["GET"]}}],"collection":[{"href":"https:\/\/www.europesays.com\/fr\/wp-json\/wp\/v2\/posts"}],"about":[{"href":"https:\/\/www.europesays.com\/fr\/wp-json\/wp\/v2\/types\/post"}],"author":[{"embeddable":true,"href":"https:\/\/www.europesays.com\/fr\/wp-json\/wp\/v2\/users\/2"}],"replies":[{"embeddable":true,"href":"https:\/\/www.europesays.com\/fr\/wp-json\/wp\/v2\/comments?post=360096"}],"version-history":[{"count":0,"href":"https:\/\/www.europesays.com\/fr\/wp-json\/wp\/v2\/posts\/360096\/revisions"}],"wp:featuredmedia":[{"embeddable":true,"href":"https:\/\/www.europesays.com\/fr\/wp-json\/wp\/v2\/media\/360097"}],"wp:attachment":[{"href":"https:\/\/www.europesays.com\/fr\/wp-json\/wp\/v2\/media?parent=360096"}],"wp:term":[{"taxonomy":"category","embeddable":true,"href":"https:\/\/www.europesays.com\/fr\/wp-json\/wp\/v2\/categories?post=360096"},{"taxonomy":"post_tag","embeddable":true,"href":"https:\/\/www.europesays.com\/fr\/wp-json\/wp\/v2\/tags?post=360096"}],"curies":[{"name":"wp","href":"https:\/\/api.w.org\/{rel}","templated":true}]}}