{"id":360098,"date":"2025-09-02T06:15:28","date_gmt":"2025-09-02T06:15:28","guid":{"rendered":"https:\/\/www.europesays.com\/fr\/360098\/"},"modified":"2025-09-02T06:15:28","modified_gmt":"2025-09-02T06:15:28","slug":"mercato-strasbourg-linternational-anglais-chilwell-debarque-en-alsace-en-provenance-de-chelsea","status":"publish","type":"post","link":"https:\/\/www.europesays.com\/fr\/360098\/","title":{"rendered":"Mercato Strasbourg. L\u2019international anglais Chilwell d\u00e9barque en Alsace en provenance de Chelsea"},"content":{"rendered":"<p>Le d\u00e9fenseur lat\u00e9ral international anglais Ben Chilwell s\u2019est engag\u00e9 avec Strasbourg (L1) jusqu\u2019en 2027 en provenance de Chelsea, a annonc\u00e9 lundi soir le Racing.<\/p>\n<p>Le montant de la transaction entre les deux clubs, propri\u00e9t\u00e9s du groupe am\u00e9ricain BlueCo, n\u2019a pas \u00e9t\u00e9 pr\u00e9cis\u00e9.<\/p>\n<p>Form\u00e9 \u00e0 Leicester, le lat\u00e9ral gauche de 28\u00a0ans a \u00e9t\u00e9 champion d\u2019Angleterre en 2015-2016 et a rejoint ensuite Chelsea, avec qui il a remport\u00e9 la Ligue des champions en 2021. Le d\u00e9fenseur avait m\u00eame figur\u00e9 dans l\u2019\u00e9quipe type de la comp\u00e9tition cette ann\u00e9e-l\u00e0.<\/p>\n<p>La saison pass\u00e9e, les Blues l\u2019avaient pr\u00eat\u00e9 \u00e0 Crystal Palace, o\u00f9 il a d\u00e9croch\u00e9 la Coupe d\u2019Angleterre.<\/p>\n<p>Chilwell, qui compte 21\u00a0s\u00e9lections, est la derni\u00e8re recrue d\u2019un mercato strasbourgeois XXL. Plus \u00e9tonnant, \u00e0 28\u00a0ans c\u2019est la recrue estivale la plus \u00e2g\u00e9e du Racing, qui mise depuis son rachat par BlueCo sur des jeunes joueurs \u00e0 fort potentiel. Cela en fait l\u2019un des effectifs les plus jeunes des grands championnats europ\u00e9ens.<\/p>\n<p><strong>Lire aussi<\/strong>\u00a0: <a href=\"https:\/\/rennes.maville.com\/sport\/detail_-pavard-rabiot-giroud-kolo-muani...-ce-qu-il-faut-retenir-de-la-fin-du-mercato-estival-de-football-_54135-6955662_actu.Htm\" target=\"_blank\" rel=\"noopener\">Pavard, Rabiot, Giroud, Kolo Muani\u2026 Ce qu\u2019il faut retenir de la fin du mercato estival de football<\/a><\/p>\n<p>Strasbourg a remport\u00e9 ses deux premiers matches de L1 et a perdu sur le fil dimanche \u00e0 Monaco (3-2), ce qui le place \u00e0 la 6e place du classement. Les Alsaciens sont \u00e9galement qualifi\u00e9s pour la phase de ligue de la Ligue Conf\u00e9rence, o\u00f9 ils doivent justement accueillir Crystal Palace, fin novembre \u00e0 la Meinau.<\/p>\n<p>\u00a0<\/p>\n","protected":false},"excerpt":{"rendered":"Le d\u00e9fenseur lat\u00e9ral international anglais Ben Chilwell s\u2019est engag\u00e9 avec Strasbourg (L1) jusqu\u2019en 2027 en provenance de Chelsea,&hellip;\n","protected":false},"author":2,"featured_media":360099,"comment_status":"","ping_status":"","sticky":false,"template":"","format":"standard","meta":{"footnotes":""},"categories":[2820],"tags":[1111,11,1438,3809,1465,1777,674,63,1011,27,775,1792,1922,12,25,479,517,640,1470],"class_list":{"0":"post-360098","1":"post","2":"type-post","3":"status-publish","4":"format-standard","5":"has-post-thumbnail","7":"category-strasbourg","8":"tag-actu","9":"tag-actualites","10":"tag-angers","11":"tag-ball","12":"tag-basket","13":"tag-eu","14":"tag-europe","15":"tag-football","16":"tag-fr","17":"tag-france","18":"tag-grand-est","19":"tag-handball","20":"tag-info","21":"tag-news","22":"tag-republique-francaise","23":"tag-rugby","24":"tag-sport","25":"tag-strasbourg","26":"tag-volley"},"share_on_mastodon":{"url":"https:\/\/pubeurope.com\/@fr\/115133240006825887","error":""},"_links":{"self":[{"href":"https:\/\/www.europesays.com\/fr\/wp-json\/wp\/v2\/posts\/360098","targetHints":{"allow":["GET"]}}],"collection":[{"href":"https:\/\/www.europesays.com\/fr\/wp-json\/wp\/v2\/posts"}],"about":[{"href":"https:\/\/www.europesays.com\/fr\/wp-json\/wp\/v2\/types\/post"}],"author":[{"embeddable":true,"href":"https:\/\/www.europesays.com\/fr\/wp-json\/wp\/v2\/users\/2"}],"replies":[{"embeddable":true,"href":"https:\/\/www.europesays.com\/fr\/wp-json\/wp\/v2\/comments?post=360098"}],"version-history":[{"count":0,"href":"https:\/\/www.europesays.com\/fr\/wp-json\/wp\/v2\/posts\/360098\/revisions"}],"wp:featuredmedia":[{"embeddable":true,"href":"https:\/\/www.europesays.com\/fr\/wp-json\/wp\/v2\/media\/360099"}],"wp:attachment":[{"href":"https:\/\/www.europesays.com\/fr\/wp-json\/wp\/v2\/media?parent=360098"}],"wp:term":[{"taxonomy":"category","embeddable":true,"href":"https:\/\/www.europesays.com\/fr\/wp-json\/wp\/v2\/categories?post=360098"},{"taxonomy":"post_tag","embeddable":true,"href":"https:\/\/www.europesays.com\/fr\/wp-json\/wp\/v2\/tags?post=360098"}],"curies":[{"name":"wp","href":"https:\/\/api.w.org\/{rel}","templated":true}]}}