{"id":360109,"date":"2025-09-02T06:21:11","date_gmt":"2025-09-02T06:21:11","guid":{"rendered":"https:\/\/www.europesays.com\/fr\/360109\/"},"modified":"2025-09-02T06:21:11","modified_gmt":"2025-09-02T06:21:11","slug":"des-representants-hindous-demandent-a-lopera-national-de-bordeaux-de-retirer-lakme-de-sa-programmation","status":"publish","type":"post","link":"https:\/\/www.europesays.com\/fr\/360109\/","title":{"rendered":"Des repr\u00e9sentants hindous demandent \u00e0 l\u2019Op\u00e9ra National de Bordeaux de retirer \u00ab Lakm\u00e9 \u00bb de sa programmation"},"content":{"rendered":"<p><strong>La Soci\u00e9t\u00e9 Universelle de l\u2019hindouisme exhorte l\u2019Op\u00e9ra National de Bordeaux \u00e0 retirer les repr\u00e9sentations de Lakm\u00e9, programm\u00e9es fin f\u00e9vrier 2026. Selon cette organisation religieuse, l\u2019op\u00e9ra de Leo Delibes \u00ab\u00a0banalise gravement les traditions hindoues\u00a0\u00bb.<\/strong><\/p>\n<p>C\u2019est dans un communiqu\u00e9, publi\u00e9 dans le Montana o\u00f9 il r\u00e9side, que Rajan Zed, pr\u00e9sident de la Soci\u00e9t\u00e9 Universelle de l\u2019hindouisme, une association qui repr\u00e9sente une religion forte de pr\u00e8s de 1,2 milliard de fid\u00e8les dont un tr\u00e8s grande majorit\u00e9 (80%) en Inde, demande avec insistance \u00e0 l\u2019Op\u00e9ra National de Bordeaux de retirer les repr\u00e9sentations de Lakm\u00e9 (dans une version \u00ab revisit\u00e9e \u00bb) programm\u00e9es du 24 au 26 f\u00e9vrier 2026 au Grand Th\u00e9\u00e2tre.<\/p>\n<p>Pour rappel, l\u2019intrigue de l\u2019\u0153uvre lyrique de <a href=\"https:\/\/www.radioclassique.fr\/compositeurs\/leo-delibes\/biographie\/\" rel=\"nofollow noopener\" target=\"_blank\">L\u00e9o Delibes<\/a> se d\u00e9roule \u00e0 la fin du XIXe si\u00e8cle en Inde, alors sous domination britannique. Une \u00e9poque au cours de laquelle, sous la pression de l\u2019occupant, beaucoup d\u2019hindous ont \u00e9t\u00e9 contraints de pratiquer leur religion dans la clandestinit\u00e9. La Soci\u00e9t\u00e9 universelle de l\u2019hindouisme estime donc que cet op\u00e9ra \u00ab constitue un d\u00e9nigrement flagrant d\u2019une riche civilisation et t\u00e9moigne d\u2019attitudes orientalistes du XIXe si\u00e8cle\u00a0\u00bb.<\/p>\n<p>L\u2019organisation avait fait, en vain, la m\u00eame demande au Washington Concert Opera<\/p>\n<p>Dans son communiqu\u00e9, Rajan Zed ajoute qu\u2019il est \u00ab hautement irresponsable \u00bb pour un \u00e9tablissement comme ONB de programmer un tel op\u00e9ra qui avait \u00e9t\u00e9 accus\u00e9 de \u00ab se moquer des autres cultures, d\u2019utiliser une terminologie coloniale (\u2026) de pr\u00e9senter une caricature occidentale de l\u2019h\u00e9ritage oriental, d\u2019encourager les st\u00e9r\u00e9otypes ethniques et de r\u00e9imaginer les traditions-pratiques-divinit\u00e9s hindoues\u00a0\u00bb.<\/p>\n<p style=\"color: #282828; text-align: left;\">A lire aussi<\/p>\n<p>\u00a0<\/p>\n<p>Le pr\u00e9sident de cette puissante organisation n\u2019h\u00e9site pas \u00e0 s\u2019adresser nomm\u00e9ment au pr\u00e9sident du conseil d\u2019administration de l\u2019Op\u00e9ra National de Bordeaux Dimitri Boutleux, \u00e0 son directeur g\u00e9n\u00e9ral <a href=\"https:\/\/www.radioclassique.fr\/classique\/concerts-festivals\/opera-national-de-bordeaux-emmanuel-hondre-se-confie-sur-une-programmation-ouverte-sur-le-monde\/\" rel=\"nofollow noopener\" target=\"_blank\">Emmanuel Hondr\u00e9<\/a> et au directeur musical <a href=\"https:\/\/www.radioclassique.fr\/classique\/joseph-swensen-nomme-directeur-musical-de-lorchestre-national-bordeaux-aquitaine\/\" rel=\"nofollow noopener\" target=\"_blank\">Joseph Swensen<\/a>, auxquels il demande, non seulement le retrait de l\u2019\u0153uvre, mais \u00e9galement des excuses \u00ab pour ce choix inappropri\u00e9 \u00bb et leur sugg\u00e8re de suivre une formation de sensibilisation culturelle \u00ab\u00a0afin que de telles choses inappropri\u00e9es ne se produisent pas \u00e0 l\u2019avenir\u00a0\u00bb.<\/p>\n<\/p>\n<p>Le communiqu\u00e9 reprend pratiquement mot pour mot les \u00e9l\u00e9ments de langage et les arguments qui avaient \u00e9t\u00e9 utilis\u00e9s dans une d\u00e9marche identique mais vaine lorsque le Washington Concert Opera avait annonc\u00e9 la programmation de Lakm\u00e9 en mai 2022.<\/p>\n<p><strong>Philippe Gault<\/strong><\/p>\n<p style=\"color: white; text-align: left;\"><strong>Retrouvez l\u2019actualit\u00e9 du Classique<\/strong><\/p>\n","protected":false},"excerpt":{"rendered":"La Soci\u00e9t\u00e9 Universelle de l\u2019hindouisme exhorte l\u2019Op\u00e9ra National de Bordeaux \u00e0 retirer les repr\u00e9sentations de Lakm\u00e9, programm\u00e9es fin&hellip;\n","protected":false},"author":2,"featured_media":360110,"comment_status":"","ping_status":"","sticky":false,"template":"","format":"standard","meta":{"footnotes":""},"categories":[2817],"tags":[1111,11,1997,1777,674,1011,27,12,2219,25],"class_list":{"0":"post-360109","1":"post","2":"type-post","3":"status-publish","4":"format-standard","5":"has-post-thumbnail","7":"category-bordeaux","8":"tag-actu","9":"tag-actualites","10":"tag-bordeaux","11":"tag-eu","12":"tag-europe","13":"tag-fr","14":"tag-france","15":"tag-news","16":"tag-nouvelle-aquitaine","17":"tag-republique-francaise"},"share_on_mastodon":{"url":"https:\/\/pubeurope.com\/@fr\/115133263673934873","error":""},"_links":{"self":[{"href":"https:\/\/www.europesays.com\/fr\/wp-json\/wp\/v2\/posts\/360109","targetHints":{"allow":["GET"]}}],"collection":[{"href":"https:\/\/www.europesays.com\/fr\/wp-json\/wp\/v2\/posts"}],"about":[{"href":"https:\/\/www.europesays.com\/fr\/wp-json\/wp\/v2\/types\/post"}],"author":[{"embeddable":true,"href":"https:\/\/www.europesays.com\/fr\/wp-json\/wp\/v2\/users\/2"}],"replies":[{"embeddable":true,"href":"https:\/\/www.europesays.com\/fr\/wp-json\/wp\/v2\/comments?post=360109"}],"version-history":[{"count":0,"href":"https:\/\/www.europesays.com\/fr\/wp-json\/wp\/v2\/posts\/360109\/revisions"}],"wp:featuredmedia":[{"embeddable":true,"href":"https:\/\/www.europesays.com\/fr\/wp-json\/wp\/v2\/media\/360110"}],"wp:attachment":[{"href":"https:\/\/www.europesays.com\/fr\/wp-json\/wp\/v2\/media?parent=360109"}],"wp:term":[{"taxonomy":"category","embeddable":true,"href":"https:\/\/www.europesays.com\/fr\/wp-json\/wp\/v2\/categories?post=360109"},{"taxonomy":"post_tag","embeddable":true,"href":"https:\/\/www.europesays.com\/fr\/wp-json\/wp\/v2\/tags?post=360109"}],"curies":[{"name":"wp","href":"https:\/\/api.w.org\/{rel}","templated":true}]}}