{"id":360113,"date":"2025-09-02T06:23:11","date_gmt":"2025-09-02T06:23:11","guid":{"rendered":"https:\/\/www.europesays.com\/fr\/360113\/"},"modified":"2025-09-02T06:23:11","modified_gmt":"2025-09-02T06:23:11","slug":"entretien-le-quinte-il-faut-que-lon-soit-dedans-le-president-philippe-dallard-evoque-la-saison-du-fenix-toulouse","status":"publish","type":"post","link":"https:\/\/www.europesays.com\/fr\/360113\/","title":{"rendered":"ENTRETIEN. \u00ab\u00a0Le quint\u00e9\u00a0? Il faut que l\u2019on soit dedans\u00a0!\u00a0\u00bb Le pr\u00e9sident Philippe Dallard \u00e9voque la saison du Fenix Toulouse"},"content":{"rendered":"<p>\n                                                                    l&rsquo;essentiel<br \/>\n                                                                \u00c0 quelques heures du coup d\u2019envoi de la saison, ce mardi soir \u00e0 Cr\u00e9teil pour l\u2019entr\u00e9e en lice du Fenix Toulouse en Coupe de France, son pr\u00e9sident Philippe Dallard s\u2019est confi\u00e9 \u00e0 \u00ab\u00a0La D\u00e9p\u00eache du Midi\u00a0\u00bb.\n                            <\/p>\n<p><strong>Alors que le Fenix a termin\u00e9 les deux derni\u00e8res saisons \u00e0 la quatri\u00e8me place, derri\u00e8re un trio (Paris, Nantes, Montpellier) qui semble inaccessible, dans quel \u00e9tat d\u2019esprit abordez-vous cet exercice\u00a0?<\/strong><\/p>\n<p>Pour conqu\u00e9rir cette quatri\u00e8me place il a fallu tellement d\u2019abn\u00e9gation, de travail, de souffrance que nous en avons profit\u00e9 d\u00e9s le soir de la derni\u00e8re journ\u00e9e. J\u2019y tenais car il ne faut ni galvauder ni banaliser ce qui est une vraie performance\u00a0: jamais depuis que le PSG est le PSG (propri\u00e9t\u00e9 de Qatar Investment Authority depuis 2012, NDLR) le quatri\u00e8me n\u2019avait \u00e9t\u00e9 deux ans de suite le m\u00eame. C\u2019est la meilleure preuve de notre r\u00e9gularit\u00e9. Et cela donne automatiquement l\u2019envie d\u2019y revenir (sourire).<\/p>\n<p><strong>En Coupe d\u2019Europe\u00a0?<\/strong><\/p>\n<p>Oui. Une belle saison c\u2019est une saison avec la Coupe d\u2019Europe et les voyages qui vont avec. On sait que l\u2019on va \u00eatre attendu partout mais on n\u2019a pas peur. On s\u2019attend \u00e0 souffrir, surtout en premi\u00e8re partie de saison car notre effectif est touch\u00e9 par des blessures (Jarry, Martins Vieira) tandis que d\u2019autres ne reviennent \u00e0 peine (Kempf, Brolin, NDLR). Ce n\u2019est pas la pr\u00e9paration id\u00e9ale mais \u00e0 Toulouse on n\u2019est jamais aussi bon que dans la difficult\u00e9.<\/p>\n<p>\u00a0<\/p>\n<p class=\"std-elt__inline\">\n        <strong>\u00c0 lire aussi :<\/strong><br \/>\n        <a href=\"https:\/\/www.ladepeche.fr\/2025\/08\/21\/fenix-toulouse-on-manque-tellement-de-monde-le-coach-toulousain-inquiet-avant-le-dernier-match-amical-de-la-preparation-12887282.php\" rel=\"nofollow noopener\" target=\"_blank\">Fenix Toulouse\u00a0: \u00ab\u00a0On manque tellement de monde\u00a0\u00bb, le coach toulousain inquiet avant le dernier match amical de la pr\u00e9paration<\/a>\n    <\/p>\n<p><strong>L\u2019objectif c\u2019est donc le Top 5\u00a0?<\/strong><\/p>\n<p>On peut imaginer que nous avons atteint notre plafond de verre mais on va quand m\u00eame continuer de chercher \u00e0 faire mieux (sourire). Les trois \u00e9quipes devant nous sont intouchables\u00a0: on a le tierc\u00e9 m\u00eame si on n\u2019a pas l\u2019ordre. Le quint\u00e9\u00a0? Il faut que l\u2019on soit dedans. \u00c0 Toulouse nous ne sommes que deux \u00e0 jouer l\u2019Europe\u00a0: le Stade Toulousain et le Fenix et on est nourri par ce besoin de repr\u00e9senter le club au-del\u00e0 des fronti\u00e8res.<\/p>\n<p><strong>Concr\u00e8tement quel sera le budget du club cette saison\u00a0?<\/strong><\/p>\n<p>Un peu moins de 4\u00a0millions d\u2019euros, en l\u00e9g\u00e8re hausse par rapport \u00e0 la saison derni\u00e8re. C\u2019est l\u2019\u00e9quivalent du 12e budget du championnat, sachant que le budget moyen en France est de 5,8\u00a0millions et le budget m\u00e9dian (les 7 plus gros et les 7 plus petits, NDLR) de 4,6. Nous serons donc en dessous des deux. C\u2019est s\u00fbr qu\u2019avec ces moyens on ne peut pas se permettre de trop se tromper, ni sur le recrutement, ni sur le management.<\/p>\n<p><strong>Quelles sont selon vous les cl\u00e9s de cette r\u00e9ussite\u00a0?<\/strong><\/p>\n<p>Je veux bien croire que certains soient lass\u00e9s de nous voir mieux class\u00e9s qu\u2019eux alors qu\u2019ils ont un budget nettement plus important mais sans doute cela traduit-il la qualit\u00e9 du travail fourni ici. Les joueurs qui quittent Toulouse sont tous de meilleurs joueurs qu\u2019en arrivant et beaucoup restent ici alors qu\u2019on leur propose plus ailleurs. Nous avons d\u2019excellentes conditions de travail\u00a0: on r\u00e9cup\u00e8re mieux, on se soigne mieux, on voyage mieux. Il y a une vraie complicit\u00e9 entre nous tous, des joueurs au pr\u00e9sident. Je ne dis pas que l\u2019on est meilleur, je dis que l\u2019on est diff\u00e9rent car on n\u2019a pas le choix. Et puis tout le monde en a peut-\u00eatre un peu marre de voir Danijel Andjelkovic meilleur coach de France (2022, 2023 et 2025, NDLR) mais il faut bien reconna\u00eetre que c\u2019est vraiment le meilleur avec R\u00e9mi (Calvel, son adjoint, NDLR).<\/p>\n<p><strong>Ces distinctions attisent de plus en plus les convoitises\u00a0: cette saison peut-elle \u00eatre la derni\u00e8re de Danijel Andjelkovic \u00e0 la t\u00eate du Fenix\u00a0?<\/strong><\/p>\n<p>Je ne crois pas non. Il est sous contrat jusqu\u2019en 2027. Il sait ce qu\u2019il fait. Le jour o\u00f9 il voudra partir cela se r\u00e9glera en deux minutes car j\u2019ai \u00e9norm\u00e9ment de respect pour lui. Dans le m\u00eame ordre d\u2019id\u00e9e, nous avons prolong\u00e9 R\u00e9mi Calvel (jusqu\u2019en 2027, NDLR)\u00a0: on s\u2019est fait un resto et cela a dur\u00e9 quarante-huit secondes (il \u00e9clate de rire).<\/p>\n<p><strong>Derni\u00e8re question\u00a0: le Toulouse Basket Club a r\u00e9cemment annonc\u00e9 les arriv\u00e9es conjointes de personnalit\u00e9s du sport comme Antoine Dupont, Xavier Marchand ainsi que Big Flo et Oli comme investisseurs. Que cela vous inspire-t-il\u00a0?<\/strong><\/p>\n<p>Nous ne sommes jaloux personne. C\u2019est une bonne chose que ceux qui r\u00e9ussissent r\u00e9investissent dans le sport toulousain. Que les sportifs ais\u00e9s, toulousains veuillent investir dans leur ville je ne peux que m\u2019en r\u00e9jouir. Il y a de la place pour tout le monde, on supporte tous les clubs. Maintenant il faut que les outils suivent. Que cela donne des id\u00e9es aux autres, et s\u2019ils veulent venir au Fenix c\u2019est avec grand plaisir\u00a0!<\/p>\n","protected":false},"excerpt":{"rendered":"l&rsquo;essentiel \u00c0 quelques heures du coup d\u2019envoi de la saison, ce mardi soir \u00e0 Cr\u00e9teil pour l\u2019entr\u00e9e en&hellip;\n","protected":false},"author":2,"featured_media":360114,"comment_status":"","ping_status":"","sticky":false,"template":"","format":"standard","meta":{"footnotes":""},"categories":[2816],"tags":[1111,11,1777,674,1011,27,12,2680,25,2312],"class_list":{"0":"post-360113","1":"post","2":"type-post","3":"status-publish","4":"format-standard","5":"has-post-thumbnail","7":"category-toulouse","8":"tag-actu","9":"tag-actualites","10":"tag-eu","11":"tag-europe","12":"tag-fr","13":"tag-france","14":"tag-news","15":"tag-occitanie","16":"tag-republique-francaise","17":"tag-toulouse"},"share_on_mastodon":{"url":"https:\/\/pubeurope.com\/@fr\/115133271335582926","error":""},"_links":{"self":[{"href":"https:\/\/www.europesays.com\/fr\/wp-json\/wp\/v2\/posts\/360113","targetHints":{"allow":["GET"]}}],"collection":[{"href":"https:\/\/www.europesays.com\/fr\/wp-json\/wp\/v2\/posts"}],"about":[{"href":"https:\/\/www.europesays.com\/fr\/wp-json\/wp\/v2\/types\/post"}],"author":[{"embeddable":true,"href":"https:\/\/www.europesays.com\/fr\/wp-json\/wp\/v2\/users\/2"}],"replies":[{"embeddable":true,"href":"https:\/\/www.europesays.com\/fr\/wp-json\/wp\/v2\/comments?post=360113"}],"version-history":[{"count":0,"href":"https:\/\/www.europesays.com\/fr\/wp-json\/wp\/v2\/posts\/360113\/revisions"}],"wp:featuredmedia":[{"embeddable":true,"href":"https:\/\/www.europesays.com\/fr\/wp-json\/wp\/v2\/media\/360114"}],"wp:attachment":[{"href":"https:\/\/www.europesays.com\/fr\/wp-json\/wp\/v2\/media?parent=360113"}],"wp:term":[{"taxonomy":"category","embeddable":true,"href":"https:\/\/www.europesays.com\/fr\/wp-json\/wp\/v2\/categories?post=360113"},{"taxonomy":"post_tag","embeddable":true,"href":"https:\/\/www.europesays.com\/fr\/wp-json\/wp\/v2\/tags?post=360113"}],"curies":[{"name":"wp","href":"https:\/\/api.w.org\/{rel}","templated":true}]}}