{"id":360120,"date":"2025-09-02T06:28:14","date_gmt":"2025-09-02T06:28:14","guid":{"rendered":"https:\/\/www.europesays.com\/fr\/360120\/"},"modified":"2025-09-02T06:28:14","modified_gmt":"2025-09-02T06:28:14","slug":"ils-convoyaient-pres-de-800-kg-de-cannabis-vers-lyon-deux-vaudais-ecroues","status":"publish","type":"post","link":"https:\/\/www.europesays.com\/fr\/360120\/","title":{"rendered":"Ils convoyaient pr\u00e8s de 800 kg de cannabis vers Lyon : deux Vaudais \u00e9crou\u00e9s"},"content":{"rendered":"<p>Il devait arroser toute la r\u00e9gion lyonnaise&#8230; Un poids-lourd transportant pr\u00e8s de 800 kg de cannabis a \u00e9t\u00e9 arr\u00eat\u00e9 le 27 ao\u00fbt au P\u00e9age-de-Roussillon, en Is\u00e8re. Le chauffeur et son passager ont \u00e9t\u00e9 plac\u00e9s en d\u00e9tention provisoire.<\/p>\n<p>Il \u00e9tait pist\u00e9 depuis quelques temps&#8230; Un camion transportant <b>798 kg<\/b> <b>de cannabis<\/b> a \u00e9t\u00e9 intercept\u00e9 mercredi 27 ao\u00fbt au <b>P\u00e9age-de-Roussillon<\/b>, dans le nord-Is\u00e8re. La marchandise, destin\u00e9e \u00e0 fournir la r\u00e9gion lyonnaise, est estim\u00e9e \u00e0 plus de <b>20 millions<\/b> d&rsquo;euros \u00e0 la revente, selon <a class=\"url\" href=\"https:\/\/c.ledauphine.com\/faits-divers-justice\/2025\/09\/01\/isere-le-peage-de-roussillon-ils-transportaient-pour-20-millions-d-euros-de-cannabis-les-convoyeurs-ecroues\" target=\"_blank\" rel=\"nofollow noopener\">Le Dauphin\u00e9 Lib\u00e9r\u00e9<\/a>. <\/p>\n<p>Deux individus connus de la justice<\/p>\n<p>Le chauffeur, \u00e2g\u00e9 de 47 ans, et son passager de 39 ans, tous deux originaires de <b>Vaulx-en-Velin<\/b>, ont \u00e9t\u00e9 plac\u00e9s en <b>d\u00e9tention provisoire<\/b> ce lundi 1er septembre, en attendant leur jugement le mois prochain. <\/p>\n<p>Ces deux individus avaient d\u00e9j\u00e0 \u00e9t\u00e9 condamn\u00e9s pour braquage et trafic de stup\u00e9fiants. Ils auraient agi cette fois pour \u00e9ponger des <b>dettes de jeu<\/b>.\u00a0 \u00a0<\/p>\n<p><img loading=\"lazy\" decoding=\"async\" src=\"https:\/\/www.europesays.com\/fr\/wp-content\/uploads\/2025\/09\/1756794494_801_img\" width=\"350\" height=\"200\" border=\"0\" title=\"Chocolat a \u00c3\u00a9t\u00c3\u00a9 retrouv\u00c3\u00a9 \u00c3\u00a0 Vichy dans l'Allier\"\/><\/p>\n<p>\u25baSoci\u00e9t\u00e9<\/p>\n<p style=\"font-size: 22px;\"><b>Disparu \u00e0 Givors, Chocolat a \u00e9t\u00e9 retrouv\u00e9 180 km plus loin<\/b><\/p>\n<p>Chocolat, un chat port\u00e9 disparu depuis le 14 octobre&#8230;<\/p>\n<p><\/p>\n","protected":false},"excerpt":{"rendered":"Il devait arroser toute la r\u00e9gion lyonnaise&#8230; Un poids-lourd transportant pr\u00e8s de 800 kg de cannabis a \u00e9t\u00e9&hellip;\n","protected":false},"author":2,"featured_media":360121,"comment_status":"","ping_status":"","sticky":false,"template":"","format":"standard","meta":{"footnotes":""},"categories":[1889],"tags":[1111,11,2430,660,3675,981,49558,1052,49557,1777,674,1011,27,2428,12,20999,806,25,49556],"class_list":{"0":"post-360120","1":"post","2":"type-post","3":"status-publish","4":"format-standard","5":"has-post-thumbnail","7":"category-lyon","8":"tag-actu","9":"tag-actualites","10":"tag-auvergne-rhone-alpes","11":"tag-camion","12":"tag-cannabis","13":"tag-douane","14":"tag-dounae","15":"tag-drogue","16":"tag-ecrous","17":"tag-eu","18":"tag-europe","19":"tag-fr","20":"tag-france","21":"tag-lyon","22":"tag-news","23":"tag-poids-lourds","24":"tag-prison","25":"tag-republique-francaise","26":"tag-vaudais"},"share_on_mastodon":{"url":"https:\/\/pubeurope.com\/@fr\/115133291302874563","error":""},"_links":{"self":[{"href":"https:\/\/www.europesays.com\/fr\/wp-json\/wp\/v2\/posts\/360120","targetHints":{"allow":["GET"]}}],"collection":[{"href":"https:\/\/www.europesays.com\/fr\/wp-json\/wp\/v2\/posts"}],"about":[{"href":"https:\/\/www.europesays.com\/fr\/wp-json\/wp\/v2\/types\/post"}],"author":[{"embeddable":true,"href":"https:\/\/www.europesays.com\/fr\/wp-json\/wp\/v2\/users\/2"}],"replies":[{"embeddable":true,"href":"https:\/\/www.europesays.com\/fr\/wp-json\/wp\/v2\/comments?post=360120"}],"version-history":[{"count":0,"href":"https:\/\/www.europesays.com\/fr\/wp-json\/wp\/v2\/posts\/360120\/revisions"}],"wp:featuredmedia":[{"embeddable":true,"href":"https:\/\/www.europesays.com\/fr\/wp-json\/wp\/v2\/media\/360121"}],"wp:attachment":[{"href":"https:\/\/www.europesays.com\/fr\/wp-json\/wp\/v2\/media?parent=360120"}],"wp:term":[{"taxonomy":"category","embeddable":true,"href":"https:\/\/www.europesays.com\/fr\/wp-json\/wp\/v2\/categories?post=360120"},{"taxonomy":"post_tag","embeddable":true,"href":"https:\/\/www.europesays.com\/fr\/wp-json\/wp\/v2\/tags?post=360120"}],"curies":[{"name":"wp","href":"https:\/\/api.w.org\/{rel}","templated":true}]}}