{"id":360122,"date":"2025-09-02T06:29:17","date_gmt":"2025-09-02T06:29:17","guid":{"rendered":"https:\/\/www.europesays.com\/fr\/360122\/"},"modified":"2025-09-02T06:29:17","modified_gmt":"2025-09-02T06:29:17","slug":"suspect-mobile-ce-que-lon-sait-deux-jours-apres-le-drame","status":"publish","type":"post","link":"https:\/\/www.europesays.com\/fr\/360122\/","title":{"rendered":"suspect, mobile&#8230;. Ce que l&rsquo;on sait deux jours apr\u00e8s le drame"},"content":{"rendered":"<p class=\"article-p mdl\">Chems, 16 ans, a \u00e9t\u00e9 tu\u00e9 d&rsquo;un coup de couteau dimanche 31 ao\u00fbt \u00e0\u00a0Caluire, dans la banlieue de Lyon. Le drame aurait eu lieu apr\u00e8s une altercation avec un adolescent \u00e2g\u00e9 de 13 ans. Le suspect a \u00e9t\u00e9\u00a0<a class=\"link\" href=\"https:\/\/www.rtl.fr\/actu\/justice-faits-divers\/info-rtl-un-adolescent-de-13-ans-place-en-garde-a-vue-apres-la-mort-d-un-jeune-de-16-ans-pres-de-lyon-7900536243\" target=\"_blank\" rel=\"noopener\">plac\u00e9 en garde \u00e0 vue<\/a>\u00a0au lendemain des faits. Sur RTL, la m\u00e8re de la victime assurait que son fils \u00e9tait\u00a0<a class=\"link\" href=\"https:\/\/www.rtl.fr\/actu\/justice-faits-divers\/document-rtl-il-est-mort-pour-rien-l-emotion-de-la-mere-de-l-ado-de-16-ans-mort-poignarde-pres-de-lyon-7900536246\" title=\"DOCUMENT RTL - &quot;Il est mort pour rien&quot; : l&#039;\u00e9motion de la m\u00e8re de l&#039;ado de 16 ans poignard\u00e9 pr\u00e8s de Lyon\" target=\"_blank\" rel=\"noopener\">\u00ab\u00a0mort pour rien\u00a0\u00bb<\/a>. Ce mardi, c&rsquo;est la cousine de cette derni\u00e8re qui prend la parole sur RTL. \u00ab\u00a0On est totalement perdus. On ne comprend pas parce que Chems c&rsquo;est un gentil gar\u00e7on, il ne fait pas de b\u00eatises. Il \u00e9tait <strong>d&rsquo;une douceur pas possible<\/strong>\u00ab\u00a0, assure Karima.<\/p>\n<p class=\"article-p mdl\">\u00ab\u00a0C&rsquo;est extr\u00eamement grave qu&rsquo;il re\u00e7oive un coup de couteau dans le c\u0153ur sans aucune h\u00e9sitation par un gamin de 12-13 ans\u00a0\u00bb, s&rsquo;indigne-t-elle. Selon elle, Chems aurait \u00e9t\u00e9 \u00ab\u00a0rackett\u00e9 il y a d\u00e9j\u00e0 quelques mois\u00a0\u00bb avant de dire \u00ab\u00a0stop\u00a0\u00bb, ce qui aurait d\u00e9clench\u00e9 l&rsquo;altercation entre les deux adolescents. \u00ab\u00a0Pour moi, le gosse, il savait ce qu&rsquo;il faisait. Il est arriv\u00e9 avec un couteau, il lui a mis dans le c\u0153ur, il est parti. Il ne lui a laiss\u00e9 aucune chance \u00e0 Chems, parce qu&rsquo;il a enfonc\u00e9 toute la lame dans le c\u0153ur.<strong> Mais mon Dieu, o\u00f9 va-t-on ? O\u00f9 sont les parents ? O\u00f9 sont les parents ?<\/strong>\u00ab\u00a0, s&rsquo;indigne Karima.<\/p>\n<p>            Une tentative de vol de portable \u00e0 l&rsquo;origine du drame ?<\/p>\n<p class=\"article-p mdl\">Selon les premiers \u00e9l\u00e9ments de l&rsquo;enqu\u00eate, juste avant le drame, la victime et deux amis discutaient au pied d&rsquo;un immeuble de Caluire. C&rsquo;est l\u00e0 qu&rsquo;ils auraient eu une altercation verbale avec l&rsquo;agresseur. <strong>Soup\u00e7onn\u00e9 d&rsquo;avoir voulu voler le t\u00e9l\u00e9phone portable<\/strong> de Chems au d\u00e9but de l&rsquo;\u00e9t\u00e9. Des invectives ont fus\u00e9 et l&rsquo;adolescent a sorti son couteau type opinel, avant de le frapper en plein c\u0153ur avant de s&rsquo;enfuir et d&rsquo;\u00eatre interpell\u00e9 quelques heures plus tard.<\/p>\n<p class=\"article-p mdl\">L&rsquo;auteur du coup mortel est un coll\u00e9gien, scolaris\u00e9 en 5e dans un \u00e9tablissement priv\u00e9 de Lyon. Un footballeur tr\u00e8s prometteur de l&rsquo;Acad\u00e9mie des Jeunes de l&rsquo;Olympique Lyonnais. L&rsquo;adolescent, tr\u00e8s athl\u00e9tique, qui fait plus que son \u00e2ge, a \u00e9t\u00e9 plac\u00e9 en garde \u00e0 vue. A-t-il eu peur face aux trois adolescents plus \u00e2g\u00e9s qui l&rsquo;invectivaient, selon leur propre d\u00e9claration \u00e0 la police ? C&rsquo;est ce que cherchent \u00e0 savoir les enqu\u00eateurs qui l&rsquo;interrogent.<\/p>\n<p>    La r\u00e9daction vous recommande<\/p>\n<p class=\"s-newsletter__title\">\n                L\u2019actualit\u00e9 par la r\u00e9daction de RTL dans votre bo\u00eete mail.\n            <\/p>\n<p class=\"s-newsletter__subtitle\">\n                Gr\u00e2ce \u00e0 votre compte RTL abonnez-vous \u00e0 la newsletter RTL info pour suivre toute l&rsquo;actualit\u00e9 au quotidien\n            <\/p>\n<p>\n                                    Lire la suite\n                                <\/p>\n","protected":false},"excerpt":{"rendered":"Chems, 16 ans, a \u00e9t\u00e9 tu\u00e9 d&rsquo;un coup de couteau dimanche 31 ao\u00fbt \u00e0\u00a0Caluire, dans la banlieue de&hellip;\n","protected":false},"author":2,"featured_media":358707,"comment_status":"","ping_status":"","sticky":false,"template":"","format":"standard","meta":{"footnotes":""},"categories":[1889],"tags":[1111,11,2430,1777,674,118,107,1011,27,2428,12,362,25],"class_list":{"0":"post-360122","1":"post","2":"type-post","3":"status-publish","4":"format-standard","5":"has-post-thumbnail","7":"category-lyon","8":"tag-actu","9":"tag-actualites","10":"tag-auvergne-rhone-alpes","11":"tag-eu","12":"tag-europe","13":"tag-faits-divers","14":"tag-fil-info","15":"tag-fr","16":"tag-france","17":"tag-lyon","18":"tag-news","19":"tag-replay","20":"tag-republique-francaise"},"share_on_mastodon":{"url":"https:\/\/pubeurope.com\/@fr\/115133295224371470","error":""},"_links":{"self":[{"href":"https:\/\/www.europesays.com\/fr\/wp-json\/wp\/v2\/posts\/360122","targetHints":{"allow":["GET"]}}],"collection":[{"href":"https:\/\/www.europesays.com\/fr\/wp-json\/wp\/v2\/posts"}],"about":[{"href":"https:\/\/www.europesays.com\/fr\/wp-json\/wp\/v2\/types\/post"}],"author":[{"embeddable":true,"href":"https:\/\/www.europesays.com\/fr\/wp-json\/wp\/v2\/users\/2"}],"replies":[{"embeddable":true,"href":"https:\/\/www.europesays.com\/fr\/wp-json\/wp\/v2\/comments?post=360122"}],"version-history":[{"count":0,"href":"https:\/\/www.europesays.com\/fr\/wp-json\/wp\/v2\/posts\/360122\/revisions"}],"wp:featuredmedia":[{"embeddable":true,"href":"https:\/\/www.europesays.com\/fr\/wp-json\/wp\/v2\/media\/358707"}],"wp:attachment":[{"href":"https:\/\/www.europesays.com\/fr\/wp-json\/wp\/v2\/media?parent=360122"}],"wp:term":[{"taxonomy":"category","embeddable":true,"href":"https:\/\/www.europesays.com\/fr\/wp-json\/wp\/v2\/categories?post=360122"},{"taxonomy":"post_tag","embeddable":true,"href":"https:\/\/www.europesays.com\/fr\/wp-json\/wp\/v2\/tags?post=360122"}],"curies":[{"name":"wp","href":"https:\/\/api.w.org\/{rel}","templated":true}]}}