{"id":360125,"date":"2025-09-02T06:32:29","date_gmt":"2025-09-02T06:32:29","guid":{"rendered":"https:\/\/www.europesays.com\/fr\/360125\/"},"modified":"2025-09-02T06:32:29","modified_gmt":"2025-09-02T06:32:29","slug":"le-soleil-et-la-chaleur-de-retour-a-paris-et-en-ile-de-france-a-partir-de-cette-date","status":"publish","type":"post","link":"https:\/\/www.europesays.com\/fr\/360125\/","title":{"rendered":"le soleil et la chaleur de retour \u00e0 Paris et en \u00cele-de-France \u00e0 partir de cette date"},"content":{"rendered":"<p> <img decoding=\"async\" fetchpriority=\"high\" src=\"https:\/\/www.europesays.com\/fr\/wp-content\/uploads\/2025\/09\/dailymotion-x9prgso_1024.jpg\"  width=\"768\" height=\"432\" id=\"x9prgso\"\/>  <\/p>\n<p>Les perturbations en provenance de l\u2019Atlantique d\u00e9filent sur la France et des pluies traversent l\u2019\u00cele-de-France. Mais nous savons quand l\u2019anticyclone va revenir, avec \u00e0 la cl\u00e9 le retour du soleil et de la chaleur. Voici la date.<\/p>\n<p>    <img decoding=\"async\" fetchpriority=\"high\" src=\"https:\/\/www.europesays.com\/fr\/wp-content\/uploads\/2025\/04\/marc-hay.jpg\" alt=\"Marc Hay\" width=\"40\" height=\"40\"\/>    <a class=\"nombre text-hv\" href=\"https:\/\/www.tameteo.com\/auteur\/marc-hay\/\" title=\"Marc Hay\" rel=\"nofollow noopener\" target=\"_blank\">Marc Hay<\/a>         01\/09\/2025 09:02   3 min   <\/p>\n<p>Les conditions m\u00e9t\u00e9orologiques ont parfois eu<strong> des allures automnales<\/strong> ces derniers jours au-dessus de Paris et de l\u2019\u00cele-de-France. Apr\u00e8s les effets d\u2019un ex-ouragan, Erin, des pluies ont circul\u00e9 en lien avec une ex-temp\u00eate tropicale, la d\u00e9pression Fernand.<\/p>\n<p><strong>La porte aux perturbations venues de l\u2019Atlantique reste grande ouverte en ce d\u00e9but de semaine, <\/strong>et celles-ci vont donc se succ\u00e9der sur la <a href=\"https:\/\/www.tameteo.com\/actualites\/previsions\/tameteo.com\" rel=\"nofollow noopener\" target=\"_blank\">France<\/a> au cours des prochains jours.<\/p>\n<p>Nous avons toutefois une bonne nouvelle \u00e0 vous annoncer :<strong> l\u2019anticyclone semble vouloir revenir tr\u00e8s prochainement. <\/strong>\u00c0 partir de quelle date peut-on esp\u00e9rer une am\u00e9lioration ? Le soleil et la chaleur vont-ils faire leur retour sur la r\u00e9gion parisienne ? Va-t-il \u00e0 nouveau faire chaud, comme en plein \u00e9t\u00e9 ? <\/p>\n<p>Pour le savoir, <strong>retrouvez nos derni\u00e8res pr\u00e9visions m\u00e9t\u00e9o dans cet article.<\/strong><\/p>\n<p>Pour le moment, les perturbations d\u00e9filent !<\/p>\n<p>Apr\u00e8s les pluies observ\u00e9es hier, un ciel de tra\u00eene va s\u2019imposer aujourd\u2019hui sur la r\u00e9gion parisienne <strong>avec des averses qui pourront localement prendre un caract\u00e8re orageux.<\/strong><\/p>\n<p><a class=\"imagen \" href=\"https:\/\/www.tameteo.com\/actualites\/previsions\/pluies-inondations-orages-episode-mediterraneen-11-departements-en-vigilance-orange-previsions-france-sud-est-auvergne-bourgogne-meteo.html\" title=\"Pluies, inondations, orages et \u00e9pisode m\u00e9diterran\u00e9en : \u00e0 quoi s&#039;attendre dans les 11 d\u00e9partements en vigilance orange ?\" rel=\"nofollow noopener\" target=\"_blank\"><img loading=\"lazy\" decoding=\"async\" fetchpriority=\"low\" class=\"lazy img-body non-editable\" src=\"https:\/\/www.europesays.com\/fr\/wp-content\/uploads\/2025\/09\/pluies-inondations-orages-episode-mediterraneen-11-departements-en-vigilance-orange-previsions-franc.png\"  width=\"320\" height=\"225\" alt=\"Pluies, inondations, orages et \u00e9pisode m\u00e9diterran\u00e9en : \u00e0 quoi s'attendre dans les 11 d\u00e9partements en vigilance orange ?\"\/><\/a><\/p>\n<p>Les temp\u00e9ratures resteront fra\u00eeches pour la saison, <strong>avec une maximale de 22 degr\u00e9s \u00e0 Paris cet apr\u00e8s-midi.<\/strong><\/p>\n<p><img loading=\"lazy\" decoding=\"async\" fetchpriority=\"low\" class=\"lazy \" src=\"https:\/\/www.europesays.com\/fr\/wp-content\/uploads\/2025\/09\/meteo-le-soleil-et-la-chaleur-de-retour-a-paris-et-en-ile-de-france-a-partir-de-cette-date-septembre.png\"  width=\"768\" height=\"432\" alt=\"Nouvelle perturbation pluvieuse demain sur l'\u00cele-de-France.\" title=\"Nouvelle perturbation pluvieuse demain sur l'\u00cele-de-France.\" data-image=\"2r7k2o2obrfu\"\/>Nouvelle perturbation pluvieuse demain sur l&rsquo;\u00cele-de-France.<\/p>\n<p>Il ne faudra pas compter sur une am\u00e9lioration tout de suite, puisqu\u2019une nouvelle perturbation pluvieuse est attendue d\u00e8s demain au-dessus de l\u2019\u00cele-de-France. <strong>Cette perturbation apportera de nouvelles pluies sur la r\u00e9gion parisienne avec seulement 20 degr\u00e9s l&rsquo;apr\u00e8s-midi. <\/strong><\/p>\n<p>De nouvelles pluies mercredi ! <\/p>\n<p><strong>Une nouvelle perturbation abordera mercredi les r\u00e9gions situ\u00e9es en bordure de Manche. <\/strong>Elle progressera au fil des heures et atteindra la r\u00e9gion parisienne en deuxi\u00e8me partie d\u2019apr\u00e8s-midi, apr\u00e8s 15 heures.<\/p>\n<p><img loading=\"lazy\" decoding=\"async\" fetchpriority=\"low\" class=\"lazy \" src=\"https:\/\/www.europesays.com\/fr\/wp-content\/uploads\/2025\/09\/1756794748_319_meteo-le-soleil-et-la-chaleur-de-retour-a-paris-et-en-ile-de-france-a-partir-de-cette-date-septembre.png\"  width=\"768\" height=\"432\" alt=\"Une autre perturbation active attendue mercredi en r\u00e9gion parisienne.\" title=\"Une autre perturbation active attendue mercredi en r\u00e9gion parisienne.\" data-image=\"1lh4b6ufza9g\"\/>Une autre perturbation active attendue mercredi en r\u00e9gion parisienne. <\/p>\n<p>Cette perturbation sera ensuite suivie, jeudi, d\u2019un ciel de tra\u00eene. La bonne nouvelle, <strong>c\u2019est que l\u2019anticyclone regonflera vendredi en direction de la France,<\/strong> avec le retour d\u2019un temps sec mais encore assez nuageux.<\/p>\n<p>Soleil et chaleur le week-end prochain ?<\/p>\n<p>L\u2019anticyclone devrait ainsi faire son travail le week-end prochain<strong> et ass\u00e9cher la masse d\u2019air. <\/strong>Les \u00e9claircies reviendront samedi en <a href=\"https:\/\/www.tameteo.com\/meteo-Europe-France-Ile+de+France-1-1-135-29.html\" data-mrf-recirculation=\"cuerpo_intext\" rel=\"nofollow noopener\" target=\"_blank\">\u00cele-de-France<\/a>, avec le retour de la chaleur (plus de 25 degr\u00e9s attendus). <\/p>\n<p><a class=\"imagen \" href=\"https:\/\/www.tameteo.com\/actualites\/previsions\/tendance-automne-un-air-d-ete-indien-s-invitera-t-il-en-france-la-secheresse-va-t-elle-persister-previsions.html\" title=\"Tendance automne : un air d&#039;\u00e9t\u00e9 indien s&#039;invitera-t-il en France ? La s\u00e9cheresse va-t-elle persister ?\" rel=\"nofollow noopener\" target=\"_blank\"><img loading=\"lazy\" decoding=\"async\" fetchpriority=\"low\" class=\"lazy img-body non-editable\" src=\"https:\/\/www.europesays.com\/fr\/wp-content\/uploads\/2025\/09\/tendance-automne-un-air-d-ete-indien-s-invitera-t-il-en-france-la-secheresse-va-t-elle-persister-pre.png\"  width=\"320\" height=\"225\" alt=\"Tendance automne : un air d'\u00e9t\u00e9 indien s'invitera-t-il en France ? La s\u00e9cheresse va-t-elle persister ?\"\/><\/a><\/p>\n<p>Le soleil devrait largement s\u2019imposer dimanche, <strong>avec des temp\u00e9ratures encore en hausse, atteignant parfois pr\u00e8s de 30 degr\u00e9s l\u2019apr\u00e8s-midi. <\/strong><\/p>\n<p>L\u2019\u00e9t\u00e9 n\u2019a donc pas encore dit son dernier mot ! <strong>Encore quelques jours de patience avant de pouvoir replonger dans une ambiance estivale, <\/strong>\u00e0 la seule diff\u00e9rence pr\u00e8s que les vacances sont termin\u00e9es et que la rentr\u00e9e a bel et bien eu lieu.<\/p>\n","protected":false},"excerpt":{"rendered":"Les perturbations en provenance de l\u2019Atlantique d\u00e9filent sur la France et des pluies traversent l\u2019\u00cele-de-France. Mais nous savons&hellip;\n","protected":false},"author":2,"featured_media":360126,"comment_status":"","ping_status":"","sticky":false,"template":"","format":"standard","meta":{"footnotes":""},"categories":[1592],"tags":[1111,11,13632,13208,1777,674,1011,27,662,2487,12,626,25,395,4904],"class_list":{"0":"post-360125","1":"post","2":"type-post","3":"status-publish","4":"format-standard","5":"has-post-thumbnail","7":"category-ile-de-france","8":"tag-actu","9":"tag-actualites","10":"tag-automne","11":"tag-chaleur","12":"tag-eu","13":"tag-europe","14":"tag-fr","15":"tag-france","16":"tag-ile-de-france","17":"tag-meteo","18":"tag-news","19":"tag-paris","20":"tag-republique-francaise","21":"tag-septembre","22":"tag-soleil"},"share_on_mastodon":{"url":"https:\/\/pubeurope.com\/@fr\/115133307627120812","error":""},"_links":{"self":[{"href":"https:\/\/www.europesays.com\/fr\/wp-json\/wp\/v2\/posts\/360125","targetHints":{"allow":["GET"]}}],"collection":[{"href":"https:\/\/www.europesays.com\/fr\/wp-json\/wp\/v2\/posts"}],"about":[{"href":"https:\/\/www.europesays.com\/fr\/wp-json\/wp\/v2\/types\/post"}],"author":[{"embeddable":true,"href":"https:\/\/www.europesays.com\/fr\/wp-json\/wp\/v2\/users\/2"}],"replies":[{"embeddable":true,"href":"https:\/\/www.europesays.com\/fr\/wp-json\/wp\/v2\/comments?post=360125"}],"version-history":[{"count":0,"href":"https:\/\/www.europesays.com\/fr\/wp-json\/wp\/v2\/posts\/360125\/revisions"}],"wp:featuredmedia":[{"embeddable":true,"href":"https:\/\/www.europesays.com\/fr\/wp-json\/wp\/v2\/media\/360126"}],"wp:attachment":[{"href":"https:\/\/www.europesays.com\/fr\/wp-json\/wp\/v2\/media?parent=360125"}],"wp:term":[{"taxonomy":"category","embeddable":true,"href":"https:\/\/www.europesays.com\/fr\/wp-json\/wp\/v2\/categories?post=360125"},{"taxonomy":"post_tag","embeddable":true,"href":"https:\/\/www.europesays.com\/fr\/wp-json\/wp\/v2\/tags?post=360125"}],"curies":[{"name":"wp","href":"https:\/\/api.w.org\/{rel}","templated":true}]}}