{"id":360130,"date":"2025-09-02T06:35:15","date_gmt":"2025-09-02T06:35:15","guid":{"rendered":"https:\/\/www.europesays.com\/fr\/360130\/"},"modified":"2025-09-02T06:35:15","modified_gmt":"2025-09-02T06:35:15","slug":"seine-saint-denis-depuis-des-mois-lelue-au-logement-hebergeait-dans-son-jardin-une-famille-sous-une-tente","status":"publish","type":"post","link":"https:\/\/www.europesays.com\/fr\/360130\/","title":{"rendered":"Seine-Saint-Denis. Depuis des mois, l&rsquo;\u00e9lue au logement h\u00e9bergeait dans son jardin une famille sous une tente"},"content":{"rendered":"<p>            Par<br \/>\n        <strong><br \/>\n            <a href=\"https:\/\/actu.fr\/auteur\/julie-bossart-actu-fr\" title=\"Consulter tous les articles de Julie Bossart\" rel=\"nofollow noopener\" target=\"_blank\">Julie Bossart<\/a><br \/>\n        <\/strong><\/p>\n<p>        Publi\u00e9 le<\/p>\n<p>            2 sept. 2025 \u00e0 7h10        <\/p>\n<p>Il y a quelques jours, un jeune homme a recueilli le t\u00e9moignage d\u2019une famille de <a href=\"https:\/\/actu.fr\/ile-de-france\/rosny-sous-bois_93064\" rel=\"nofollow noopener\" target=\"_blank\">Rosny-sous-Bois<\/a> en grande difficult\u00e9. Dans sa vid\u00e9o TikTok ironiquement intitul\u00e9e \u00ab\u2009Eden Garden\u2009\u00bb, on d\u00e9couvre les conditions de vie du couple et de son gar\u00e7on, \u00e2g\u00e9 de 11 ans. Anissa, Bernard et leur fils* vivent sous une tente, plant\u00e9e dans un jardin arbor\u00e9. \u00c0 l\u2019int\u00e9rieur, des Playmobil amoncel\u00e9s sur une table, quelques v\u00eatements entass\u00e9s dans une armoire et un lit au matelas sans drap.<br \/>Du parcours de cette famille dans le besoin, on apprend quelques bribes via le t\u00e9moignage de la maman. Elle raconte que son mari \u00e9tait courtier en assurance en France, o\u00f9 \u00ab\u2009[ils] vivaient bien\u2009\u00bb, avant de vouloir tenter leur chance en Tunisie. La famille s\u2019est expatri\u00e9e, mais l\u2019entreprise a fait faillite au moment de la crise Covid.<\/p>\n<p>\u00ab\u2009Elle a dit qu\u2019elle faisait les d\u00e9marches, mais, c\u2019est long\u2009\u00bb<\/p>\n<p class=\" wall-content\">\u00ab\u2009J\u2019ai eu cette chance d\u2019avoir un excellent travail, explique Bernard. Mais, du jour au lendemain, par rapport \u00e0 la crise sanitaire, on a tout perdu. Quand je vous dis tout, c\u2019est vraiment tout.\u2009\u00bb Retour en Seine-Saint-Denis.<\/p>\n<blockquote class=\"tiktok-embed\" cite=\"https:\/\/www.tiktok.com\/@eden.reporter\/video\/7540825201240460566\" data-video-id=\"7540825201240460566\" data-embed-from=\"oembed\" style=\"max-width:605px; min-width:325px;\"><p>\n<a target=\"_blank\" title=\"@eden.reporter\" href=\"https:\/\/www.tiktok.com\/@eden.reporter?refer=embed\" rel=\"nofollow noopener\">@eden.reporter<\/a> <\/p>\n<p>\u26a0\ufe0fPartagez au max svp pour faire entendre la voix de ces parents qui veulent trouver de quoi se loger pour leur fils ! <a title=\"entraide\" target=\"_blank\" href=\"https:\/\/www.tiktok.com\/tag\/entraide?refer=embed\" rel=\"nofollow noopener\">#entraide<\/a> <a title=\"logement\" target=\"_blank\" href=\"https:\/\/www.tiktok.com\/tag\/logement?refer=embed\" rel=\"nofollow noopener\">#logement<\/a> <a title=\"precarite\" target=\"_blank\" href=\"https:\/\/www.tiktok.com\/tag\/precarite?refer=embed\" rel=\"nofollow noopener\">#precarite<\/a> <a title=\"famille\" target=\"_blank\" href=\"https:\/\/www.tiktok.com\/tag\/famille?refer=embed\" rel=\"nofollow noopener\">#famille<\/a> <a title=\"rosnysousbois\" target=\"_blank\" href=\"https:\/\/www.tiktok.com\/tag\/rosnysousbois?refer=embed\" rel=\"nofollow noopener\">#rosnysousbois<\/a> <\/p>\n<p> <a target=\"_blank\" title=\"\u266c INTERESTELLAR - Kore Blanco\" href=\"https:\/\/www.tiktok.com\/music\/INTERESTELLAR-7420633921946782469?refer=embed\" rel=\"nofollow noopener\">\u266c INTERESTELLAR \u2013 Kore Blanco<\/a> <\/p>\n<\/blockquote>\n<p class=\" wall-content\">Anissa et les siens louent alors dans un premier temps une chambre d\u2019h\u00f4tel. Elle a bien contact\u00e9 la mairie de Rosny-sous-Bois, et est entr\u00e9e en contact avec l\u2019assistante sociale\u2009afin d\u2019obtenir un logement :\u2009\u00ab\u2009On a demand\u00e9 juste un toit, mais, \u00e0 chaque fois, on nous a dit qu\u2019il y avait beaucoup de monde comme nous.\u2009\u00bb La m\u00e8re de famille ajoute que la<a href=\"https:\/\/actu.fr\/ile-de-france\/rosny-sous-bois_93064\/legislatives-2024-en-seine-saint-denis-fatiha-keloua-hachi-reelue-au-second-tour-dans-la-8e-circonscription_61311578.html\" rel=\"nofollow noopener\" target=\"_blank\"> d\u00e9put\u00e9e Fatiha Keloua Hachi<\/a> (8e circonscription de Seine-Saint-Denis) s\u2019est \u00e9mue de leur sort\u2009: elle se serait rendue \u00e0 l\u2019\u00e9cole de leur fils auquel elle aurait annonc\u00e9 qu\u2019elle allait les aider. \u00ab\u2009Elle a dit qu\u2019elle faisait les d\u00e9marches, mais, c\u2019est long\u2009\u00bb, se lamente Anissa. Contact\u00e9e, la parlementaire (socialistes et apparent\u00e9s) n\u2019\u00e9tait pas revenue vers nous au moment de la publication de cet article.<\/p>\n<p class=\" wall-content\">En attendant, Bernard aurait trouv\u00e9 un travail, d\u00e9but ao\u00fbt 2025. \u00ab\u2009Mais il faut trois fiches de paie pour avoir rien qu\u2019un petit studio\u2009\u00bb, reconna\u00eet la maman qui appelle \u00e0 l\u2019aide\u2009: \u00ab\u2009On a besoin d\u2019un coup de main, on ne peut quand m\u00eame pas laisser un enfant dehors.\u2009\u00bb La vid\u00e9o se conclut sur ces paroles du gar\u00e7on\u2009: \u00ab\u2009J\u2019aimerais qu\u2019un jour on dorme dans une maison, voil\u00e0. L\u00e0, les autres personnes, elles sont en vacances, elles sont bien. Moi, je suis l\u00e0, parfois dans le froid, parfois dans le chaud. J\u2019esp\u00e8re que j\u2019aurai une petite chambre pour m\u2019amuser, pour pas que j\u2019emb\u00eate mes parents quand ils dorment.\u2009\u00bb<\/p>\n<p>\u00ab\u00a0J\u2019ai cru que c\u2019\u00e9tait un fake\u00a0\u00bb<\/p>\n<p class=\" wall-content\">\u2009Ce t\u00e9moignage a troubl\u00e9 Ivan Itzkovitch, conseiller municipal et pr\u00e9sident du groupe Uram (Union rosn\u00e9enne d\u2019action municipale). Mais il l\u2019a aussi r\u00e9volt\u00e9 lorsqu\u2019il a appris que la tente occup\u00e9e par cette famille avait \u00e9t\u00e9 plant\u00e9e dans le jardin de l\u2019\u00e9lue de la ville charg\u00e9e\u2026 de l\u2019habitat et du logement. \u00ab\u2009Au d\u00e9but, j\u2019ai cru que c\u2019\u00e9tait un fake\u2009\u00bb, nous a-t-il confi\u00e9s lundi 1er septembre 2025, apr\u00e8s avoir alert\u00e9 la municipalit\u00e9. \u00ab\u2009M\u00eame si, malheureusement, ce n\u2019est pas un cas isol\u00e9 en \u00cele-de-France, conc\u00e8de-t-il, la situation d\u2019h\u00e9bergement catastrophique de cette famille est due \u00e0 cette \u00e9lue\u2009\u00bb, s\u2019insurge-t-il.<\/p>\n<p>Votre r\u00e9gion, votre actu !<\/p>\n<p>Recevez chaque jour les infos qui comptent pour vous.<\/p>\n<p>\t<a href=\"https:\/\/actu.fr\/newsletter\" class=\"ac-btn ac-btn--corner ac-btn--medium ac-btn--blue800\" rel=\"nofollow noopener\" target=\"_blank\">S&rsquo;incrire<\/a><\/p>\n<p class=\" wall-content\">Et de r\u00e9clamer, \u00ab\u2009si les faits \u00e9taient confirm\u00e9s, de retirer ses d\u00e9l\u00e9gations, de demander sa d\u00e9mission, mais aussi d\u2019appr\u00e9cier si la mise en \u0153uvre de l\u2019article 40 du Code p\u00e9nal est n\u00e9cessaire\u2009\u00bb. Ce dernier stipule que \u00ab\u2009toute autorit\u00e9 constitu\u00e9e, tout officier public ou fonctionnaire qui, dans l\u2019exercice de ses fonctions, acquiert la connaissance d\u2019un crime ou d\u2019un d\u00e9lit, est tenu d\u2019en donner avis sans d\u00e9lai au procureur.\u2009\u00bb<\/p>\n<p>Les deux d\u00e9l\u00e9gations de l\u2019\u00e9lue retir\u00e9es<\/p>\n<p class=\" wall-content\">Face \u00e0 la pol\u00e9mique grandissante, le maire, <a href=\"https:\/\/actu.fr\/ile-de-france\/rosny-sous-bois_93064\/municipales-2020-a-rosny-sous-bois-jean-paul-fauconnet-remporte-les-elections-et-devient-maire_34591552.html\" rel=\"nofollow noopener\" target=\"_blank\">Jean-Paul Fauconnet<\/a> (LR), a convoqu\u00e9 l\u2019apr\u00e8s-midi m\u00eame l\u2019\u00e9lue incrimin\u00e9e. Dans la foul\u00e9e de cet entretien, il a d\u2019abord r\u00e9agi aupr\u00e8s d\u2019actu via un communiqu\u00e9 en d\u00e9mentant fermement les accusations port\u00e9es \u00e0 l\u2019encontre de la conseill\u00e8re municipale :\u2009<\/p>\n<blockquote class=\"ac-article-quote wall-content\">\n<p>\u00ab\u00a0Contrairement \u00e0 ce que certains commentaires laissent entendre, elle ne peut en rien \u00eatre assimil\u00e9e \u00e0 un &lsquo;marchand de sommeil&rsquo;. Au contraire, avec son \u00e9poux, face \u00e0 la d\u00e9tresse d&rsquo;une famille vivant \u00e0 la rue, elle a fait preuve d&rsquo;une grande g\u00e9n\u00e9rosit\u00e9 en lui proposant d&rsquo;installer sa tente dans leur jardin et de lui donner acc\u00e8s aux installations sanitaires (toilettes, salle de bains, lave-linge&#8230;) et aux indispensables de cuisine.\u00a0\u00bb<\/p>\n<p>    <strong>Jean-Paul Fauconnet<\/strong><br \/>\n        Maire (LR) de Rosny-sous-Bois    <\/p><\/blockquote>\n<p class=\" wall-content\">Le maire a ajout\u00e9 : \u00ab\u00a0Consciente des interrogations nombreuses et soucieuse du risque de voir entach\u00e9e la probit\u00e9 de la direction de l\u2019habitat et du logement, l\u2019\u00e9lue a demand\u00e9 \u00e0 ce que lui soient rappel\u00e9es ses deux d\u00e9l\u00e9gations, ce que j\u2019ai imm\u00e9diatement accept\u00e9 et engag\u00e9.\u00a0\u00bb Il a aussi salu\u00e9 \u00ab\u00a0\u2009une attitude lucide quant \u00e0 l\u2019absence de lisibilit\u00e9 entre son mandat et sa d\u00e9cision personnelle d\u2019aider une famille\u00a0\u00bb.\u2009\u00bb Que va-t-il d\u00e8s lors advenir d\u2019Anissa et de ses proches ?\u2009<\/p>\n<p>\u00ab\u00a0Elle a agi avec son c\u0153ur\u00a0\u00bb<\/p>\n<p class=\" wall-content\">Lors d\u2019un \u00e9change t\u00e9l\u00e9phonique en fin de journ\u00e9e, lundi, Jean-Paul Fauconnet nous a assur\u00e9 que \u00ab\u00a0le 115 [le num\u00e9ro d\u2019urgence sociale] s\u2019\u00e9tait saisi de l\u2019affaire et allait trouver \u00e0 la famille une solution de relogement sur le champ\u00a0\u00bb.\u2009\u00bb De fa\u00e7on moins formelle, il a confi\u00e9 que son \u00e9lue, malgr\u00e9 ses 80 ans, \u00e9tait \u00ab\u00a0connue de tous pour son engagement et son dynamisme\u00a0\u00bb \u00a0et qu\u2019elle avait agi \u00ab\u2009avec son c\u0153ur en laissant la famille s\u2019installer dans son jardin il y a quelques mois. C\u2019\u00e9tait au moment de P\u00e2ques, je crois. Aujourd\u2019hui, elle est d\u00e9pit\u00e9e et se sent trahie :\u2009des gens se sont introduits chez elle sans son consentement pour divulguer une action faite \u00e0 titre personnel pour des d\u00e9munis.\u00a0\u00bb \u2009Il convient de rappeler que, dans la vid\u00e9o diffus\u00e9e sur TikTok, \u00e0 aucun moment Anissa \u00e9met le moindre commentaire sur la conseill\u00e8re municipale qui lui a tendu la main.\u00a0<\/p>\n<p class=\" wall-content\">Pour Jean-Paul Fauconnet, le vrai scandale n\u2019est pas le geste de son \u00e9lue, mais le fait que \u00ab\u00a02000 personnes soient en attente d\u2019une solution d\u2019h\u00e9bergement sur [s]a commune, qui n\u2019est pas propri\u00e9taire de logements\u00a0\u00bb. Les vrais coupables, \u00e0 ses yeux, sont \u00ab\u00a0les bailleurs, qui ne r\u00e9pondent pas aux vrais besoins\u00a0\u00bb.<\/p>\n<p class=\" wall-content\">Selon le <a href=\"https:\/\/actu.fr\/ile-de-france\/paris_75056\/ils-ont-moins-de-3-ans-pres-de-300-enfants-dorment-a-la-rue-a-la-veille-de-la-rentree-en-ile-de-france_63086883.html\" rel=\"nofollow noopener\" target=\"_blank\">dernier barom\u00e8tre Unicef<\/a>, \u00ab\u2009\u00e0 la veille de la rentr\u00e9e scolaire 2025 [dans la nuit du 18 au 19 ao\u00fbt plus pr\u00e9cis\u00e9ment], 1760 familles \u00e9taient rest\u00e9es sans solution d\u2019h\u00e9bergement \u00e0 la suite de leur appel au 115, dont 552 habitant \u00e0 Paris et 403 en Seine-Saint-Denis [+30% par rapport \u00e0 2024 dans ce dernier d\u00e9partement]\u00a0\u00bb.<\/p>\n<p class=\" wall-content\">*Les pr\u00e9noms ont \u00e9t\u00e9 modifi\u00e9s par le vid\u00e9aste pour conserver l\u2019anonymat des t\u00e9moins<\/p>\n<p class=\" wall-content\">Personnalisez votre actualit\u00e9 en ajoutant vos villes et m\u00e9dias en favori avec <a href=\"https:\/\/moncompte.actu.fr\" title=\"D\u00e9couvez Mon Actu\" rel=\"nofollow noopener\" data-trk=\"{&quot;cta&quot;:{&quot;action&quot;:&quot;https:\\\/\\\/moncompte.actu.fr&quot;,&quot;category&quot;:&quot;mon compte&quot;,&quot;from&quot;:&quot;article footer&quot;,&quot;name&quot;:&quot;Mon actu&quot;,&quot;type&quot;:&quot;cta&quot;}}\" target=\"_blank\">Mon Actu<\/a>.<\/p>\n<p>                    <script async src=\"\/\/www.tiktok.com\/embed.js\"><\/script><\/p>\n","protected":false},"excerpt":{"rendered":"Par Julie Bossart Publi\u00e9 le 2 sept. 2025 \u00e0 7h10 Il y a quelques jours, un jeune homme&hellip;\n","protected":false},"author":2,"featured_media":360131,"comment_status":"","ping_status":"","sticky":false,"template":"","format":"standard","meta":{"footnotes":""},"categories":[1888],"tags":[11,1777,674,1011,27,1908,12,626,4518,25,104],"class_list":{"0":"post-360130","1":"post","2":"type-post","3":"status-publish","4":"format-standard","5":"has-post-thumbnail","7":"category-paris","8":"tag-actualites","9":"tag-eu","10":"tag-europe","11":"tag-fr","12":"tag-france","13":"tag-logement","14":"tag-news","15":"tag-paris","16":"tag-pauvrete","17":"tag-republique-francaise","18":"tag-societe"},"share_on_mastodon":{"url":"https:\/\/pubeurope.com\/@fr\/115133318692592856","error":""},"_links":{"self":[{"href":"https:\/\/www.europesays.com\/fr\/wp-json\/wp\/v2\/posts\/360130","targetHints":{"allow":["GET"]}}],"collection":[{"href":"https:\/\/www.europesays.com\/fr\/wp-json\/wp\/v2\/posts"}],"about":[{"href":"https:\/\/www.europesays.com\/fr\/wp-json\/wp\/v2\/types\/post"}],"author":[{"embeddable":true,"href":"https:\/\/www.europesays.com\/fr\/wp-json\/wp\/v2\/users\/2"}],"replies":[{"embeddable":true,"href":"https:\/\/www.europesays.com\/fr\/wp-json\/wp\/v2\/comments?post=360130"}],"version-history":[{"count":0,"href":"https:\/\/www.europesays.com\/fr\/wp-json\/wp\/v2\/posts\/360130\/revisions"}],"wp:featuredmedia":[{"embeddable":true,"href":"https:\/\/www.europesays.com\/fr\/wp-json\/wp\/v2\/media\/360131"}],"wp:attachment":[{"href":"https:\/\/www.europesays.com\/fr\/wp-json\/wp\/v2\/media?parent=360130"}],"wp:term":[{"taxonomy":"category","embeddable":true,"href":"https:\/\/www.europesays.com\/fr\/wp-json\/wp\/v2\/categories?post=360130"},{"taxonomy":"post_tag","embeddable":true,"href":"https:\/\/www.europesays.com\/fr\/wp-json\/wp\/v2\/tags?post=360130"}],"curies":[{"name":"wp","href":"https:\/\/api.w.org\/{rel}","templated":true}]}}