{"id":360134,"date":"2025-09-02T06:37:11","date_gmt":"2025-09-02T06:37:11","guid":{"rendered":"https:\/\/www.europesays.com\/fr\/360134\/"},"modified":"2025-09-02T06:37:11","modified_gmt":"2025-09-02T06:37:11","slug":"un-biologiste-propose-de-proteger-leurope-de-la-russie-en-sentourant-de-marecages-et-ca-pourrait-marcher","status":"publish","type":"post","link":"https:\/\/www.europesays.com\/fr\/360134\/","title":{"rendered":"Un biologiste propose de prot\u00e9ger l&rsquo;Europe de la Russie en s&rsquo;entourant de mar\u00e9cages&#8230; et \u00e7a pourrait marcher"},"content":{"rendered":"<p>Les innovations technologiques incessantes ont beau avoir fait \u00e9voluer la fa\u00e7on de faire la guerre de mani\u00e8re consid\u00e9rable, certaines strat\u00e9gies se basant sur une connaissance solide du terrain (et un entretien de celui-ci) ne devraient pas \u00eatre n\u00e9glig\u00e9es. <a href=\"https:\/\/www.ft.com\/content\/f36df9d1-214f-401a-9edb-0882dff29105\" target=\"_blank\" rel=\"nofollow noopener\">C&rsquo;est ce qu&rsquo;explique en somme le Financial Times<\/a> qui s&rsquo;int\u00e9resse de pr\u00e8s \u00e0 l&rsquo;utilisation des mar\u00e9cages comme un repoussoir contre les potentiels assauts de la Russie de Vladimir Poutine.<\/p>\n<p>Le m\u00e9dia am\u00e9ricain a notamment interrog\u00e9 Hans Joosten, biologiste n\u00e9erlandais dont la th\u00e9orie est simple: marais et tourbi\u00e8res peuvent \u00eatre utilis\u00e9s comme \u00abdes fronti\u00e8res cruciales contre deux des plus grandes menaces pesant actuellement sur l&rsquo;Europe: l&rsquo;expansionnisme russe et le changement climatique d&rsquo;origine humaine\u00bb.<\/p>\n<p>        <img decoding=\"async\" alt=\"Abonnez-vous gratuitement \u00e0 la newsletter de Slate !\" loading=\"lazy\" class=\"ms-4 ms-md-0\" width=\"82\" height=\"82\" src=\"https:\/\/www.slate.fr\/assets\/newsletter-dd7c4ea7fb4ce45aacc56875521d4bde7ec4ba23f0a0ae088566df808b3a80c3.svg\"\/><br \/>\n        Abonnez-vous gratuitement \u00e0 la newsletter de Slate !Les articles sont s\u00e9lectionn\u00e9s pour vous, en fonction de vos centres d\u2019int\u00e9r\u00eat, tous les jours dans votre bo\u00eete mail.<\/p>\n<p>Blocage imm\u00e9diat<\/p>\n<p>\u00c0 titre d&rsquo;exemple, le scientifique explique qu&rsquo;une arm\u00e9e d&rsquo;invasion \u00e9quip\u00e9e de v\u00e9hicules blind\u00e9s lourds aurait un mal de chien \u00e0 p\u00e9n\u00e9trer dans la zone mar\u00e9cageuse du nord-est de l&rsquo;<a href=\"https:\/\/www.slate.fr\/dossier\/571\/allemagne\" class=\"tag-link\" rel=\"nofollow noopener\" target=\"_blank\">Allemagne<\/a> connue sous le nom de Kieshofer Moor: \u00abIls seraient imm\u00e9diatement bloqu\u00e9s.\u00bb Comme lui, de nombreux scientifiques estiment qu&rsquo;il serait doublement regrettable de n\u00e9gliger l&rsquo;environnement: d\u00e9j\u00e0 parce que la situation de la plan\u00e8te ne le permet pas, ensuite parce que certains \u00e9l\u00e9ments naturels sont susceptibles de pouvoir dissuader les envahisseurs potentiels.<\/p>\n<p>\u00abOn peut renforcer notre capacit\u00e9 de d\u00e9fense\u00bb gr\u00e2ce \u00e0 \u00abdes avantages pour le climat, la biodiversit\u00e9, le contr\u00f4le des cultures et l&rsquo;approvisionnement en eau\u00bb, r\u00e9sume Hans Joosten, 70 ans, surnomm\u00e9 \u00able pape des tourbi\u00e8res\u00bb par ses coll\u00e8gues. Le Financial Times en profite pour rappeler qu&rsquo;il y a deux mill\u00e9naires, le chef germanique Arminius utilisait la tourbi\u00e8re sombre et collante de la for\u00eat de Teutoburg pour infliger <a href=\"https:\/\/www.slate.fr\/story\/253236\/hommes-pensent-empire-romain-plusieurs-fois-semaine\" target=\"_blank\" rel=\"nofollow noopener\">\u00e0 l&rsquo;arm\u00e9e romaine<\/a> l&rsquo;une des plus grandes d\u00e9faites de son histoire.<\/p>\n<p>Plus r\u00e9cemment, l&rsquo;arm\u00e9e ukrainienne a aussi utilis\u00e9 les marais afin de repousser l&rsquo;ennemi russe, qui tentait d&rsquo;avancer sur Kiev. En temporisant de mani\u00e8re \u00e0 pouvoir renforcer leur d\u00e9fense sur la rive droite de l&rsquo;Irpin, l&rsquo;eau et les marais servant de foss\u00e9 antichar, les <a href=\"https:\/\/www.slate.fr\/dossier\/4511\/ukraine\" class=\"tag-link\" rel=\"nofollow noopener\" target=\"_blank\">Ukrainiens<\/a> ont r\u00e9ussi \u00e0 endiguer les avanc\u00e9es ennemies. Depuis lors, l&rsquo;Ukraine a constamment eu recours aux rivi\u00e8res, aux plaines inondables et aux terrains mar\u00e9cageux, ce dont le reste de l&rsquo;Europe ferait bien de s&rsquo;inspirer.<\/p>\n<p>\u00abNous utilisons tout ce que nous pouvons\u00bb, a d&rsquo;ailleurs d\u00e9clar\u00e9 la Premi\u00e8re ministre <a href=\"https:\/\/www.slate.fr\/dossier\/19795\/estonie\" class=\"tag-link\" rel=\"nofollow noopener\" target=\"_blank\">estonienne<\/a> Kristen Michal au Financial Times. \u00abS&rsquo;il existe des zones d&rsquo;arr\u00eat naturelles \u00e0 la fronti\u00e8re, comme des mar\u00e9cages, des tourbi\u00e8res ou des lacs, cela nous aide.\u00bb Pour le moment, d&rsquo;autres pays envisagent ce type de solution avec moins d&rsquo;enthousiasme, d&rsquo;autant que des drames ont eu lieu. En mars, quatre soldats am\u00e9ricains ont perdu la vie lors d&rsquo;une mission d&rsquo;entra\u00eenement <a href=\"https:\/\/www.slate.fr\/monde\/soldats-americains-mysterieusement-disparus-lituanie-etats-unis-armee-guerre-ukraine-russie\" target=\"_blank\" rel=\"nofollow noopener\">lorsque leur v\u00e9hicule blind\u00e9 s&rsquo;est embourb\u00e9<\/a> dans un mar\u00e9cage pr\u00e8s de la fronti\u00e8re entre la Lituanie et la Bi\u00e9lorussie.<\/p>\n<p>Hans Joosten et ses cong\u00e9n\u00e8res militent pour l&rsquo;entretien de ce qu&rsquo;il nomme des tourbi\u00e8res d\u00e9fensives, ce qui ne repr\u00e9senterait selon lui que 5 \u00e0 10% de la r\u00e9humidification totale n\u00e9cessaire en <a href=\"https:\/\/www.slate.fr\/dossier\/373\/europe\" class=\"tag-link\" rel=\"nofollow noopener\" target=\"_blank\">Europe<\/a>. Il d\u00e9fend \u00e9galement l&rsquo;aspect \u00abhumaniste\u00bb de l&rsquo;utilisation des tourbi\u00e8res comme moyen de dissuasion contre les armes de guerre: \u00abCe n&rsquo;est pas agressif. Les tourbi\u00e8res ne ripostent pas.\u00bb Reste \u00e0 faire changer d&rsquo;avis les autorit\u00e9s europ\u00e9ennes, pas forc\u00e9ment convaincues: le minist\u00e8re allemand de la D\u00e9fense a par exemple fait savoir qu&rsquo;il ne s&rsquo;agissait pas d&rsquo;une priorit\u00e9 pour le gouvernement actuel.<\/p>\n","protected":false},"excerpt":{"rendered":"Les innovations technologiques incessantes ont beau avoir fait \u00e9voluer la fa\u00e7on de faire la guerre de mani\u00e8re consid\u00e9rable,&hellip;\n","protected":false},"author":2,"featured_media":360135,"comment_status":"","ping_status":"","sticky":false,"template":"","format":"standard","meta":{"footnotes":""},"categories":[1591],"tags":[11,1887,12,1885,1886,132],"class_list":{"0":"post-360134","1":"post","2":"type-post","3":"status-publish","4":"format-standard","5":"has-post-thumbnail","7":"category-russie","8":"tag-actualites","9":"tag-federation-de-russie","10":"tag-news","11":"tag-russia","12":"tag-russian-federation","13":"tag-russie"},"share_on_mastodon":{"url":"https:\/\/pubeurope.com\/@fr\/115133326541043188","error":""},"_links":{"self":[{"href":"https:\/\/www.europesays.com\/fr\/wp-json\/wp\/v2\/posts\/360134","targetHints":{"allow":["GET"]}}],"collection":[{"href":"https:\/\/www.europesays.com\/fr\/wp-json\/wp\/v2\/posts"}],"about":[{"href":"https:\/\/www.europesays.com\/fr\/wp-json\/wp\/v2\/types\/post"}],"author":[{"embeddable":true,"href":"https:\/\/www.europesays.com\/fr\/wp-json\/wp\/v2\/users\/2"}],"replies":[{"embeddable":true,"href":"https:\/\/www.europesays.com\/fr\/wp-json\/wp\/v2\/comments?post=360134"}],"version-history":[{"count":0,"href":"https:\/\/www.europesays.com\/fr\/wp-json\/wp\/v2\/posts\/360134\/revisions"}],"wp:featuredmedia":[{"embeddable":true,"href":"https:\/\/www.europesays.com\/fr\/wp-json\/wp\/v2\/media\/360135"}],"wp:attachment":[{"href":"https:\/\/www.europesays.com\/fr\/wp-json\/wp\/v2\/media?parent=360134"}],"wp:term":[{"taxonomy":"category","embeddable":true,"href":"https:\/\/www.europesays.com\/fr\/wp-json\/wp\/v2\/categories?post=360134"},{"taxonomy":"post_tag","embeddable":true,"href":"https:\/\/www.europesays.com\/fr\/wp-json\/wp\/v2\/tags?post=360134"}],"curies":[{"name":"wp","href":"https:\/\/api.w.org\/{rel}","templated":true}]}}