{"id":360136,"date":"2025-09-02T06:38:14","date_gmt":"2025-09-02T06:38:14","guid":{"rendered":"https:\/\/www.europesays.com\/fr\/360136\/"},"modified":"2025-09-02T06:38:14","modified_gmt":"2025-09-02T06:38:14","slug":"2-000-soldats-nord-coreens-tues-record-de-depenses-darmement-de-lue","status":"publish","type":"post","link":"https:\/\/www.europesays.com\/fr\/360136\/","title":{"rendered":"2\u00a0000 soldats nord-cor\u00e9ens tu\u00e9s, record de d\u00e9penses d\u2019armement de l\u2019UE"},"content":{"rendered":"<p>2\u00a0000 soldats Nord-cor\u00e9ens tu\u00e9s dans le conflit russo-ukrainien<\/p>\n<p>Environ 2\u00a0000 soldats nord-cor\u00e9ens ont \u00e9t\u00e9 tu\u00e9s dans le conflit russo-ukrainien, a affirm\u00e9 mardi 2\u00a0septembre un d\u00e9put\u00e9 sud-cor\u00e9en, citant des chiffres des services de renseignement de son pays, \u00e0 l\u2019issue d\u2019une r\u00e9union avec ces derniers.<\/p>\n<p>En avril, ils \u00ab\u00a0estimaient le nombre de morts \u00e0 au moins 600\u00a0\u00bb mais sur la base d\u2019\u00e9valuations actualis\u00e9es, ils \u00ab\u00a0estiment d\u00e9sormais ce chiffre \u00e0 environ 2\u00a0000\u00a0\u00bb, a d\u00e9clar\u00e9 \u00e0 la presse le d\u00e9put\u00e9 Lee Seong-kweun apr\u00e8s une r\u00e9union d\u2019information avec le Service de renseignement National sud-cor\u00e9en (NIS).<\/p>\n<p>Les services secrets de Cor\u00e9e du Sud et de pays occidentaux ont affirm\u00e9 que <a href=\"https:\/\/www.la-croix.com\/international\/guerre-en-ukraine-ou-sont-passes-les-10-000-soldats-nord-coreens-de-russie-20241213\" data-tracking=\"inpage_click\" data-tracking-action=\"suivre un lien dans l&#039;article\" data-tracking-category=\"engagement\" rel=\"nofollow noopener\" target=\"_blank\">Pyongyang avait envoy\u00e9 plus de 10\u00a0000 soldats <\/a>en 2024 dans la r\u00e9gion russe de Koursk au moment d\u2019une offensive de Kiev, ainsi que des obus d\u2019artillerie, des missiles et des syst\u00e8mes de roquettes \u00e0 longue port\u00e9e.<\/p>\n<p>Record de d\u00e9penses d\u2019armement dans l\u2019UE attendu en 2025<\/p>\n<p>Les d\u00e9penses d\u2019armement dans l\u2019Union europ\u00e9enne vont atteindre un nouveau record cette ann\u00e9e, \u00e0 381\u00a0milliards d\u2019euros, a annonc\u00e9 l\u2019agence europ\u00e9enne de d\u00e9fense (EDA).<\/p>\n<p>Elles avaient atteint 343\u00a0milliards d\u2019euros l\u2019an dernier, ce qui \u00e9tait d\u00e9j\u00e0 un niveau record par rapport \u00e0 2023, selon les derniers chiffres publi\u00e9s par cette agence de l\u2019UE sp\u00e9cialis\u00e9e dans les questions de d\u00e9fense.<\/p>\n<p>\u00ab\u00a0L\u2019Europe consacre des sommes records pour sa d\u00e9fense, pour assurer la s\u00e9curit\u00e9 de nos citoyens, et nous ne nous arr\u00eaterons pas l\u00e0\u00a0\u00bb, a d\u00e9clar\u00e9 <a href=\"https:\/\/www.la-croix.com\/international\/kaja-kallas-une-dame-de-fer-pour-la-diplomatie-europeenne-20240627\" data-tracking=\"inpage_click\" data-tracking-action=\"suivre un lien dans l&#039;article\" data-tracking-category=\"engagement\" rel=\"nofollow noopener\" target=\"_blank\">la cheffe de la diplomatie de l\u2019Union europ\u00e9enne Kaja Kallas<\/a>, qui pr\u00e9side l\u2019EDA.<\/p>\n","protected":false},"excerpt":{"rendered":"2\u00a0000 soldats Nord-cor\u00e9ens tu\u00e9s dans le conflit russo-ukrainien Environ 2\u00a0000 soldats nord-cor\u00e9ens ont \u00e9t\u00e9 tu\u00e9s dans le conflit&hellip;\n","protected":false},"author":2,"featured_media":360137,"comment_status":"","ping_status":"","sticky":false,"template":"","format":"standard","meta":{"footnotes":""},"categories":[1590],"tags":[11,1777,674,12,220],"class_list":{"0":"post-360136","1":"post","2":"type-post","3":"status-publish","4":"format-standard","5":"has-post-thumbnail","7":"category-ukraine","8":"tag-actualites","9":"tag-eu","10":"tag-europe","11":"tag-news","12":"tag-ukraine"},"share_on_mastodon":{"url":"https:\/\/pubeurope.com\/@fr\/115133330478899072","error":""},"_links":{"self":[{"href":"https:\/\/www.europesays.com\/fr\/wp-json\/wp\/v2\/posts\/360136","targetHints":{"allow":["GET"]}}],"collection":[{"href":"https:\/\/www.europesays.com\/fr\/wp-json\/wp\/v2\/posts"}],"about":[{"href":"https:\/\/www.europesays.com\/fr\/wp-json\/wp\/v2\/types\/post"}],"author":[{"embeddable":true,"href":"https:\/\/www.europesays.com\/fr\/wp-json\/wp\/v2\/users\/2"}],"replies":[{"embeddable":true,"href":"https:\/\/www.europesays.com\/fr\/wp-json\/wp\/v2\/comments?post=360136"}],"version-history":[{"count":0,"href":"https:\/\/www.europesays.com\/fr\/wp-json\/wp\/v2\/posts\/360136\/revisions"}],"wp:featuredmedia":[{"embeddable":true,"href":"https:\/\/www.europesays.com\/fr\/wp-json\/wp\/v2\/media\/360137"}],"wp:attachment":[{"href":"https:\/\/www.europesays.com\/fr\/wp-json\/wp\/v2\/media?parent=360136"}],"wp:term":[{"taxonomy":"category","embeddable":true,"href":"https:\/\/www.europesays.com\/fr\/wp-json\/wp\/v2\/categories?post=360136"},{"taxonomy":"post_tag","embeddable":true,"href":"https:\/\/www.europesays.com\/fr\/wp-json\/wp\/v2\/tags?post=360136"}],"curies":[{"name":"wp","href":"https:\/\/api.w.org\/{rel}","templated":true}]}}