{"id":360138,"date":"2025-09-02T06:39:13","date_gmt":"2025-09-02T06:39:13","guid":{"rendered":"https:\/\/www.europesays.com\/fr\/360138\/"},"modified":"2025-09-02T06:39:13","modified_gmt":"2025-09-02T06:39:13","slug":"la-chine-affiche-sa-puissance-face-aux-etats-unis","status":"publish","type":"post","link":"https:\/\/www.europesays.com\/fr\/360138\/","title":{"rendered":"la Chine affiche sa puissance face aux \u00c9tats-Unis"},"content":{"rendered":"<p>Xi Jinping re\u00e7oit les chefs d&rsquo;\u00c9tat\u00a0indien et russe. Comme l&rsquo;\u00e9crit le New York Times, \u00ab\u00a0le premier est repouss\u00e9 par les tarifs douaniers sur les produits indiens que lui impose Trump\u00a0\u00bb, le second est \u00ab\u00a0sorti de son isolement gr\u00e2ce au soutien chinois\u00a0\u00bb.<\/p>\n<p>Plus de vingt chefs d&rsquo;\u00c9tat\u00a0et de gouvernement\u00a0se retrouvent depuis dimanche \u00e0 Tianjin, en Chine, pour un sommet g\u00e9n\u00e9ralement qualifi\u00e9 d&rsquo;anti-occidental. Ils ont r\u00e9pondu \u00e0 l&rsquo;invitation de Xi Jinping au nom de l&rsquo;Organisation de coop\u00e9ration de Shanghai (OCS), institu\u00e9e par la Chine et la Russie en 2001. Le Kazakhstan, le Kirghizistan, l&rsquo;Ouzb\u00e9kistan et le Tadjikistan\u00a0seront l\u00e0\u00a0: ils font partie des membres fondateurs.<\/p>\n<p>Mais on remarque aussi la pr\u00e9sence du pr\u00e9sident turc Rece&#8230;<\/p>\n<p>Toute l\u2019actualit\u00e9 \u00e0 1\u20ac le premier mois<\/p>\n<p><a href=\"https:\/\/abo.lepoint.fr\/?provenance=21EDI020098\" class=\"btn\" title=\"S&#039;abonner\" data-gtm=\"click:abo|display:abo\" data-campaign=\"paywall_maison\" rel=\"nofollow noopener\" target=\"_blank\">S&rsquo;abonner<\/a><\/p>\n<p>ou<\/p>\n<p>La newsletter d\u00e9bats et opinions<\/p>\n<p class=\"period\">Tous les vendredis \u00e0 7h30<\/p>\n<p>Recevez notre s\u00e9lection d\u2019articles tir\u00e9e de notre rubrique D\u00e9bats, pour comprendre les vrais enjeux du monde d\u2019aujourd\u2019hui et de notre soci\u00e9t\u00e9<\/p>\n<p>Merci !<br \/>Votre inscription a bien \u00e9t\u00e9 prise en compte avec l&rsquo;adresse email :<\/p>\n<p>Pour d\u00e9couvrir toutes nos autres newsletters, rendez-vous ici : <a href=\"https:\/\/moncompte.lepoint.fr\/\" title=\"\" rel=\"nofollow noopener\" target=\"_blank\">MonCompte<\/a><\/p>\n<p>En vous inscrivant, vous acceptez les <a href=\"https:\/\/www.lepoint.fr\/html\/cgu\/\" title=\"Conditions g\u00e9n\u00e9rales d&#039;utilisation\" rel=\"nofollow noopener\" target=\"_blank\">conditions g\u00e9n\u00e9rales d\u2019utilisations<\/a> et notre <a href=\"https:\/\/www.lepoint.fr\/html\/politique-de-protection-donnees-personnelles\/\" title=\"Politique de confidentialit\u00e9\" rel=\"nofollow noopener\" target=\"_blank\">politique de confidentialit\u00e9<\/a>.<\/p>\n","protected":false},"excerpt":{"rendered":"Xi Jinping re\u00e7oit les chefs d&rsquo;\u00c9tat\u00a0indien et russe. Comme l&rsquo;\u00e9crit le New York Times, \u00ab\u00a0le premier est repouss\u00e9&hellip;\n","protected":false},"author":2,"featured_media":360139,"comment_status":"","ping_status":"","sticky":false,"template":"","format":"standard","meta":{"footnotes":""},"categories":[1589],"tags":[11,73,1866,12,1864,1865,1863,308,135,7084],"class_list":{"0":"post-360138","1":"post","2":"type-post","3":"status-publish","4":"format-standard","5":"has-post-thumbnail","7":"category-etats-unis","8":"tag-actualites","9":"tag-etats-unis","10":"tag-etats-unis-damerique","11":"tag-news","12":"tag-united-states","13":"tag-united-states-of-america","14":"tag-us","15":"tag-usa","16":"tag-vladimir-poutine","17":"tag-xi-jinping"},"share_on_mastodon":{"url":"https:\/\/pubeurope.com\/@fr\/115133334570077892","error":""},"_links":{"self":[{"href":"https:\/\/www.europesays.com\/fr\/wp-json\/wp\/v2\/posts\/360138","targetHints":{"allow":["GET"]}}],"collection":[{"href":"https:\/\/www.europesays.com\/fr\/wp-json\/wp\/v2\/posts"}],"about":[{"href":"https:\/\/www.europesays.com\/fr\/wp-json\/wp\/v2\/types\/post"}],"author":[{"embeddable":true,"href":"https:\/\/www.europesays.com\/fr\/wp-json\/wp\/v2\/users\/2"}],"replies":[{"embeddable":true,"href":"https:\/\/www.europesays.com\/fr\/wp-json\/wp\/v2\/comments?post=360138"}],"version-history":[{"count":0,"href":"https:\/\/www.europesays.com\/fr\/wp-json\/wp\/v2\/posts\/360138\/revisions"}],"wp:featuredmedia":[{"embeddable":true,"href":"https:\/\/www.europesays.com\/fr\/wp-json\/wp\/v2\/media\/360139"}],"wp:attachment":[{"href":"https:\/\/www.europesays.com\/fr\/wp-json\/wp\/v2\/media?parent=360138"}],"wp:term":[{"taxonomy":"category","embeddable":true,"href":"https:\/\/www.europesays.com\/fr\/wp-json\/wp\/v2\/categories?post=360138"},{"taxonomy":"post_tag","embeddable":true,"href":"https:\/\/www.europesays.com\/fr\/wp-json\/wp\/v2\/tags?post=360138"}],"curies":[{"name":"wp","href":"https:\/\/api.w.org\/{rel}","templated":true}]}}