{"id":360142,"date":"2025-09-02T06:41:13","date_gmt":"2025-09-02T06:41:13","guid":{"rendered":"https:\/\/www.europesays.com\/fr\/360142\/"},"modified":"2025-09-02T06:41:13","modified_gmt":"2025-09-02T06:41:13","slug":"lallemagne-lance-le-plus-grand-exercice-militaire-avec-lotan","status":"publish","type":"post","link":"https:\/\/www.europesays.com\/fr\/360142\/","title":{"rendered":"L&rsquo;Allemagne lance le plus grand exercice militaire avec l&rsquo;OTAN"},"content":{"rendered":"<p>                                                L&rsquo;Allemagne entame le plus grand exercice militaire avec l&rsquo;OTAN                    <\/p>\n<p>                        <img decoding=\"async\" src=\"https:\/\/www.europesays.com\/fr\/wp-content\/uploads\/2025\/09\/g-600x360.jpg\" alt=\"\"\/><\/p>\n<p>                        nouvelles<\/p>\n<p>                            <img decoding=\"async\" src=\"https:\/\/www.europesays.com\/fr\/wp-content\/uploads\/2025\/08\/1754177174_227_LogoExpress-96x96.png\" alt=\"\"\/><\/p>\n<p>                        Gazeta Express<br \/>\n                        02\/09\/2025 7:35<\/p>\n<p>L&rsquo;Allemagne a lanc\u00e9 son plus grand exercice militaire avec ses partenaires de l&rsquo;OTAN, \u00e0 un moment o\u00f9 la Russie et la Bi\u00e9lorussie se pr\u00e9parent \u00e0 leurs man\u0153uvres conjointes \u00ab Zapad \u00bb.<\/p>\n<p>Avec environ 8,000 XNUMX soldats d\u00e9ploy\u00e9s et des op\u00e9rations coordonn\u00e9es dans quatre pays, Berlin envoie un message clair : il est pr\u00eat \u00e0 faire face \u00e0 tous les sc\u00e9narios et ne permettra pas que la s\u00e9curit\u00e9 aux fronti\u00e8res orientales de l&rsquo;Europe soit remise en cause.<\/p>\n<p>\u00ab Quadriga 2025 \u00bb est le plus grand exercice militaire avec les alli\u00e9s de l&rsquo;OTAN, o\u00f9 ils participeront \u00e0 des man\u0153uvres couvrant l&rsquo;Allemagne, la Lituanie, la Finlande et la mer Baltique.<\/p>\n<p>D&rsquo;autre part, la Russie devrait d\u00e9ployer plus de 40,000 13,000 soldats \u00e0 Zapad, dont XNUMX XNUMX en Bi\u00e9lorussie, pr\u00e8s de la fronti\u00e8re avec la Lituanie.<\/p>\n<p>Le chef des forces arm\u00e9es allemandes, Carsten Breuer, a soulign\u00e9 que l&rsquo;objectif n&rsquo;\u00e9tait pas l&rsquo;escalade, mais la pr\u00e9vention\u00a0: \u00ab\u00a0Poutine nous observe et ses plans vont au-del\u00e0 de l&rsquo;Ukraine. Nous devons nous pr\u00e9parer au pire.\u00a0\u00bb<\/p>\n<p>Breuer a ajout\u00e9 qu&rsquo;il n&rsquo;y avait aucun signe que Zapad soit li\u00e9 \u00e0 une \u00e9ventuelle attaque, mais a averti que la menace restait constante, tant en termes conventionnels qu&rsquo;hybrides.<\/p>\n<p>L&rsquo;exercice de l&rsquo;OTAN comprend des op\u00e9rations d\u00e9fensives dans la r\u00e9gion baltique, notamment un entra\u00eenement au d\u00e9minage, \u00e0 la d\u00e9fense contre les drones et \u00e0 des sc\u00e9narios de crise multidimensionnels.<\/p>\n<p>\u00c0 la veille de l&rsquo;exercice militaire conjoint russo-bi\u00e9lorusse \u00ab Zapad \u00bb, la Lituanie a d\u00e9cid\u00e9 de fermer temporairement une partie de son espace a\u00e9rien pr\u00e8s de la fronti\u00e8re avec la Bi\u00e9lorussie.<\/p>\n<p>Cette mesure vise \u00e0 emp\u00eacher toute violation \u00e9ventuelle de la zone d&rsquo;exclusion a\u00e9rienne par des avions ou des drones, a annonc\u00e9 le gouvernement de Vilnius.<\/p>\n<p>Les agences de renseignement lituaniennes pr\u00e9voient que \u00ab Zapad \u00bb s&rsquo;\u00e9tendra sur une vaste zone, de l&rsquo;Arctique \u00e0 Kaliningrad et \u00e0 la Bi\u00e9lorussie.<\/p>\n<p>\u00ab\u00a0Des probl\u00e8mes sont possibles\u00a0\u00bb, a averti le chef du contre-espionnage militaire lituanien, Mindaugas Mazonas, \u00e0 la cha\u00eene publique LRT.<\/p>\n<p>Selon lui, les incidents pourraient inclure des violations de l\u2019espace a\u00e9rien ou m\u00eame des cyberattaques, qui sont courantes lors de tels exercices.<\/p>\n","protected":false},"excerpt":{"rendered":"L&rsquo;Allemagne entame le plus grand exercice militaire avec l&rsquo;OTAN nouvelles Gazeta Express 02\/09\/2025 7:35 L&rsquo;Allemagne a lanc\u00e9 son&hellip;\n","protected":false},"author":2,"featured_media":360143,"comment_status":"","ping_status":"","sticky":false,"template":"","format":"standard","meta":{"footnotes":""},"categories":[1587],"tags":[11,672,1804,1805,1803,1777,674,1801,12,1802],"class_list":{"0":"post-360142","1":"post","2":"type-post","3":"status-publish","4":"format-standard","5":"has-post-thumbnail","7":"category-allemagne","8":"tag-actualites","9":"tag-allemagne","10":"tag-bundesrepublik-deutschland","11":"tag-de","12":"tag-deutschland","13":"tag-eu","14":"tag-europe","15":"tag-germany","16":"tag-news","17":"tag-republique-federale-dallemagne"},"share_on_mastodon":{"url":"https:\/\/pubeurope.com\/@fr\/115133342409748067","error":""},"_links":{"self":[{"href":"https:\/\/www.europesays.com\/fr\/wp-json\/wp\/v2\/posts\/360142","targetHints":{"allow":["GET"]}}],"collection":[{"href":"https:\/\/www.europesays.com\/fr\/wp-json\/wp\/v2\/posts"}],"about":[{"href":"https:\/\/www.europesays.com\/fr\/wp-json\/wp\/v2\/types\/post"}],"author":[{"embeddable":true,"href":"https:\/\/www.europesays.com\/fr\/wp-json\/wp\/v2\/users\/2"}],"replies":[{"embeddable":true,"href":"https:\/\/www.europesays.com\/fr\/wp-json\/wp\/v2\/comments?post=360142"}],"version-history":[{"count":0,"href":"https:\/\/www.europesays.com\/fr\/wp-json\/wp\/v2\/posts\/360142\/revisions"}],"wp:featuredmedia":[{"embeddable":true,"href":"https:\/\/www.europesays.com\/fr\/wp-json\/wp\/v2\/media\/360143"}],"wp:attachment":[{"href":"https:\/\/www.europesays.com\/fr\/wp-json\/wp\/v2\/media?parent=360142"}],"wp:term":[{"taxonomy":"category","embeddable":true,"href":"https:\/\/www.europesays.com\/fr\/wp-json\/wp\/v2\/categories?post=360142"},{"taxonomy":"post_tag","embeddable":true,"href":"https:\/\/www.europesays.com\/fr\/wp-json\/wp\/v2\/tags?post=360142"}],"curies":[{"name":"wp","href":"https:\/\/api.w.org\/{rel}","templated":true}]}}