{"id":360146,"date":"2025-09-02T06:43:12","date_gmt":"2025-09-02T06:43:12","guid":{"rendered":"https:\/\/www.europesays.com\/fr\/360146\/"},"modified":"2025-09-02T06:43:12","modified_gmt":"2025-09-02T06:43:12","slug":"les-depenses-militaires-dans-lue-vont-atteindre-un-record","status":"publish","type":"post","link":"https:\/\/www.europesays.com\/fr\/360146\/","title":{"rendered":"Les d\u00e9penses militaires dans l\u2019UE vont atteindre un record"},"content":{"rendered":"<p>Publi\u00e92. septembre 2025, 08:39<\/p>\n<p>S\u00e9curit\u00e9: Les d\u00e9penses militaires dans l\u2019UE vont atteindre un record<\/p>\n<p>Les d\u00e9penses d\u2019armement dans l\u2019Union europ\u00e9enne vont atteindre un nouveau record cette ann\u00e9e, \u00e0 381 milliards d\u2019euros, a annonc\u00e9 mardi l\u2019agence europ\u00e9enne de d\u00e9fense.<\/p>\n<p><a href=\"https:\/\/www.20min.ch\/fr\/auteurs\/103333179\/agence-france-presse\" class=\"sc-b1f21c84-2 egfiIF\" rel=\"nofollow noopener\" target=\"_blank\"><img decoding=\"async\" alt=\"Agence France-Presse\" src=\"https:\/\/www.europesays.com\/fr\/wp-content\/uploads\/2025\/09\/1756795391_277_09cf394e-d19c-4235-9b46-7e00127afb7f.png\" class=\"sc-b1f21c84-1 iTOvpR\"\/><\/a><img loading=\"lazy\" decoding=\"async\" src=\"https:\/\/www.europesays.com\/fr\/wp-content\/uploads\/2025\/09\/ee113e7b-c0bd-4595-8272-9550204df5ee.jpg\" alt=\"Les pays de l\u2019Otan, dont 23 \u00c9tats de l\u2019UE sont \u00e9galement membres, ont aussi d\u00e9cid\u00e9 d\u2019accro\u00eetre encore leurs efforts, en consacrant au moins 5% de leur Produit int\u00e9rieur brut (PIB) \u00e0 leur s\u00e9curit\u00e9 au cours des dix prochaines ann\u00e9es, dont 3,5% pour des d\u00e9penses strictement militaires.\" title=\"Les pays de l\u2019Otan, dont 23 \u00c9tats de l\u2019UE sont \u00e9galement membres, ont aussi d\u00e9cid\u00e9 d\u2019accro\u00eetre encore leurs efforts, en consacrant au moins 5% de leur Produit int\u00e9rieur brut (PIB) \u00e0 leur s\u00e9curit\u00e9 au cours des dix prochaines ann\u00e9es, dont 3,5% pour des d\u00e9penses strictement militaires.\"  width=\"1200\" height=\"724\"\/><\/p>\n<p>Les pays de l\u2019Otan, dont 23 \u00c9tats de l\u2019UE sont \u00e9galement membres, ont aussi d\u00e9cid\u00e9 d\u2019accro\u00eetre encore leurs efforts, en consacrant au moins 5% de leur Produit int\u00e9rieur brut (PIB) \u00e0 leur s\u00e9curit\u00e9 au cours des dix prochaines ann\u00e9es, dont 3,5% pour des d\u00e9penses strictement militaires.<\/p>\n<p>.<\/p>\n<p>L\u2019agence europ\u00e9enne de d\u00e9fense (EDA) a annonc\u00e9 que les d\u00e9penses d\u2019armement dans l\u2019Union europ\u00e9enne vont atteindre un nouveau record cette ann\u00e9e, \u00e0 381 milliards d\u2019euros. Elles avaient atteint 343 milliards d\u2019euros l\u2019an dernier, ce qui \u00e9tait d\u00e9j\u00e0 un niveau record par rapport \u00e0 2023, selon les derniers chiffres publi\u00e9s par cette agence de l\u2019UE sp\u00e9cialis\u00e9e dans les questions de d\u00e9fense.<\/p>\n<p>\u00abL\u2019Europe consacre des sommes record pour sa d\u00e9fense, pour assurer la s\u00e9curit\u00e9 de nos citoyens, et nous ne nous arr\u00eaterons pas l\u00e0\u00bb, a d\u00e9clar\u00e9 la cheffe de la diplomatie de l\u2019Union europ\u00e9enne Kaja Kallas, qui pr\u00e9side l\u2019EDA.<\/p>\n<p>Et cette ann\u00e9e, pr\u00e8s de 130 milliards d\u2019euros ont \u00e9t\u00e9 consacr\u00e9s \u00e0 des investissements tels que de nouveaux armements. Les pays europ\u00e9ens ont fortement augment\u00e9 leurs d\u00e9penses militaires depuis l\u2019annexion de la Crim\u00e9e par la Russie en 2014, et celles-ci se sont encore acc\u00e9l\u00e9r\u00e9es apr\u00e8s l\u2019invasion de l\u2019Ukraine lanc\u00e9e par le Kremlin en f\u00e9vrier 2022.<\/p>\n<p>Les pays de l\u2019Otan, dont 23 \u00c9tats de l\u2019UE sont \u00e9galement membres, ont aussi d\u00e9cid\u00e9 d\u2019accro\u00eetre encore leurs efforts, en consacrant au moins 5% de leur Produit int\u00e9rieur brut (PIB) \u00e0 leur s\u00e9curit\u00e9 au cours des dix prochaines ann\u00e9es, dont 3,5% pour des d\u00e9penses strictement militaires.<\/p>\n<p>(les\/yb)<\/p>\n","protected":false},"excerpt":{"rendered":"Publi\u00e92. septembre 2025, 08:39 S\u00e9curit\u00e9: Les d\u00e9penses militaires dans l\u2019UE vont atteindre un record Les d\u00e9penses d\u2019armement dans&hellip;\n","protected":false},"author":2,"featured_media":360147,"comment_status":"","ping_status":"","sticky":false,"template":"","format":"standard","meta":{"footnotes":""},"categories":[1586],"tags":[11,1777,674,1779,1011,27,12,25,1778,364],"class_list":{"0":"post-360146","1":"post","2":"type-post","3":"status-publish","4":"format-standard","5":"has-post-thumbnail","7":"category-europe","8":"tag-actualites","9":"tag-eu","10":"tag-europe","11":"tag-european-union","12":"tag-fr","13":"tag-france","14":"tag-news","15":"tag-republique-francaise","16":"tag-ue","17":"tag-union-europeenne"},"share_on_mastodon":{"url":"https:\/\/pubeurope.com\/@fr\/115133350324406064","error":""},"_links":{"self":[{"href":"https:\/\/www.europesays.com\/fr\/wp-json\/wp\/v2\/posts\/360146","targetHints":{"allow":["GET"]}}],"collection":[{"href":"https:\/\/www.europesays.com\/fr\/wp-json\/wp\/v2\/posts"}],"about":[{"href":"https:\/\/www.europesays.com\/fr\/wp-json\/wp\/v2\/types\/post"}],"author":[{"embeddable":true,"href":"https:\/\/www.europesays.com\/fr\/wp-json\/wp\/v2\/users\/2"}],"replies":[{"embeddable":true,"href":"https:\/\/www.europesays.com\/fr\/wp-json\/wp\/v2\/comments?post=360146"}],"version-history":[{"count":0,"href":"https:\/\/www.europesays.com\/fr\/wp-json\/wp\/v2\/posts\/360146\/revisions"}],"wp:featuredmedia":[{"embeddable":true,"href":"https:\/\/www.europesays.com\/fr\/wp-json\/wp\/v2\/media\/360147"}],"wp:attachment":[{"href":"https:\/\/www.europesays.com\/fr\/wp-json\/wp\/v2\/media?parent=360146"}],"wp:term":[{"taxonomy":"category","embeddable":true,"href":"https:\/\/www.europesays.com\/fr\/wp-json\/wp\/v2\/categories?post=360146"},{"taxonomy":"post_tag","embeddable":true,"href":"https:\/\/www.europesays.com\/fr\/wp-json\/wp\/v2\/tags?post=360146"}],"curies":[{"name":"wp","href":"https:\/\/api.w.org\/{rel}","templated":true}]}}