{"id":360150,"date":"2025-09-02T06:45:11","date_gmt":"2025-09-02T06:45:11","guid":{"rendered":"https:\/\/www.europesays.com\/fr\/360150\/"},"modified":"2025-09-02T06:45:11","modified_gmt":"2025-09-02T06:45:11","slug":"en-plein-vol-lavion-de-von-der-leyen-prive-de-ses-systemes-de-navigation-par-une-attaque-attribuee-a-la-russie-liberation","status":"publish","type":"post","link":"https:\/\/www.europesays.com\/fr\/360150\/","title":{"rendered":"En plein vol, l\u2019avion de Von der Leyen priv\u00e9 de ses syst\u00e8mes de navigation par une attaque attribu\u00e9e \u00e0 la Russie \u2013 Lib\u00e9ration"},"content":{"rendered":"<p class=\"sc-ksZaOG ehjQrN text-element\">Une m\u00e9saventure qui aurait pu avoir des cons\u00e9quences dramatiques. Dimanche 31 ao\u00fbt, un avion transportant <a href=\"https:\/\/www.liberation.fr\/international\/europe\/guerre-en-ukraine-pour-rearmer-leurope-von-der-leyen-devoile-un-plan-de-pres-de-800-milliards-deuros-20250304_DJ7RGKWPY5HQPF3Q5FJWEMPRHA\/\" target=\"_blank\" rel=\"noreferrer noopener\" title=\"https:\/\/www.liberation.fr\/international\/europe\/guerre-en-ukraine-pour-rearmer-leurope-von-der-leyen-devoile-un-plan-de-pres-de-800-milliards-deuros-20250304_DJ7RGKWPY5HQPF3Q5FJWEMPRHA\/\">Ursula von der Leyen<\/a> \u00e0 Plovdiv, a soudain \u00e9t\u00e9 priv\u00e9 de syst\u00e8mes d\u2019aide \u00e0 la navigation \u00e9lectronique, alors qu\u2019il approchait de l\u2019a\u00e9roport de cette ville bulgare situ\u00e9e \u00e0 150 kilom\u00e8tres au sud-est de Sofia. Selon trois responsables inform\u00e9s de l\u2019incident, et contact\u00e9s par le <a href=\"https:\/\/www.ft.com\/content\/3c330f87-71c4-4db9-8259-f5c132c1f0d3?accessToken=zwAGPbq4ahP4kc88Mw-HccRNudOCWfXBMsHw0w.MEYCIQDrC0cTUa0l8Avof2c1_V52qOQNbNQAFDW1xpW3I9ylBAIhAIgY3HJh0QWFTtE97tHj9psxDfGDuXo1CxjkD4XQicAO&amp;sharetype=gift&amp;token=564c46b8-c2df-490a-8877-5a89f8de0507\" target=\"_blank\" rel=\"noreferrer noopener\" title=\"https:\/\/www.ft.com\/content\/3c330f87-71c4-4db9-8259-f5c132c1f0d3?accessToken=zwAGPbq4ahP4kc88Mw-HccRNudOCWfXBMsHw0w.MEYCIQDrC0cTUa0l8Avof2c1_V52qOQNbNQAFDW1xpW3I9ylBAIhAIgY3HJh0QWFTtE97tHj9psxDfGDuXo1CxjkD4XQicAO&amp;sharetype=gift&amp;token=564c46b8-c2df-490a-8877-5a89f8de0507\">Financial Times<\/a> qui r\u00e9v\u00e8le l\u2019information, une op\u00e9ration d\u2019ing\u00e9rence russe a d\u00e9sactiv\u00e9 les services de navigation GPS de l\u2019a\u00e9roport bulgare.<\/p>\n<p class=\"sc-ksZaOG ehjQrN text-element\">\u00abLe GPS de toute la zone a\u00e9roportuaire s\u2019est \u00e9teint\u00bb, a notamment d\u00e9clar\u00e9 l\u2019un des responsables au m\u00e9dia britannique. Apr\u00e8s avoir tourn\u00e9 en rond au-dessus de l\u2019a\u00e9roport \u00abpendant une heure\u00bb, le pilote a pris la d\u00e9cision d\u2019atterrir manuellement \u00e0 l\u2019aide de cartes papiers. \u00abIl s\u2019agissait ind\u00e9niablement d\u2019une interf\u00e9rence.\u00bb<\/p>\n<p class=\"sc-ksZaOG ehjQrN text-element\">Von der Leyen effectuait un vol entre Varsovie et Plovdiv pour rencontrer le Premier ministre du pays, Rosen Zhelyazkov, et visiter une usine de munitions. La pr\u00e9sidente de la Commission effectuait une tourn\u00e9e dans les Etats frontaliers de l\u2019UE ou situ\u00e9s non loin du B\u00e9larus et de la Russie pour faire part de la \u00abpleine solidarit\u00e9\u00bb de l\u2019UE \u00e0 leur \u00e9gard et discuter efforts de guerre en r\u00e9ponse \u00e0 la guerre men\u00e9e par la Russie contre l\u2019Ukraine. \u00abPoutine n\u2019a pas chang\u00e9 et il ne changera pas, a dit Ursula von der Leyen aux journalistes dimanche, alors qu\u2019elle se trouvait en Bulgarie. C\u2019est un pr\u00e9dateur. Seule une forte dissuasion peut le tenir en \u00e9chec.\u00bb<\/p>\n<p class=\"sc-ksZaOG ehjQrN text-element\">Le brouillage GPS, qui d\u00e9forme, complique ou emp\u00eache l\u2019acc\u00e8s au syst\u00e8me de navigation par satellite, est traditionnellement utilis\u00e9 par les services militaires et de renseignement pour prot\u00e9ger des sites sensibles, mais est de plus en plus utilis\u00e9 par des pays comme la Russie pour perturber la vie civile.<\/p>\n<p class=\"sc-ksZaOG ehjQrN text-element\">Les incidents de brouillage GPS ont consid\u00e9rablement augment\u00e9 ces derni\u00e8res ann\u00e9es dans la mer Baltique et dans les pays d\u2019Europe de l\u2019Est proches de la Russie, affectant les avions, les bateaux et les civils qui utilisent ce service pour leurs trajets.<\/p>\n<p class=\"sc-ksZaOG ehjQrN text-element\">Les gouvernements de l\u2019UE ont averti que l\u2019augmentation de ces interf\u00e9rences imput\u00e9es \u00e0 la Russie risquait de provoquer une catastrophe a\u00e9rienne majeure, en rendant les avions commerciaux sans rep\u00e8res en plein vol.<\/p>\n<p class=\"sc-ksZaOG ehjQrN text-element\">Cet incident intervient dans un contexte de tensions accrues entre le Kremlin et l\u2019Union Europ\u00e9enne, qui avait convoqu\u00e9 l\u2019ambassadeur de Russie \u00e0 Bruxelles jeudi, apr\u00e8s <a href=\"https:\/\/www.liberation.fr\/international\/europe\/ukraine-kyiv-encore-une-fois-visee-par-une-importante-attaque-russe-au-moins-4-morts-20250828_EH5AHTCU4ZAZJJ7EDTBZPGGD7E\/\" target=\"_blank\" rel=\"noreferrer noopener\" title=\"https:\/\/www.liberation.fr\/international\/europe\/ukraine-kyiv-encore-une-fois-visee-par-une-importante-attaque-russe-au-moins-4-morts-20250828_EH5AHTCU4ZAZJJ7EDTBZPGGD7E\/\">des frappes ayant endommag\u00e9 ses bureaux \u00e0 Kyiv<\/a>.<\/p>\n<p class=\"sc-ksZaOG ehjQrN text-element\">Ces nouvelles frappes montrent que la Russie \u00abne recule devant rien\u00bb pour \u00abterroriser\u00bb l\u2019Ukraine, avait r\u00e9agi Ursula von der Leyen. \u00abC\u2019\u00e9tait aussi une attaque contre notre d\u00e9l\u00e9gation et c\u2019est pourquoi nous allons maintenir une pression maximum sur la Russie.\u00bb<\/p>\n","protected":false},"excerpt":{"rendered":"Une m\u00e9saventure qui aurait pu avoir des cons\u00e9quences dramatiques. Dimanche 31 ao\u00fbt, un avion transportant Ursula von der&hellip;\n","protected":false},"author":2,"featured_media":360151,"comment_status":"","ping_status":"","sticky":false,"template":"","format":"standard","meta":{"footnotes":""},"categories":[2],"tags":[11,9043,1011,27,12,25,132,364,2544,135],"class_list":{"0":"post-360150","1":"post","2":"type-post","3":"status-publish","4":"format-standard","5":"has-post-thumbnail","7":"category-actualites","8":"tag-actualites","9":"tag-bulgarie","10":"tag-fr","11":"tag-france","12":"tag-news","13":"tag-republique-francaise","14":"tag-russie","15":"tag-union-europeenne","16":"tag-ursula-von-der-leyen","17":"tag-vladimir-poutine"},"share_on_mastodon":{"url":"https:\/\/pubeurope.com\/@fr\/115133357956808034","error":""},"_links":{"self":[{"href":"https:\/\/www.europesays.com\/fr\/wp-json\/wp\/v2\/posts\/360150","targetHints":{"allow":["GET"]}}],"collection":[{"href":"https:\/\/www.europesays.com\/fr\/wp-json\/wp\/v2\/posts"}],"about":[{"href":"https:\/\/www.europesays.com\/fr\/wp-json\/wp\/v2\/types\/post"}],"author":[{"embeddable":true,"href":"https:\/\/www.europesays.com\/fr\/wp-json\/wp\/v2\/users\/2"}],"replies":[{"embeddable":true,"href":"https:\/\/www.europesays.com\/fr\/wp-json\/wp\/v2\/comments?post=360150"}],"version-history":[{"count":0,"href":"https:\/\/www.europesays.com\/fr\/wp-json\/wp\/v2\/posts\/360150\/revisions"}],"wp:featuredmedia":[{"embeddable":true,"href":"https:\/\/www.europesays.com\/fr\/wp-json\/wp\/v2\/media\/360151"}],"wp:attachment":[{"href":"https:\/\/www.europesays.com\/fr\/wp-json\/wp\/v2\/media?parent=360150"}],"wp:term":[{"taxonomy":"category","embeddable":true,"href":"https:\/\/www.europesays.com\/fr\/wp-json\/wp\/v2\/categories?post=360150"},{"taxonomy":"post_tag","embeddable":true,"href":"https:\/\/www.europesays.com\/fr\/wp-json\/wp\/v2\/tags?post=360150"}],"curies":[{"name":"wp","href":"https:\/\/api.w.org\/{rel}","templated":true}]}}