{"id":360152,"date":"2025-09-02T06:46:12","date_gmt":"2025-09-02T06:46:12","guid":{"rendered":"https:\/\/www.europesays.com\/fr\/360152\/"},"modified":"2025-09-02T06:46:12","modified_gmt":"2025-09-02T06:46:12","slug":"reconnaissance-de-la-palestine-la-belgique-emboite-le-pas-de-la-france-et-va-reconnaitre-letat-de-palestine-lors-de-lassemblee-generale-de-lonu","status":"publish","type":"post","link":"https:\/\/www.europesays.com\/fr\/360152\/","title":{"rendered":"Reconnaissance de la Palestine\u00a0: la Belgique embo\u00eete le pas de la France et va reconna\u00eetre l\u2019\u00c9tat de Palestine lors de l\u2019Assembl\u00e9e g\u00e9n\u00e9rale de l\u2019Onu"},"content":{"rendered":"<p>\n                                                                La Belgique va reconna\u00eetre l\u2019\u00c9tat de Palestine lors de l\u2019Assembl\u00e9e g\u00e9n\u00e9rale des Nations unies, a d\u00e9clar\u00e9 mardi le ministre belge des Affaires \u00e9trang\u00e8res, Maxime Prevot, embo\u00eetant notamment le pas de la France et de la Grande-Bretagne qui ont annonc\u00e9 des d\u00e9cisions similaires.\n                            <\/p>\n<p>Via le r\u00e9seau social X, le chef de la diplomatie belge a fait savoir que \u00ab\u00a0des sanctions fermes\u00a0\u00bb \u00e9taient prises \u00e0 l\u2019\u00e9gard du gouvernement isra\u00e9lien. \u00ab\u00a0Tout antis\u00e9mitisme ou glorification du terrorisme par les partisans du Hamas sera aussi plus fortement d\u00e9nonc\u00e9\u00a0\u00bb, a-t-il \u00e9galement \u00e9crit.<\/p>\n<p>Fin juillet, le pr\u00e9sident Emmanuel Macron a annonc\u00e9 que la France allait reconna\u00eetre l\u2019\u00c9tat de Palestine \u00e0 l\u2019Assembl\u00e9e g\u00e9n\u00e9rale de l\u2019ONU, qui se tiendra du 9 au 23\u00a0septembre \u00e0 New York. Dans la foul\u00e9e, plus d\u2019une dizaine de gouvernements occidentaux ont appel\u00e9 d\u2019autres pays du monde \u00e0 faire de m\u00eame.<\/p>\n<p>\u00ab\u00a0La Belgique se devait de prendre des d\u00e9cisions fortes\u2026\u00a0\u00bb<\/p>\n<p>\u00ab\u00a0Au vu du drame humanitaire se jouant en Palestine et singuli\u00e8rement \u00e0 Gaza, et face aux violences perp\u00e9tr\u00e9es par Isra\u00ebl en violation du droit international [\u2026] la Belgique se devait de prendre des d\u00e9cisions fortes pour accentuer la pression sur le gouvernement isra\u00e9lien et les terroristes du Hamas\u00a0\u00bb, a-t-il expliqu\u00e9. \u00ab\u00a0La Belgique se joindra aux pays signataires de la D\u00e9claration de New York tra\u00e7ant la route vers une solution \u00e0 deux \u00c9tats et reconnaissant donc ceux-ci\u00a0\u00bb, a d\u00e9taill\u00e9 le ministre.<\/p>\n<p>Le Canada avait lui aussi fait part de son intention en faveur d\u2019un \u00c9tat de Palestine. Le Royaume-Uni a aussi annonc\u00e9 qu\u2019il le reconna\u00eetrait, sauf si Isra\u00ebl prenait une s\u00e9rie d\u2019engagements, dont celui d\u2019un cessez-le-feu dans la bande de Gaza.<\/p>\n<p>Au total, les trois quarts des \u00c9tats membres de l\u2019ONU reconnaissent l\u2019\u00c9tat de Palestine, proclam\u00e9 par la direction palestinienne en exil \u00e0 la fin des ann\u00e9es 1980.<\/p>\n","protected":false},"excerpt":{"rendered":"La Belgique va reconna\u00eetre l\u2019\u00c9tat de Palestine lors de l\u2019Assembl\u00e9e g\u00e9n\u00e9rale des Nations unies, a d\u00e9clar\u00e9 mardi le&hellip;\n","protected":false},"author":2,"featured_media":360153,"comment_status":"","ping_status":"","sticky":false,"template":"","format":"standard","meta":{"footnotes":""},"categories":[4],"tags":[11,1011,27,12,25],"class_list":{"0":"post-360152","1":"post","2":"type-post","3":"status-publish","4":"format-standard","5":"has-post-thumbnail","7":"category-france","8":"tag-actualites","9":"tag-fr","10":"tag-france","11":"tag-news","12":"tag-republique-francaise"},"share_on_mastodon":{"url":"https:\/\/pubeurope.com\/@fr\/115133362329490329","error":""},"_links":{"self":[{"href":"https:\/\/www.europesays.com\/fr\/wp-json\/wp\/v2\/posts\/360152","targetHints":{"allow":["GET"]}}],"collection":[{"href":"https:\/\/www.europesays.com\/fr\/wp-json\/wp\/v2\/posts"}],"about":[{"href":"https:\/\/www.europesays.com\/fr\/wp-json\/wp\/v2\/types\/post"}],"author":[{"embeddable":true,"href":"https:\/\/www.europesays.com\/fr\/wp-json\/wp\/v2\/users\/2"}],"replies":[{"embeddable":true,"href":"https:\/\/www.europesays.com\/fr\/wp-json\/wp\/v2\/comments?post=360152"}],"version-history":[{"count":0,"href":"https:\/\/www.europesays.com\/fr\/wp-json\/wp\/v2\/posts\/360152\/revisions"}],"wp:featuredmedia":[{"embeddable":true,"href":"https:\/\/www.europesays.com\/fr\/wp-json\/wp\/v2\/media\/360153"}],"wp:attachment":[{"href":"https:\/\/www.europesays.com\/fr\/wp-json\/wp\/v2\/media?parent=360152"}],"wp:term":[{"taxonomy":"category","embeddable":true,"href":"https:\/\/www.europesays.com\/fr\/wp-json\/wp\/v2\/categories?post=360152"},{"taxonomy":"post_tag","embeddable":true,"href":"https:\/\/www.europesays.com\/fr\/wp-json\/wp\/v2\/tags?post=360152"}],"curies":[{"name":"wp","href":"https:\/\/api.w.org\/{rel}","templated":true}]}}