{"id":360154,"date":"2025-09-02T06:47:16","date_gmt":"2025-09-02T06:47:16","guid":{"rendered":"https:\/\/www.europesays.com\/fr\/360154\/"},"modified":"2025-09-02T06:47:16","modified_gmt":"2025-09-02T06:47:16","slug":"apres-adrien-saddier-un-ancien-vainqueur-de-lopen-de-france-decu-par-labsence-de-joueurs-du-dp-world-tour-a-la-ryder-cup","status":"publish","type":"post","link":"https:\/\/www.europesays.com\/fr\/360154\/","title":{"rendered":"Apr\u00e8s Adrien Saddier, un ancien vainqueur de l\u2019Open de France d\u00e9\u00e7u par l\u2019absence de joueurs du DP World Tour \u00e0 la Ryder Cup"},"content":{"rendered":"<p>\t\t\t\t\t\t<img width=\"770\" height=\"554\" src=\"https:\/\/www.europesays.com\/fr\/wp-content\/uploads\/2025\/04\/marcopengegettyimages-770x554.jpeg\" class=\"img-responsive wp-post-image\" alt=\"\" decoding=\"async\" fetchpriority=\"high\"  \/>\t\t\t\t\t<\/p>\n<p>\t\t\t\t\t\t Partager cet article <\/p>\n<p class=\"screen-reader-text juiz_sps_maybe_hidden_text\">Partager la publication \u00ab\u00a0Apr\u00e8s Adrien Saddier, un ancien vainqueur de l\u2019Open de France d\u00e9\u00e7u par l\u2019absence de joueurs du DP World Tour \u00e0 la Ryder Cup\u00a0\u00bb<\/p>\n<p><strong>Pablo Larraz\u00e1bal s\u2019est montr\u00e9 contrari\u00e9 qu\u2019aucun de ses coll\u00e8gues du DP World Tour comme Marco Penge (photo) n\u2019ait \u00e9t\u00e9 retenu pour la Ryder Cup, ce qui a d\u00e9clench\u00e9 de nombreux commentaires. <\/strong><\/p>\n<p>\t\t\t\t\t<a id=\"183970\" href=\"https:\/\/www.kalika.org\/fr\/actualites\/articles\/pro-am-beachcomber \" target=\"_blank\" rel=\"sponsorised nofollow noopener\"><img fetchpriority=\"high\" decoding=\"async\" src=\"https:\/\/www.europesays.com\/fr\/wp-content\/uploads\/2025\/09\/beachcomber-e02-proam-26-1170x275-1.jpg\" class=\"img-responsive\" alt=\"\"\/><\/a><\/p>\n<p><strong>Pablo Larraz\u00e1bal <\/strong>a r\u00e9agi sur X (anciennement Twitter) \u00e0 <a href=\"https:\/\/www.golfplanete.com\/actualites\/luke-donald-annonce-sans-la-moindre-surprise-ses-six-picks-pour-bethpage-black\/\" rel=\"nofollow noopener\" target=\"_blank\">l\u2019annonce de la s\u00e9lection de Luke Donald<\/a>, et il n\u2019a pas m\u00e2ch\u00e9 ses mots\u00a0: \u00ab Encore une fois, Ryder Cup Europe choisit l\u2019\u00e9quipe que le capitaine Luke Donald consid\u00e8re comme la meilleure. Aucun joueur retenu ne joue sur le circuit europ\u00e9en, alors \u00e0 quoi \u00e7a rime ? Marco Penge m\u00e9ritait d\u2019\u00eatre s\u00e9lectionn\u00e9, tout comme [Matt] Wallace, mais seuls 12 joueurs peuvent participer, a-t-il tweet\u00e9. Bonne chance dans le New Jersey\u2026\u00a0\u00bb<\/p>\n<p>\t\t\t\t\t<a id=\"183961\" href=\"https:\/\/www.wilson.com\/fr-fr\/product\/duo-soft-golf-ball-wg20091?optionsUIDs=Y29uZmlndXJhYmxlLzQ5NzAvMTE4OTIx \" target=\"_blank\" rel=\"sponsorised nofollow noopener\"><img decoding=\"async\" src=\"data:image\/svg+xml,%3Csvg%20xmlns=\" http:=\"\" class=\"img-responsive\" alt=\"\" data-lazy-src=\"https:\/\/www.europesays.com\/fr\/wp-content\/uploads\/2025\/09\/wilson-e02-duo-soft-trk360-1170x275-1.jpg\"\/><\/a><\/p>\n<blockquote class=\"twitter-tweet\">\n<p dir=\"ltr\" lang=\"en\">Again. <a href=\"https:\/\/twitter.com\/RyderCupEurope?ref_src=twsrc%5Etfw\" rel=\"nofollow noopener\" target=\"_blank\">@RyderCupEurope<\/a> team will go with what captain Luke thinks is the best team. 0\u20190 players that play European Tour schedule so what\u2019s the point? Marco Penge deserved a pick and Wallace deserved a pick but only 12 men play. Good luck in NJ\u2026<\/p>\n<p>\u2014 Pablo Larrazabal (@plarrazabal) <a href=\"https:\/\/twitter.com\/plarrazabal\/status\/1962513615992275271?ref_src=twsrc%5Etfw\" rel=\"nofollow noopener\" target=\"_blank\">September 1, 2025<\/a><\/p>\n<\/blockquote>\n<p>\t\t\t\t<img loading=\"lazy\" decoding=\"async\" src=\"data:image\/svg+xml,%3Csvg%20xmlns=\" http:=\"\" attributionsrc=\"\" border=\"0\" height=\"1\" width=\"1\" alt=\"Advertisement\" data-lazy-src=\"https:\/\/www.europesays.com\/fr\/wp-content\/uploads\/2025\/07\/B33047934.411969880;dc_trk_aid=603484932;dc_trk_cid=227659580;ord=[timestamp];dc_lat=;dc_rdid=;tag_f.gif\"\/><\/p>\n<p>\t\t\t\t\t<a id=\"158175\" href=\"https:\/\/ad.doubleclick.net\/ddm\/trackclk\/N1153799.3770024GOLFPLANATE\/B33047934.411969880;dc_trk_aid=603484932;dc_trk_cid=227659580;dc_lat=;dc_rdid=;tag_for_child_directed_treatment=;tfua=;gdpr=${GDPR};gdpr_consent=${GDPR_CONSENT_755};ltd=;dc_tdv=1\" target=\"_blank\" rel=\"sponsorised nofollow noopener\"><img decoding=\"async\" src=\"data:image\/svg+xml,%3Csvg%20xmlns=\" http:=\"\" class=\"img-responsive\" alt=\"\" data-lazy-src=\"https:\/\/www.europesays.com\/fr\/wp-content\/uploads\/2025\/07\/callaway-e01-elyte-driver-1170x275-1.jpg\"\/><\/a><br \/>\nUne deuxi\u00e8me couche apr\u00e8s Adrien Saddier<\/p>\n<p>Certains joueurs comme <strong>Adrien Saddier<\/strong> avaient <a href=\"https:\/\/www.golfplanete.com\/actualites\/adrien-saddier-critique-le-systeme-de-qualification-europeen-de-la-ryder-cup\/\" rel=\"nofollow noopener\" target=\"_blank\">d\u00e9j\u00e0 critiqu\u00e9<\/a> la fa\u00e7on dont les points pour le classement qualificatif pour la <strong>Ryder Cup<\/strong> \u00e9taient distribu\u00e9s. Selon le Fran\u00e7ais, <strong>Marco Penge<\/strong> serait la principale victime du d\u00e9s\u00e9quilibre qui existe entre les joueurs \u00e9voluant sur le <strong>PGA Tour<\/strong> et ceux cantonn\u00e9s au <strong>DP World Tour<\/strong>.<\/p>\n<p>Or, l\u2019Anglais n\u2019a jou\u00e9 qu\u2019un tournoi aux Etats-Unis cette ann\u00e9e (28e du <strong>PGA Championship<\/strong>). Marco Penge a jou\u00e9 les tournois \u00ab alternate \u00bb sur le PGA Tour deux fois l\u2019an pass\u00e9, dont il n\u2019a pas pass\u00e9 le cut. Pas s\u00fbr que cela lui aurait rendu service de le l\u00e2cher dans l\u2019ar\u00e8ne \u00e0 <strong>Bethpage<\/strong>.<\/p>\n<p>Comme expliqu\u00e9 dans certains des nombreux commentaires sur le tweet de Pablo Larraz\u00e1bal, les temps ont chang\u00e9. L\u2019\u00e9quipe serait sans doute plus faible avec des joueurs du DP World Tour, dont les 10 meilleurs partent chaque ann\u00e9e tenter leur chance sur le PGA Tour.<\/p>\n<blockquote><p>\nSi vous voulez de l\u2019exp\u00e9rience dans la Ryder Cup, pourquoi ne pas prendre Miguel Angel Jim\u00e9nez\u00a0?<\/p>\n<p>Pablo Larraz\u00e1bal<\/p>\n<\/blockquote>\n<p>Visiblement, Pablo Larraz\u00e1bal n\u2019en a cure puisqu\u2019il a r\u00e9pondu \u00e0 l\u2019argument de l\u2019exp\u00e9rience des joueurs, brandi par les soutiens de <strong>Luke Donald<\/strong>, en se faisant l\u2019avocat du diable dans <a href=\"https:\/\/x.com\/plarrazabal\/status\/1962578115449749735\" target=\"_blank\" rel=\"noopener nofollow\">un nouveau tweet<\/a>\u00a0: \u00ab\u00a0Si vous voulez de l\u2019exp\u00e9rience dans la Ryder Cup, pourquoi ne pas prendre Miguel Angel Jim\u00e9nez qui a gagn\u00e9 4 fois cette ann\u00e9e et ne va pas rater un coup\u00a0? H\u00e9 h\u00e9 h\u00e9.\u00a0\u00bb<\/p>\n<p>Ceci dit, les critiques viennent certainement aussi du fait que contrairement \u00e0 celles de ses co\u00e9quipiers, la s\u00e9lection de <strong>Matthew Fitzpatrick<\/strong> ne fait pas l\u2019unanimit\u00e9 de par ses r\u00e9sultats. Notamment en Ryder Cup, o\u00f9 il affiche 7 d\u00e9faites en 8 matches\u2026<\/p>\n<p>\t\t\t\t\t<a id=\"183938\" href=\"https:\/\/golfplus.fr\/garmin-c134\" target=\"_blank\" rel=\"sponsorised nofollow noopener\"><img decoding=\"async\" src=\"data:image\/svg+xml,%3Csvg%20xmlns=\" http:=\"\" class=\"img-responsive\" alt=\"\" data-lazy-src=\"https:\/\/www.europesays.com\/fr\/wp-content\/uploads\/2025\/09\/golfplus-e23-garmin-days-1170x275-1.jpg\"\/><\/a><\/p>\n<p>Photo\u00a0: Getty Images<\/p>\n<p>\t\t\t<script async src=\"https:\/\/platform.twitter.com\/widgets.js\" charset=\"utf-8\"><\/script><\/p>\n","protected":false},"excerpt":{"rendered":"Partager cet article Partager la publication \u00ab\u00a0Apr\u00e8s Adrien Saddier, un ancien vainqueur de l\u2019Open de France d\u00e9\u00e7u par&hellip;\n","protected":false},"author":2,"featured_media":56604,"comment_status":"","ping_status":"","sticky":false,"template":"","format":"standard","meta":{"footnotes":""},"categories":[1418],"tags":[1011,27,1472,60],"class_list":{"0":"post-360154","1":"post","2":"type-post","3":"status-publish","4":"format-standard","5":"has-post-thumbnail","7":"category-golf","8":"tag-fr","9":"tag-france","10":"tag-golf","11":"tag-sports"},"share_on_mastodon":{"url":"https:\/\/pubeurope.com\/@fr\/115133365871543264","error":""},"_links":{"self":[{"href":"https:\/\/www.europesays.com\/fr\/wp-json\/wp\/v2\/posts\/360154","targetHints":{"allow":["GET"]}}],"collection":[{"href":"https:\/\/www.europesays.com\/fr\/wp-json\/wp\/v2\/posts"}],"about":[{"href":"https:\/\/www.europesays.com\/fr\/wp-json\/wp\/v2\/types\/post"}],"author":[{"embeddable":true,"href":"https:\/\/www.europesays.com\/fr\/wp-json\/wp\/v2\/users\/2"}],"replies":[{"embeddable":true,"href":"https:\/\/www.europesays.com\/fr\/wp-json\/wp\/v2\/comments?post=360154"}],"version-history":[{"count":0,"href":"https:\/\/www.europesays.com\/fr\/wp-json\/wp\/v2\/posts\/360154\/revisions"}],"wp:featuredmedia":[{"embeddable":true,"href":"https:\/\/www.europesays.com\/fr\/wp-json\/wp\/v2\/media\/56604"}],"wp:attachment":[{"href":"https:\/\/www.europesays.com\/fr\/wp-json\/wp\/v2\/media?parent=360154"}],"wp:term":[{"taxonomy":"category","embeddable":true,"href":"https:\/\/www.europesays.com\/fr\/wp-json\/wp\/v2\/categories?post=360154"},{"taxonomy":"post_tag","embeddable":true,"href":"https:\/\/www.europesays.com\/fr\/wp-json\/wp\/v2\/tags?post=360154"}],"curies":[{"name":"wp","href":"https:\/\/api.w.org\/{rel}","templated":true}]}}