{"id":360155,"date":"2025-09-02T06:48:11","date_gmt":"2025-09-02T06:48:11","guid":{"rendered":"https:\/\/www.europesays.com\/fr\/360155\/"},"modified":"2025-09-02T06:48:11","modified_gmt":"2025-09-02T06:48:11","slug":"volley-tours-gfca-pour-lancer-la-saison-de-marmara-spike-ligue-le-21-octobre","status":"publish","type":"post","link":"https:\/\/www.europesays.com\/fr\/360155\/","title":{"rendered":"Volley : Tours &#8211; GFCA pour lancer la saison de Marmara Spike Ligue le 21 octobre"},"content":{"rendered":"<p>L&rsquo;histoire fourmille de clins d&rsquo;\u0153il et le retour dans la cour des grands du Gaz\u00e9lec Ajaccio va obligatoirement nous en offrir tout au long de la saison de savoureux, comme de douloureux. La parution du calendrier et la perspective de revoir le club insulaire rependre sa place au plus haut niveau sur le parquet mythique de Grenon \u00e0 Tours, en d\u00e9livre d\u00e9j\u00e0 un inattendu vingt-huit ans plus tard. En effet, si le TVB avait \u00e9t\u00e9 en octobre 1997 le premier club \u00e0 se d\u00e9placer en Corse pour une rencontre de Ligue A, le plus titr\u00e9 des clubs fran\u00e7ais devrait sauf contretemps \u00eatre celui face \u00e0 qui le Gaz aura le privil\u00e8ge d&rsquo;\u00e9voluer en \u00e9tant t\u00e9l\u00e9vis\u00e9 pour la premi\u00e8re fois par BeIn sports qui, depuis trois ans, diffuse une affiche Premium de la MSL. Une exposition m\u00e9diatique, qui permettra d&rsquo;effectuer un saut dans le grand bain avant d&rsquo;accueillir tr\u00e8s vite Chaumont, class\u00e9 r\u00e9guli\u00e8rement sur le podium de la phase r\u00e9guli\u00e8re et pr\u00e9sente dans le dernier des play-offs depuis son titre en 2017.<\/p>\n<p>Une entr\u00e9e en mati\u00e8re d\u00e9licate avec toujours en octobre un second d\u00e9placement \u00e0 Saint-Nazaire (12e l&rsquo;an pass\u00e9 apr\u00e8s avoir \u00e9t\u00e9 couronn\u00e9 en 2024) le 28 octobre, soit trois journ\u00e9es en l&rsquo;espace d&rsquo;une premi\u00e8re semaine&#8230;<\/p>\n","protected":false},"excerpt":{"rendered":"L&rsquo;histoire fourmille de clins d&rsquo;\u0153il et le retour dans la cour des grands du Gaz\u00e9lec Ajaccio va obligatoirement&hellip;\n","protected":false},"author":2,"featured_media":360156,"comment_status":"","ping_status":"","sticky":false,"template":"","format":"standard","meta":{"footnotes":""},"categories":[1417],"tags":[17,1011,27,6392,29618,49560,471,3242,60,1390,1470,1469],"class_list":{"0":"post-360155","1":"post","2":"type-post","3":"status-publish","4":"format-standard","5":"has-post-thumbnail","7":"category-volley","8":"tag-17","9":"tag-fr","10":"tag-france","11":"tag-gfca","12":"tag-lancer","13":"tag-marmara","14":"tag-pour","15":"tag-saison","16":"tag-sports","17":"tag-tours","18":"tag-volley","19":"tag-volleyball"},"share_on_mastodon":{"url":"https:\/\/pubeurope.com\/@fr\/115133369863261200","error":""},"_links":{"self":[{"href":"https:\/\/www.europesays.com\/fr\/wp-json\/wp\/v2\/posts\/360155","targetHints":{"allow":["GET"]}}],"collection":[{"href":"https:\/\/www.europesays.com\/fr\/wp-json\/wp\/v2\/posts"}],"about":[{"href":"https:\/\/www.europesays.com\/fr\/wp-json\/wp\/v2\/types\/post"}],"author":[{"embeddable":true,"href":"https:\/\/www.europesays.com\/fr\/wp-json\/wp\/v2\/users\/2"}],"replies":[{"embeddable":true,"href":"https:\/\/www.europesays.com\/fr\/wp-json\/wp\/v2\/comments?post=360155"}],"version-history":[{"count":0,"href":"https:\/\/www.europesays.com\/fr\/wp-json\/wp\/v2\/posts\/360155\/revisions"}],"wp:featuredmedia":[{"embeddable":true,"href":"https:\/\/www.europesays.com\/fr\/wp-json\/wp\/v2\/media\/360156"}],"wp:attachment":[{"href":"https:\/\/www.europesays.com\/fr\/wp-json\/wp\/v2\/media?parent=360155"}],"wp:term":[{"taxonomy":"category","embeddable":true,"href":"https:\/\/www.europesays.com\/fr\/wp-json\/wp\/v2\/categories?post=360155"},{"taxonomy":"post_tag","embeddable":true,"href":"https:\/\/www.europesays.com\/fr\/wp-json\/wp\/v2\/tags?post=360155"}],"curies":[{"name":"wp","href":"https:\/\/api.w.org\/{rel}","templated":true}]}}