{"id":360159,"date":"2025-09-02T06:50:12","date_gmt":"2025-09-02T06:50:12","guid":{"rendered":"https:\/\/www.europesays.com\/fr\/360159\/"},"modified":"2025-09-02T06:50:12","modified_gmt":"2025-09-02T06:50:12","slug":"place-aux-quarts-de-finale-scores-et-resultats-en-direct","status":"publish","type":"post","link":"https:\/\/www.europesays.com\/fr\/360159\/","title":{"rendered":"place aux quarts de finale, scores et r\u00e9sultats en direct"},"content":{"rendered":"<p><a name=\"post1756795592\"\/>08:46 &#8211; Sinner s&rsquo;est balad\u00e9 et file en quarts<\/p>\n<p>L&rsquo;heure des quarts de finale a sonn\u00e9 \u00e0 l&rsquo;US Open ! Pour les derniers huiti\u00e8mes de finale, le public am\u00e9ricain a assist\u00e9 \u00e0 la d\u00e9monstration de Jannik Sinner face \u00e0 Bublik, 6-1, 6-1, 6-1. Que dire \u00e9galement de la performance de Musetti face \u00e0 Munar, 6-3, 6-0, 6-1. L&rsquo;Australien de Minaur a \u00e9galement fait qu&rsquo;une bouch\u00e9e du qualifi\u00e9 suisse Leandro Riedi tout comme Auger Aliassime face \u00e0 Rublev. Chez les femmes, le choc entre Osaka et Gauff a tourn\u00e9 \u00e0 l&rsquo;avantage de la Japonaise, Swiatek et Sabalenka se sont balad\u00e9ee alors que Rybakina a \u00e9t\u00e9 \u00e9limin\u00e9e par Vondrousova.<\/p>\n","protected":false},"excerpt":{"rendered":"08:46 &#8211; Sinner s&rsquo;est balad\u00e9 et file en quarts L&rsquo;heure des quarts de finale a sonn\u00e9 \u00e0 l&rsquo;US&hellip;\n","protected":false},"author":2,"featured_media":360160,"comment_status":"","ping_status":"","sticky":false,"template":"","format":"standard","meta":{"footnotes":""},"categories":[1415],"tags":[1011,27,60,1467],"class_list":{"0":"post-360159","1":"post","2":"type-post","3":"status-publish","4":"format-standard","5":"has-post-thumbnail","7":"category-tennis","8":"tag-fr","9":"tag-france","10":"tag-sports","11":"tag-tennis"},"share_on_mastodon":{"url":"https:\/\/pubeurope.com\/@fr\/115133377614995488","error":""},"_links":{"self":[{"href":"https:\/\/www.europesays.com\/fr\/wp-json\/wp\/v2\/posts\/360159","targetHints":{"allow":["GET"]}}],"collection":[{"href":"https:\/\/www.europesays.com\/fr\/wp-json\/wp\/v2\/posts"}],"about":[{"href":"https:\/\/www.europesays.com\/fr\/wp-json\/wp\/v2\/types\/post"}],"author":[{"embeddable":true,"href":"https:\/\/www.europesays.com\/fr\/wp-json\/wp\/v2\/users\/2"}],"replies":[{"embeddable":true,"href":"https:\/\/www.europesays.com\/fr\/wp-json\/wp\/v2\/comments?post=360159"}],"version-history":[{"count":0,"href":"https:\/\/www.europesays.com\/fr\/wp-json\/wp\/v2\/posts\/360159\/revisions"}],"wp:featuredmedia":[{"embeddable":true,"href":"https:\/\/www.europesays.com\/fr\/wp-json\/wp\/v2\/media\/360160"}],"wp:attachment":[{"href":"https:\/\/www.europesays.com\/fr\/wp-json\/wp\/v2\/media?parent=360159"}],"wp:term":[{"taxonomy":"category","embeddable":true,"href":"https:\/\/www.europesays.com\/fr\/wp-json\/wp\/v2\/categories?post=360159"},{"taxonomy":"post_tag","embeddable":true,"href":"https:\/\/www.europesays.com\/fr\/wp-json\/wp\/v2\/tags?post=360159"}],"curies":[{"name":"wp","href":"https:\/\/api.w.org\/{rel}","templated":true}]}}