{"id":360161,"date":"2025-09-02T06:52:18","date_gmt":"2025-09-02T06:52:18","guid":{"rendered":"https:\/\/www.europesays.com\/fr\/360161\/"},"modified":"2025-09-02T06:52:18","modified_gmt":"2025-09-02T06:52:18","slug":"lespagnol-marc-marquez-remporte-le-grand-prix-de-hongrie","status":"publish","type":"post","link":"https:\/\/www.europesays.com\/fr\/360161\/","title":{"rendered":"l&rsquo;Espagnol Marc Marquez remporte le Grand Prix de Hongrie"},"content":{"rendered":"<p class=\"intro \">Marc Marquez a domin\u00e9 le Grand Prix de Hongrie au Balaton Park, r\u00e9alisant un 7e doubl\u00e9 Sprint-GP cons\u00e9cutif et d\u00e9crochant sa 72e victoire en MotoGP. Leader avec 175 points d\u2019avance, il a devanc\u00e9 Pedro Acosta et Marco Bezzecchi. Fabio Quartararo a fini 10e, Johann Zarco a chut\u00e9.<\/p>\n<p>Vainqueur du sprint samedi, <a href=\"https:\/\/www.europe1.fr\/sport\/motogp-lespagnol-marc-marquez-vainqueur-de-la-course-du-mans-le-francais-quartararo-termine-4-736221\" target=\"_blank\" rel=\"noopener\">Marc Marquez<\/a> a confirm\u00e9 sa mainmise dimanche au Balaton Park. L\u2019Espagnol de Ducati a remport\u00e9 le <a href=\"https:\/\/www.europe1.fr\/sport\" target=\"_blank\" rel=\"noopener\">Grand Prix de Hongrie<\/a> devant Pedro Acosta (KTM) et Marco Bezzecchi (Aprilia). Fabio Quartararo (Yamaha) a termin\u00e9 10e, tandis que Johann Zarco (LCR Honda) a chut\u00e9.<\/p>\n<p>    La suite apr\u00e8s cette publicit\u00e9<\/p>\n<p>    La suite apr\u00e8s cette publicit\u00e9<\/p>\n<blockquote class=\"twitter-tweet\">\n<p dir=\"ltr\" lang=\"fr\">Victoire de Marc M\u00e1rquez ! Victoire de Ducati \u00e0 Balaton Park ! \ud83e\udd73\ud83d\udd34<\/p>\n<p>Il est suivi par la KTM de Pedro Acosta \ud83e\udd48 devant Marco Bezzecchi \ud83e\udd49, trois constructeurs diff\u00e9rents sur le podium en Hongrie \ud83d\ude0e\ud83c\udded\ud83c\uddfa<a href=\"https:\/\/twitter.com\/hashtag\/HungarianGP?src=hash&amp;ref_src=twsrc%5Etfw\" target=\"_blank\" rel=\"noopener\">#HungarianGP<\/a> | <a href=\"https:\/\/twitter.com\/hashtag\/MotoGP?src=hash&amp;ref_src=twsrc%5Etfw\" target=\"_blank\" rel=\"noopener\">#MotoGP<\/a> <a href=\"https:\/\/t.co\/Qewb8Pxkg1\">pic.twitter.com\/Qewb8Pxkg1<\/a><\/p>\n<p>\u2014 CANAL+ (@canalplus) <a href=\"https:\/\/twitter.com\/canalplus\/status\/1959599991187509567?ref_src=twsrc%5Etfw\" target=\"_blank\" rel=\"noopener\">August 24, 2025<\/a><\/p><\/blockquote>\n<p>Cette nouvelle victoire marque le septi\u00e8me doubl\u00e9 cons\u00e9cutif du Catalan, son 12e sprint gagn\u00e9 cette saison et surtout son 72e succ\u00e8s en MotoGP. \u00c0 32 ans, l\u2019octuple champion du monde \u00e9crase la concurrence et s\u2019envole au championnat avec 175 points d\u2019avance.<\/p>\n<p>Une course vite ma\u00eetris\u00e9e<\/p>\n<p>Parti derri\u00e8re Marco Bezzecchi, auteur d\u2019un excellent envol avec des pneus tendres, Marquez a d\u2019abord laiss\u00e9 l\u2019Italien mener le train. Pendant une dizaine de tours, Bezzecchi a r\u00e9sist\u00e9 aux attaques, mais la sup\u00e9riorit\u00e9 du pilote Ducati a vite fait la diff\u00e9rence. Le passage en t\u00eate est intervenu au 11e tour, sans forcer.<\/p>\n<p>    La suite apr\u00e8s cette publicit\u00e9<\/p>\n<p>    La suite apr\u00e8s cette publicit\u00e9<\/p>\n<p>\u00c0 l\u2019arriv\u00e9e, Marc Marquez a franchi la ligne avec quatre secondes d\u2019avance sur Pedro Acosta, impressionnant de r\u00e9gularit\u00e9 apr\u00e8s un d\u00e9part depuis la 7e place. Marco Bezzecchi a sauv\u00e9 le podium en devan\u00e7ant Jorge Martin, champion du monde en titre, qui a retrouv\u00e9 du rythme apr\u00e8s sa longue p\u00e9riode d&rsquo;absence.<\/p>\n<p>Des Fran\u00e7ais encore en difficult\u00e9<\/p>\n<p>Les tricolores n\u2019ont pas brill\u00e9. <a href=\"https:\/\/www.europe1.fr\/sport\/motogp-fabio-quartararo-premier-champion-du-monde-francais-4073253\" target=\"_blank\" rel=\"noopener\">Fabio Quartararo<\/a>, sanctionn\u00e9 d\u2019un long lap penalty pour un accrochage lors du sprint, n\u2019a pu faire mieux que 10e, juste derri\u00e8re Francesco Bagnaia. De son c\u00f4t\u00e9, Johann Zarco a vu sa course s\u2019arr\u00eater pr\u00e9matur\u00e9ment, victime d\u2019une lourde chute au 21e tour.<\/p>\n<p>            <script async src=\"https:\/\/platform.twitter.com\/widgets.js\" charset=\"utf-8\"><\/script><\/p>\n","protected":false},"excerpt":{"rendered":"Marc Marquez a domin\u00e9 le Grand Prix de Hongrie au Balaton Park, r\u00e9alisant un 7e doubl\u00e9 Sprint-GP cons\u00e9cutif&hellip;\n","protected":false},"author":2,"featured_media":360162,"comment_status":"","ping_status":"","sticky":false,"template":"","format":"standard","meta":{"footnotes":""},"categories":[1413],"tags":[1011,27,1457,1456,60],"class_list":{"0":"post-360161","1":"post","2":"type-post","3":"status-publish","4":"format-standard","5":"has-post-thumbnail","7":"category-moto","8":"tag-fr","9":"tag-france","10":"tag-moto","11":"tag-motocycle","12":"tag-sports"},"share_on_mastodon":{"url":"https:\/\/pubeurope.com\/@fr\/115133385498876248","error":""},"_links":{"self":[{"href":"https:\/\/www.europesays.com\/fr\/wp-json\/wp\/v2\/posts\/360161","targetHints":{"allow":["GET"]}}],"collection":[{"href":"https:\/\/www.europesays.com\/fr\/wp-json\/wp\/v2\/posts"}],"about":[{"href":"https:\/\/www.europesays.com\/fr\/wp-json\/wp\/v2\/types\/post"}],"author":[{"embeddable":true,"href":"https:\/\/www.europesays.com\/fr\/wp-json\/wp\/v2\/users\/2"}],"replies":[{"embeddable":true,"href":"https:\/\/www.europesays.com\/fr\/wp-json\/wp\/v2\/comments?post=360161"}],"version-history":[{"count":0,"href":"https:\/\/www.europesays.com\/fr\/wp-json\/wp\/v2\/posts\/360161\/revisions"}],"wp:featuredmedia":[{"embeddable":true,"href":"https:\/\/www.europesays.com\/fr\/wp-json\/wp\/v2\/media\/360162"}],"wp:attachment":[{"href":"https:\/\/www.europesays.com\/fr\/wp-json\/wp\/v2\/media?parent=360161"}],"wp:term":[{"taxonomy":"category","embeddable":true,"href":"https:\/\/www.europesays.com\/fr\/wp-json\/wp\/v2\/categories?post=360161"},{"taxonomy":"post_tag","embeddable":true,"href":"https:\/\/www.europesays.com\/fr\/wp-json\/wp\/v2\/tags?post=360161"}],"curies":[{"name":"wp","href":"https:\/\/api.w.org\/{rel}","templated":true}]}}