{"id":360167,"date":"2025-09-02T06:55:10","date_gmt":"2025-09-02T06:55:10","guid":{"rendered":"https:\/\/www.europesays.com\/fr\/360167\/"},"modified":"2025-09-02T06:55:10","modified_gmt":"2025-09-02T06:55:10","slug":"mercato-emersonn-pas-un-vrai-buteur-mais-un-joueur-avec-du-potentiel-lesviolets-com","status":"publish","type":"post","link":"https:\/\/www.europesays.com\/fr\/360167\/","title":{"rendered":"Mercato : \u201cEmersonn ? Pas un vrai buteur, mais un joueur avec du potentiel&quot; &#8211; LesViolets.Com"},"content":{"rendered":"<ol>\n<li><a href=\"https:\/\/news.google.com\/rss\/articles\/CBMisAFBVV95cUxQMHRvcGJoZjRGRE1FYklabnFScXQySFFiTGlldWlvM05KTGVQdEZqN1lxTUpzQmZHMkE3WFVib2UwWmpyVUV0ZTFuNG5HbFNacGtjLUQ0UGJWaVE3NzhScnNKc1RydzNlXzdnODk4RHZablZxMm5Fa3ZHU1U5YjRVeTNkOFVVQmU0RzRZY0ZTQ3hVZGN1Wk5paERIQURqSWlGTC1NdFFKMnFTZWtqSFFWZg?oc=5\" target=\"_blank\" rel=\"nofollow noopener\">Mercato : \u201cEmersonn ? Pas un vrai buteur, mais un joueur avec du potentiel\u00a0\u00bb<\/a>&nbsp;&nbsp;LesViolets.Com<\/li>\n<li><a href=\"https:\/\/news.google.com\/rss\/articles\/CBMikgJBVV95cUxNZFVVLUtqWWtydXI5R2NDbzhrckZQN09sRXRCck5MbzhGdzI2R0FhQ1JiRjhMMEROM0N1QTVhUkxCNVBkVmN6M0lPZF9qYkhJMW9IMU5hTUUtTlZTMmlBZVpnVXlLZHl2OUs4cFBWc2RwbU9neTl2dFU2WWVlTlgweUxHUDQxbUxmSENQZGhYQzBDd09RRndCUnkxeGJMeHc4WE1WU3IzTlhVWDVPT1czR1plZE5kdWh0RUowY0VPNnNfXzh4ZnI1ckpDS3NReEdpc0pRa1hfYjJIVUFDSFlsME5EU0hjODlhMkhJWDZ1SUZZR09lWlQ4RWF5TnlXbVJqTVdJdEpvS3JtclE5UlMyUEh3?oc=5\" target=\"_blank\" rel=\"nofollow noopener\">MERCATO TFC : beaucoup de bruit mais peu de mouvement\u2026 R\u00e9cit de la derni\u00e8re journ\u00e9e de mercato, o\u00f9 Toulouse a r\u00e9ussi \u00e0 conserver ses cadres<\/a>&nbsp;&nbsp;ladepeche.fr<\/li>\n<li><a href=\"https:\/\/news.google.com\/rss\/articles\/CBMihgFBVV95cUxQckxTTjJ1aHRRSnVJNG5BcVcwNEpPQS1fdjYySUp3LUdxVU1qdFBFdXNNeXl5cDZQUXlQbVZoZVlWY3pMQWN3OWlhNHJxLU56ZkJzU2lzamJqNkRycWxORUNYRk5TSUk2Nm0wQTluRTgxSUt1TFc4MDNvOEtHeGd6VndOTzZLdw?oc=5\" target=\"_blank\" rel=\"nofollow noopener\">Toulouse annonce une 5e recrue<\/a>&nbsp;&nbsp;Foot Mercato<\/li>\n<li><a href=\"https:\/\/news.google.com\/rss\/articles\/CBMi2gFBVV95cUxPNWQtaHR0VUxZR1poaGlEY2lIWEdIUF8zMFVTRUR1b29YcU5nODhaUUVSQ2tYY0wzcWJGTzZYcExKTmJaOEdTdWI3bldDbzl5cDdHOUVkWEs2azY2OGpQS2R1ZExIZWkzZGszR1ZSSGI1aFBDblhOQjZVa3BpWmVqVWJXNWs4bHVmQ2VpaUhaeGowTk9sbFdYUWpEZWFMSWRsRWtZRWpieWQtS2FkREExal9lSlFBXzFqMjF4R1QyaTUxSFRXZzVidnV5aVRldmtLY2VLajBJWjljUQ?oc=5\" target=\"_blank\" rel=\"nofollow noopener\">Un Br\u00e9silien \u00e0 Toulouse ! L\u2019attaquant Emersonn Correia rejoint l\u2019effectif de Carles Martinez Novell<\/a>&nbsp;&nbsp;Toulouse FC<\/li>\n<li><a href=\"https:\/\/news.google.com\/rss\/articles\/CBMi7wFBVV95cUxQLWVORVhGUlE4WmktTkNfYlExbzV0MjZHSnhqVkU4bVQ5OTQ3dFU2Rk05a0NIMHZlYUNEamROYXFkblBBczJhWUlzX3dBRTF3U0pzZVYyU1FmTVZKem02bHhUdUZhNnRvakplbVFmY3k1djV2Yk5oT1pmSFhGQW8yalBRYmNwTlc2akFxWWdNSDBNeHZqLVljOGNuNHo4c2JhSTdiRXZsd093WDhCZm92SFdObHd1UDBxRThUUmJrZ0tUMGNhWDVFUjluYWpuVHkwSzBhcm9ySWxJbGJtd29pTjZkYzBveVUzOXpIek96bw?oc=5\" target=\"_blank\" rel=\"nofollow noopener\">Ligue 1 &#8211; TFC : le d\u00e9fenseur form\u00e9 au club Jaydee Canvot file en Angleterre, fin de mercato pour le T\u00e8f<\/a>&nbsp;&nbsp;francebleu.fr<\/li>\n<\/ol>\n","protected":false},"excerpt":{"rendered":"Mercato : \u201cEmersonn ? Pas un vrai buteur, mais un joueur avec du potentiel\u00a0\u00bb&nbsp;&nbsp;LesViolets.Com MERCATO TFC : beaucoup&hellip;\n","protected":false},"author":2,"featured_media":360168,"comment_status":"","ping_status":"","sticky":false,"template":"","format":"standard","meta":{"footnotes":""},"categories":[1410],"tags":[63,1011,27,60],"class_list":{"0":"post-360167","1":"post","2":"type-post","3":"status-publish","4":"format-standard","5":"has-post-thumbnail","7":"category-football","8":"tag-football","9":"tag-fr","10":"tag-france","11":"tag-sports"},"share_on_mastodon":{"url":"https:\/\/pubeurope.com\/@fr\/115133397377163834","error":""},"_links":{"self":[{"href":"https:\/\/www.europesays.com\/fr\/wp-json\/wp\/v2\/posts\/360167","targetHints":{"allow":["GET"]}}],"collection":[{"href":"https:\/\/www.europesays.com\/fr\/wp-json\/wp\/v2\/posts"}],"about":[{"href":"https:\/\/www.europesays.com\/fr\/wp-json\/wp\/v2\/types\/post"}],"author":[{"embeddable":true,"href":"https:\/\/www.europesays.com\/fr\/wp-json\/wp\/v2\/users\/2"}],"replies":[{"embeddable":true,"href":"https:\/\/www.europesays.com\/fr\/wp-json\/wp\/v2\/comments?post=360167"}],"version-history":[{"count":0,"href":"https:\/\/www.europesays.com\/fr\/wp-json\/wp\/v2\/posts\/360167\/revisions"}],"wp:featuredmedia":[{"embeddable":true,"href":"https:\/\/www.europesays.com\/fr\/wp-json\/wp\/v2\/media\/360168"}],"wp:attachment":[{"href":"https:\/\/www.europesays.com\/fr\/wp-json\/wp\/v2\/media?parent=360167"}],"wp:term":[{"taxonomy":"category","embeddable":true,"href":"https:\/\/www.europesays.com\/fr\/wp-json\/wp\/v2\/categories?post=360167"},{"taxonomy":"post_tag","embeddable":true,"href":"https:\/\/www.europesays.com\/fr\/wp-json\/wp\/v2\/tags?post=360167"}],"curies":[{"name":"wp","href":"https:\/\/api.w.org\/{rel}","templated":true}]}}