{"id":360171,"date":"2025-09-02T06:57:18","date_gmt":"2025-09-02T06:57:18","guid":{"rendered":"https:\/\/www.europesays.com\/fr\/360171\/"},"modified":"2025-09-02T06:57:18","modified_gmt":"2025-09-02T06:57:18","slug":"4-solutions-darchitectes-pour-scenariser-un-appartement-da-peine-30-m2","status":"publish","type":"post","link":"https:\/\/www.europesays.com\/fr\/360171\/","title":{"rendered":"4 solutions d&rsquo;architectes pour sc\u00e9nariser un appartement d&rsquo;\u00e0 peine 30 m2"},"content":{"rendered":"<p>All-over de miroirs et chemin\u00e9e en bois<\/p>\n<p>Nous sommes \u00e0 New York, et chaque objet a une histoire dans <a href=\"https:\/\/www.admagazine.fr\/article\/pied-%C3%A0-terre-artistique-photographe-manhattan\" target=\"_blank\" rel=\"noopener\">le studio d\u2019Anita Calero<\/a>, photographe colombienne passionn\u00e9e d\u2019art et de voyages. En ao\u00fbt dernier, lorsqu\u2019elle a achet\u00e9 ce studio, relativement rare dans un immeuble <a href=\"https:\/\/www.admagazine.fr\/article\/beaux-batiments-style-art-deco\" target=\"_blank\" rel=\"noopener\">Art d\u00e9co<\/a>, l\u2019int\u00e9rieur avait \u00e9t\u00e9 d\u00e9pouill\u00e9 de ses \u00e9l\u00e9ments historiques. Ce que l\u2019espace perdait en caract\u00e8re, il le compensait par les miroirs qui couvraient le mur de la chemin\u00e9e, le plafond et les portes du hall d\u2019entr\u00e9e. Son premier r\u00e9flexe a \u00e9t\u00e9 de tout retirer et de repartir de z\u00e9ro, mais un d\u00eener \u00e0 la maison a chang\u00e9 la donne.<\/p>\n<p>Le d\u00e9fi<\/p>\n<p>\u00ab Je voulais une pi\u00e8ce avec une chemin\u00e9e \u00bb, explique la photographe. \u00c0 New York, ce n\u2019est pas si facile : les <a href=\"https:\/\/www.admagazine.fr\/article\/cheminees-tendances-adopter-hiver\" target=\"_blank\" rel=\"noopener\">chemin\u00e9es<\/a> \u00e0 bois ne sont autoris\u00e9es que dans les b\u00e2timents construits avant 2015. Une fois la perle rare d\u00e9nich\u00e9e, une grande partie du mobilier s\u2019organise autour de cette chemin\u00e9e.<\/p>\n<p>Anita Calero avait pr\u00e9vu d\u2019enlever le mur du salon recouvert de miroirs, mais \u00ab la lumi\u00e8re qui rebondit le matin et l\u2019apr\u00e8s-midi \u00bb l\u2019a convaincue de le garder. \u00ab Au fond, j\u2019aime les miroirs \u00bb, dit-elle.<\/p>\n<p>L&rsquo;astuce pour sc\u00e9nariser l&rsquo;espace<\/p>\n<p>Anita Calero avait pr\u00e9vu d\u2019enlever le <strong>mur du salon recouvert de miroirs<\/strong>, mais la lumi\u00e8re l\u2019a convaincue de le garder. \u00ab Au fond, j\u2019aime les miroirs \u00bb, dit-elle. \u00ab\u00a0Une amie m\u2019a dit : \u201cGarde ces miroirs, tu auras une lumi\u00e8re incroyable\u201d \u00bb, raconte Anita Calero. \u00ab C\u2019\u00e9tait un bon conseil. Le matin et l\u2019apr\u00e8s-midi, la lumi\u00e8re qui se refl\u00e8te sur l\u2019immeuble d\u2019en face revient et dessine de superbes ombres. \u00bb Elle illumine \u00e9galement les int\u00e9rieurs r\u00e9cemment rafra\u00eechis, qui ont accueilli certaines pi\u00e8ces bien-aim\u00e9es de sa collection.<\/p>\n<p>L&rsquo;estrade qui dissimule des rangements<\/p>\n<p>Au c\u0153ur du centre vibrant de Paris, Florquin Studio a m\u00e9tamorphos\u00e9 <a href=\"https:\/\/www.admagazine.fr\/article\/un-27-m2-ouvert-et-offert-a-la-lumiere-a-deux-pas-de-montorgueil\" target=\"_blank\" rel=\"noopener\">un petit espace en mini suite<\/a> \u00e9l\u00e9gante et lumineuse dans un hommage \u00e0 l&rsquo;art de vivre o\u00f9 chaque d\u00e9tail est pens\u00e9, entre Paris et M\u00e9diterran\u00e9e.<\/p>\n<p>Le d\u00e9fi<\/p>\n<p>Am\u00e9nager un petit deux pi\u00e8ces \u00ab tr\u00e8s v\u00e9tuste, au deuxi\u00e8me \u00e9tage d&rsquo;une maison donnant sur cour \u00bb  confie l\u2019architecte Joshua Florquin, fondateur de Florquin Studio. Il poursuit : \u00ab Le propri\u00e9taire souhaitait y habiter la moiti\u00e9 de l\u2019ann\u00e9e et y recevoir son jeune enfant l\u2019\u00e9t\u00e9, il envisageait donc le lieu comme une mini suite d\u2019h\u00f4tel, avec toutes les commodit\u00e9s possibles, beaucoup de rangements, quelque chose de raffin\u00e9, dans des tons m\u00e9diterran\u00e9ens. \u00bb<\/p>\n","protected":false},"excerpt":{"rendered":"All-over de miroirs et chemin\u00e9e en bois Nous sommes \u00e0 New York, et chaque objet a une histoire&hellip;\n","protected":false},"author":2,"featured_media":360172,"comment_status":"","ping_status":"","sticky":false,"template":"","format":"standard","meta":{"footnotes":""},"categories":[1358],"tags":[1348,1384,1385,49562,1386,58,59,1011,27,9986,49561],"class_list":{"0":"post-360171","1":"post","2":"type-post","3":"status-publish","4":"format-standard","5":"has-post-thumbnail","7":"category-arts-et-design","8":"tag-arts","9":"tag-arts-and-design","10":"tag-arts-et-design","11":"tag-astuces-deco","12":"tag-design","13":"tag-divertissement","14":"tag-entertainment","15":"tag-fr","16":"tag-france","17":"tag-petits-espaces","18":"tag-rangement"},"share_on_mastodon":{"url":"https:\/\/pubeurope.com\/@fr\/115133405161982191","error":""},"_links":{"self":[{"href":"https:\/\/www.europesays.com\/fr\/wp-json\/wp\/v2\/posts\/360171","targetHints":{"allow":["GET"]}}],"collection":[{"href":"https:\/\/www.europesays.com\/fr\/wp-json\/wp\/v2\/posts"}],"about":[{"href":"https:\/\/www.europesays.com\/fr\/wp-json\/wp\/v2\/types\/post"}],"author":[{"embeddable":true,"href":"https:\/\/www.europesays.com\/fr\/wp-json\/wp\/v2\/users\/2"}],"replies":[{"embeddable":true,"href":"https:\/\/www.europesays.com\/fr\/wp-json\/wp\/v2\/comments?post=360171"}],"version-history":[{"count":0,"href":"https:\/\/www.europesays.com\/fr\/wp-json\/wp\/v2\/posts\/360171\/revisions"}],"wp:featuredmedia":[{"embeddable":true,"href":"https:\/\/www.europesays.com\/fr\/wp-json\/wp\/v2\/media\/360172"}],"wp:attachment":[{"href":"https:\/\/www.europesays.com\/fr\/wp-json\/wp\/v2\/media?parent=360171"}],"wp:term":[{"taxonomy":"category","embeddable":true,"href":"https:\/\/www.europesays.com\/fr\/wp-json\/wp\/v2\/categories?post=360171"},{"taxonomy":"post_tag","embeddable":true,"href":"https:\/\/www.europesays.com\/fr\/wp-json\/wp\/v2\/tags?post=360171"}],"curies":[{"name":"wp","href":"https:\/\/api.w.org\/{rel}","templated":true}]}}