{"id":360173,"date":"2025-09-02T06:58:16","date_gmt":"2025-09-02T06:58:16","guid":{"rendered":"https:\/\/www.europesays.com\/fr\/360173\/"},"modified":"2025-09-02T06:58:16","modified_gmt":"2025-09-02T06:58:16","slug":"caussade-patrice-hougue-auteur-et-illustrateur-tout-a-la-fois","status":"publish","type":"post","link":"https:\/\/www.europesays.com\/fr\/360173\/","title":{"rendered":"Caussade. Patrice Hougue, auteur et illustrateur, tout \u00e0 la fois"},"content":{"rendered":"<p>Lors d\u2019une seconde s\u00e9ance de d\u00e9dicaces, lundi matin \u00e0 la papeterie librairie Styl\u2019\u00d4 Plumes de Caussade, Patrice Hougue est venu \u00e0 la rencontre de ses lecteurs pour leur pr\u00e9senter \u00e0 nouveau son conte merveilleux intitul\u00e9 \u00ab\u00a0Jean-D\u00e9sir\u00e9 vit son r\u00eave\u00a0\u00bb, un explorateur au grand c\u0153ur, qui part en qu\u00eate d\u2019aventures avec son fid\u00e8le appareil photo et une bande d\u2019animaux attachants dot\u00e9s de pouvoirs extraordinaires. Entre \u00e9clats de rire et le\u00e7ons de vie, leur voyage rocambolesque vers un nouveau monde s\u2019annonce inoubliable. Un univers merveilleux foisonnant, avec une couverture et des illustrations r\u00e9alis\u00e9es par l\u2019auteur. \u00c0 la fois auteur et illustrateur, Patrice Hougue travaille d\u00e9j\u00e0 sur une suite \u00e0 son premier conte qu\u2019il devrait pr\u00e9senter en mai 2026. Pa railleurs, il \u00e9labore en ce moment, un livre sous forme de saga destin\u00e9e \u00e0 la jeunesse avec textes et coloriages, qu\u2019il pourrait pr\u00e9senter d\u00e8s la fin de l\u2019ann\u00e9e, pour les f\u00eates. Apr\u00e8s un cursus litt\u00e9raire, Patrice Hougue devient \u00e0 20 ans animateur-\u00e9ducateur et part vers l\u2019aventure en auto-stop jusqu\u2019en Islande, une exp\u00e9rience qui changera sa vie. Plus tard, il devient assistant d\u2019\u00e9ducation, notamment au lyc\u00e9e professionnel priv\u00e9 Clair-Foyer de Caussade. Maintenant, jeune retrait\u00e9, il reprend ses \u00e9crits et explore des univers merveilleux, partageant ses r\u00eaves et son humour \u00e0 travers les aventures de Jean-D\u00e9sir\u00e9.<\/p>\n","protected":false},"excerpt":{"rendered":"Lors d\u2019une seconde s\u00e9ance de d\u00e9dicaces, lundi matin \u00e0 la papeterie librairie Styl\u2019\u00d4 Plumes de Caussade, Patrice Hougue&hellip;\n","protected":false},"author":2,"featured_media":360174,"comment_status":"","ping_status":"","sticky":false,"template":"","format":"standard","meta":{"footnotes":""},"categories":[1357],"tags":[1379,58,59,1011,27,1380],"class_list":{"0":"post-360173","1":"post","2":"type-post","3":"status-publish","4":"format-standard","5":"has-post-thumbnail","7":"category-livres","8":"tag-books","9":"tag-divertissement","10":"tag-entertainment","11":"tag-fr","12":"tag-france","13":"tag-livres"},"share_on_mastodon":{"url":"https:\/\/pubeurope.com\/@fr\/115133409116597210","error":""},"_links":{"self":[{"href":"https:\/\/www.europesays.com\/fr\/wp-json\/wp\/v2\/posts\/360173","targetHints":{"allow":["GET"]}}],"collection":[{"href":"https:\/\/www.europesays.com\/fr\/wp-json\/wp\/v2\/posts"}],"about":[{"href":"https:\/\/www.europesays.com\/fr\/wp-json\/wp\/v2\/types\/post"}],"author":[{"embeddable":true,"href":"https:\/\/www.europesays.com\/fr\/wp-json\/wp\/v2\/users\/2"}],"replies":[{"embeddable":true,"href":"https:\/\/www.europesays.com\/fr\/wp-json\/wp\/v2\/comments?post=360173"}],"version-history":[{"count":0,"href":"https:\/\/www.europesays.com\/fr\/wp-json\/wp\/v2\/posts\/360173\/revisions"}],"wp:featuredmedia":[{"embeddable":true,"href":"https:\/\/www.europesays.com\/fr\/wp-json\/wp\/v2\/media\/360174"}],"wp:attachment":[{"href":"https:\/\/www.europesays.com\/fr\/wp-json\/wp\/v2\/media?parent=360173"}],"wp:term":[{"taxonomy":"category","embeddable":true,"href":"https:\/\/www.europesays.com\/fr\/wp-json\/wp\/v2\/categories?post=360173"},{"taxonomy":"post_tag","embeddable":true,"href":"https:\/\/www.europesays.com\/fr\/wp-json\/wp\/v2\/tags?post=360173"}],"curies":[{"name":"wp","href":"https:\/\/api.w.org\/{rel}","templated":true}]}}