{"id":360175,"date":"2025-09-02T06:59:11","date_gmt":"2025-09-02T06:59:11","guid":{"rendered":"https:\/\/www.europesays.com\/fr\/360175\/"},"modified":"2025-09-02T06:59:11","modified_gmt":"2025-09-02T06:59:11","slug":"ne-massociez-pas-a-palmade-ou-dechavanne-mathieu-delormeau-raconte-sa-cure-de-desintoxication-a-cyril-hanouna-dans-tout-beau-tout-neuf","status":"publish","type":"post","link":"https:\/\/www.europesays.com\/fr\/360175\/","title":{"rendered":"\u00ab\u00a0Ne m\u2019associez pas \u00e0 Palmade ou Dechavanne\u00a0\u00bb\u00a0: Mathieu Delormeau raconte sa cure de d\u00e9sintoxication \u00e0 Cyril Hanouna dans Tout beau tout neuf"},"content":{"rendered":"<p>\n                                                                Mathieu Delormeau a fait son retour m\u00e9diatique lundi 1er\u00a0septembre sur W9 dans la nouvelle \u00e9mission de Cyril Hanouna, Tout beau tout neuf. Visiblement \u00e9mu, l\u2019ex-chroniqueur de TPMP y a \u00e9voqu\u00e9 ses probl\u00e8mes d\u2019addiction, sa garde \u00e0 vue et sa r\u00e9cente cure de d\u00e9sintoxication, qualifi\u00e9e de \u00ab\u00a0prison pour gens drogu\u00e9s\u00a0\u00bb, avant d\u2019annoncer son retour en tant que chroniqueur aux c\u00f4t\u00e9s de l\u2019animateur.\n                            <\/p>\n<p>Il \u00e9tait l\u2019invit\u00e9 surprise de la premi\u00e8re de Tout beau tout neuf. Sur le plateau de la nouvelle \u00e9mission de<a href=\"https:\/\/www.midilibre.fr\/2025\/02\/27\/on-est-plutot-severes-la-dessus-cyril-hanouna-reagit-dans-tpmp-a-la-nouvelle-garde-a-vue-de-matthieu-delormeau-pour-achat-de-cocaine-12538465.php\" target=\"_blank\" rel=\"nofollow noopener\"> Cyril Hanouna sur W9, Mathieu Delormeau<\/a> est revenu sur ses probl\u00e8mes d\u2019addiction et sa cure de d\u00e9sintoxication.<\/p>\n<p>Visiblement \u00e9mu et apr\u00e8s une longue accolade avec l\u2019animateur, l\u2019ex-chroniqueur de TPMP\u00a0a racont\u00e9 ce qu\u2019il <a href=\"https:\/\/www.midilibre.fr\/2025\/02\/27\/on-est-plutot-severes-la-dessus-cyril-hanouna-reagit-dans-tpmp-a-la-nouvelle-garde-a-vue-de-matthieu-delormeau-pour-achat-de-cocaine-12538465.php\" target=\"_blank\" rel=\"nofollow noopener\">a travers\u00e9 ses derni\u00e8res semaines.\u00a0<\/a><a href=\"https:\/\/www.midilibre.fr\/2025\/02\/27\/on-est-plutot-severes-la-dessus-cyril-hanouna-reagit-dans-tpmp-a-la-nouvelle-garde-a-vue-de-matthieu-delormeau-pour-achat-de-cocaine-12538465.php\" target=\"_blank\" rel=\"nofollow noopener\">\u00ab\u00a0J\u2019ai v\u00e9cu la police, la justice, les gardes \u00e0 vues, la prison, les cit\u00e9s, les dealers<\/a>\u00ab\u00a0, a-t-il \u00e9num\u00e9r\u00e9 avant d\u2019\u00e9voquer sa cure de d\u00e9sintoxication, qu\u2019il compare \u00e0 \u00ab\u00a0une prison pour gens drogu\u00e9s\u00a0\u00bb.<\/p>\n<p>\u00ab\u00a0C\u2019est horrible\u00a0\u00bb<\/p>\n<p>\u00ab\u00a0C\u2019est horrible. Tu ne peux pas imaginer ce que j\u2019ai v\u00e9cu, a-t-il d\u00e9clar\u00e9. Quand j\u2019entends qu\u2019aujourd\u2019hui on pourrait l\u00e9galiser le cannabis, j\u2019aimerais vous dire que dans les cures, la deuxi\u00e8me cause c\u2019est le cannabis, ce n\u2019est pas la coca\u00efne. \u00c7a fait des ravages. \u00c7a te br\u00fble les neurones.\u00a0\u00bb<\/p>\n<p>Avant de quitter le plateau, Mathieu Delormeau a tenu faire une derni\u00e8re mise au point.\u00a0\u00ab\u00a0Juste sur les r\u00e9seaux sociaux s\u2019il vous pla\u00eet ne m\u2019associez pas \u00e0 Palmade ou Dechavanne, durant les ann\u00e9es o\u00f9 j\u2019ai fait des b\u00eatises je n\u2019ai jamais, jamais mis quelqu\u2019un d\u2019autre en danger que moi, je n\u2019ai pas conduit, je n\u2019ai rien fait, je ne suis pas sorti, le seul que j\u2019ai d\u00e9truit c\u2019est moi\u00a0\u00bb, a-t-il conclu, apr\u00e8s que Cyril Hanouna a annonc\u00e9 qu\u2019il allait rejoindre son \u00e9quipe de chroniqueurs.<\/p>\n","protected":false},"excerpt":{"rendered":"Mathieu Delormeau a fait son retour m\u00e9diatique lundi 1er\u00a0septembre sur W9 dans la nouvelle \u00e9mission de Cyril Hanouna,&hellip;\n","protected":false},"author":2,"featured_media":360176,"comment_status":"","ping_status":"","sticky":false,"template":"","format":"standard","meta":{"footnotes":""},"categories":[1356],"tags":[58,59,1011,27,252,1364],"class_list":{"0":"post-360175","1":"post","2":"type-post","3":"status-publish","4":"format-standard","5":"has-post-thumbnail","7":"category-television","8":"tag-divertissement","9":"tag-entertainment","10":"tag-fr","11":"tag-france","12":"tag-television","13":"tag-tv"},"share_on_mastodon":{"url":"https:\/\/pubeurope.com\/@fr\/115133413006790852","error":""},"_links":{"self":[{"href":"https:\/\/www.europesays.com\/fr\/wp-json\/wp\/v2\/posts\/360175","targetHints":{"allow":["GET"]}}],"collection":[{"href":"https:\/\/www.europesays.com\/fr\/wp-json\/wp\/v2\/posts"}],"about":[{"href":"https:\/\/www.europesays.com\/fr\/wp-json\/wp\/v2\/types\/post"}],"author":[{"embeddable":true,"href":"https:\/\/www.europesays.com\/fr\/wp-json\/wp\/v2\/users\/2"}],"replies":[{"embeddable":true,"href":"https:\/\/www.europesays.com\/fr\/wp-json\/wp\/v2\/comments?post=360175"}],"version-history":[{"count":0,"href":"https:\/\/www.europesays.com\/fr\/wp-json\/wp\/v2\/posts\/360175\/revisions"}],"wp:featuredmedia":[{"embeddable":true,"href":"https:\/\/www.europesays.com\/fr\/wp-json\/wp\/v2\/media\/360176"}],"wp:attachment":[{"href":"https:\/\/www.europesays.com\/fr\/wp-json\/wp\/v2\/media?parent=360175"}],"wp:term":[{"taxonomy":"category","embeddable":true,"href":"https:\/\/www.europesays.com\/fr\/wp-json\/wp\/v2\/categories?post=360175"},{"taxonomy":"post_tag","embeddable":true,"href":"https:\/\/www.europesays.com\/fr\/wp-json\/wp\/v2\/tags?post=360175"}],"curies":[{"name":"wp","href":"https:\/\/api.w.org\/{rel}","templated":true}]}}