{"id":360177,"date":"2025-09-02T07:00:15","date_gmt":"2025-09-02T07:00:15","guid":{"rendered":"https:\/\/www.europesays.com\/fr\/360177\/"},"modified":"2025-09-02T07:00:15","modified_gmt":"2025-09-02T07:00:15","slug":"vianney-en-retard-sur-son-projet-le-message-vocal-de-son-fils-edgar-3-ans-et-demi-veut-tout-dire","status":"publish","type":"post","link":"https:\/\/www.europesays.com\/fr\/360177\/","title":{"rendered":"Vianney en retard sur son projet ? Le message vocal de son fils Edgar, 3 ans et demi, veut tout dire"},"content":{"rendered":"<p>            <img loading=\"lazy\" decoding=\"async\" src=\"https:\/\/www.europesays.com\/fr\/wp-content\/uploads\/2025\/04\/112-61fcecbf3e687-35x35-1.jpg\" class=\"author-article-picture\" width=\"35\" height=\"35\"\/><\/p>\n<p>                Par<br \/>\n                                    <a class=\"author-article-bio-link\" href=\"https:\/\/www.purepeople.com\/auteur\/charlotte-pletcher_a112\" rel=\"nofollow noopener\" target=\"_blank\">Charlotte Pletcher<\/a><br \/>\n                                                    | Journaliste<\/p>\n<p>\n                Fan de s\u00e9ries en tous genres, elle aime suivre le quotidien de ses acteurs pr\u00e9f\u00e9r\u00e9s. Elle est \u00e9galement fan de la reine Elizabeth II, de Kate Middleton et ne comprend toujours pas ce que le prince Harry fait avec Meghan Markle.\n            <\/p>\n<p>\n    Il y a quelques mois maintenant, Vianney surprenait avec une d\u00e9cision pour le moins inattendue. Son projet ? S&rsquo;\u00e9loigner de la vie m\u00e9diatique et se lancer dans un d\u00e9fi personnel \u00e9tonnant. Un challenge dans lequel son fils Edgar l\u2019accompagne \u00e0 sa fa\u00e7on.\n<\/p>\n<p>                            <img loading=\"lazy\" decoding=\"async\" class=\"player-thumbnail\" src=\"https:\/\/www.europesays.com\/fr\/wp-content\/uploads\/2025\/09\/7ba06ec81bdf93aa-580x326-3.png\" width=\"580\" height=\"326\"\/><\/p>\n<p>                    Vianney en retard sur son projet ? Le message vocal de son fils Edgar, 3 ans et demi, veut tout dire<\/p>\n<p>La suite apr\u00e8s la publicit\u00e9<\/p>\n<p>Au tout d\u00e9but de l\u2019\u00e9t\u00e9, <a href=\"https:\/\/www.purepeople.com\/people\/vianney-bureau_p544605\" rel=\"nofollow noopener\" target=\"_blank\">Vianney<\/a> a ressenti le besoin de s\u2019\u00e9loigner des feux des projecteurs, de la musique et de la t\u00e9l\u00e9vision afin de se consacrer \u00e0 un projet pr\u00e9cieux lourd de sens pour lui. C\u2019est la raison pour laquelle il a choisi de <strong>ne pas poursuivre l\u2019aventure <\/strong><strong>The Voice <\/strong>dans laquelle il s\u2019\u00e9tait lanc\u00e9 quelques ann\u00e9es plus t\u00f4t pour accompagner les talents venus tenter leur chance. \u201c\u00c7a fait cinq ans que je mets tout mon c\u0153ur et tout mon temps au service de projets pour d&rsquo;autres, avec d&rsquo;autres, et j&rsquo;ai ador\u00e9 \u00e7a. J&rsquo;ai aussi essay\u00e9 de transmettre un petit peu, comme j&rsquo;ai pu, je pense \u00e0 The Voice qui a \u00e9t\u00e9 vraiment l&rsquo;une des aventures les plus belles de ma vie. Mais je ressens le besoin de tourner ces pages-l\u00e0 pour un temps\u201d avait-il fait savoir dans une vid\u00e9o publi\u00e9e sur Instagram.\u00a0<\/p>\n<p>Son projet ? Construire de ses propres mains une cabane en bois dans laquelle il installera son studio pour l\u2019hiver, endroit isol\u00e9 dans lequel il a pour but d\u2019enregistrer ses prochaines chansons. En attendant, la construction suit son cours et c\u2019est toujours sur les r\u00e9seaux sociaux, Instagram et Youtube notamment, que le <a href=\"https:\/\/www.purepeople.com\/article\/vianney_a397448\/1\" rel=\"nofollow noopener\" target=\"_blank\">mari de Catherine Robert<\/a> donne des nouvelles de l\u2019avanc\u00e9e des travaux.\u00a0<\/p>\n<p>Ce dimanche 31 ao\u00fbt, pour annoncer la sortie du <strong>chapitre 2 de ses aventures sur Youtube<\/strong>, Vianney a publi\u00e9 plusieurs clich\u00e9s, audios et vid\u00e9os de ces derniers jours pass\u00e9s sur son projet d\u2019envergure. Celui qui s\u2019est r\u00e9cemment rendu <a href=\"https:\/\/www.purepeople.com\/article\/vianney-en-famille-dans-le-morbihan-le-chanteur-s-est-rendu-dans-un-endroit-particulier-pour-lui_a541458\/1\" rel=\"nofollow noopener\" target=\"_blank\">en famille dans le Morbihan<\/a> est d\u2019ailleurs bien accompagn\u00e9 puisque c\u2019est encourag\u00e9 par ses proches parmi lesquels son \u00e9pouse et <a href=\"https:\/\/www.purepeople.com\/article\/un-projet-en-famille-vianney-porte-par-son-fils-edgar-3-ans-et-demi-le-chanteur-devoile-en-images-ou-il-en-est-dans-sa-fameuse-construction-retiree-de-tout_a540974\/1\" rel=\"nofollow noopener\" target=\"_blank\">leur fils Edgar, 3 ans et demi<\/a>, que Vianney avance \u00e0 grands pas. Ou pas.<\/p>\n<p>Le projet de Vianney a-t-il pris du retard ?<\/p>\n<p>Le chanteur de 34 ans se montre les mains dans la terre ou plut\u00f4t dans le bois, en train de tenter de couper des rondins avant de chuter. Au programme \u00e9galement, des pauses au coin du feu et des repas g\u00e9n\u00e9reux et gourmands pour se requinquer : \u201cLe jour j\u2019\u00e9cor\u00e7ais mes troncs. La nuit je r\u00eavais que je le faisais. Je me suis d\u00e9couvert des douleurs inconnues et m\u2019en suis senti chanceux. Merci de me soutenir dans ce chemin.\u201d Entre deux slides s\u2019est gliss\u00e9 un vocal du jeune Edgar, fruit de ses amours avec la violoncelliste Catherine Robert (<a href=\"https:\/\/www.purepeople.com\/article\/-les-deux-ingredients-les-secrets-d-une-famille-recomposee-reussie-selon-vianney-beau-pere-de-la-fille-de-sa-femme-catherine_a530188\/1\" rel=\"nofollow noopener\" target=\"_blank\">d\u00e9j\u00e0 maman d\u2019une fille n\u00e9e d\u2019une pr\u00e9c\u00e9dente union<\/a>).<\/p>\n<p>On entend le gar\u00e7onnet poser une question : \u201c<strong>La cabane, elle sera pr\u00eate quand je serai grand ?<\/strong>\u201d d\u2019une voix innocente et pleine de doute. De quoi soup\u00e7onner Vianney d\u2019avoir pr\u00e9venu son fils qu\u2019il n\u2019\u00e9tait<strong> pas en avance sur l\u2019avanc\u00e9e de la construction<\/strong>. En juillet dernier, il \u00e9crivait d\u2019ailleurs \u201cCe n\u2019est qu\u2019une cabane mais je n\u2019ai que deux mains. Je suis d\u00e9j\u00e0 en retard.\u201d S\u2019il n\u2019est pas dans les temps, Vianney peut se vanter de s\u2019\u00eatre lanc\u00e9 dans un projet qui a du sens malgr\u00e9 son manque d&rsquo;edxp\u00e9rience dans le milieu de la charpenterie : \u201cJe ne suis pas exp\u00e9riment\u00e9, donc ce ne sera pas parfait. Mais je r\u00eave d\u2019\u00e9crire mes prochaines chansons dans ce refuge. J\u2019y mettrai un lit, une table, un po\u00eale, une guitare et un piano.\u201d Vianney est donc sur le point de r\u00e9aliser un r\u00eave. Quoi de plus beau ?<\/p>\n","protected":false},"excerpt":{"rendered":"Par Charlotte Pletcher | Journaliste Fan de s\u00e9ries en tous genres, elle aime suivre le quotidien de ses&hellip;\n","protected":false},"author":2,"featured_media":360178,"comment_status":"","ping_status":"","sticky":false,"template":"","format":"standard","meta":{"footnotes":""},"categories":[1355],"tags":[58,59,1011,27,1361,873],"class_list":{"0":"post-360177","1":"post","2":"type-post","3":"status-publish","4":"format-standard","5":"has-post-thumbnail","7":"category-musique","8":"tag-divertissement","9":"tag-entertainment","10":"tag-fr","11":"tag-france","12":"tag-music","13":"tag-musique"},"share_on_mastodon":{"url":"https:\/\/pubeurope.com\/@fr\/115133417349734417","error":""},"_links":{"self":[{"href":"https:\/\/www.europesays.com\/fr\/wp-json\/wp\/v2\/posts\/360177","targetHints":{"allow":["GET"]}}],"collection":[{"href":"https:\/\/www.europesays.com\/fr\/wp-json\/wp\/v2\/posts"}],"about":[{"href":"https:\/\/www.europesays.com\/fr\/wp-json\/wp\/v2\/types\/post"}],"author":[{"embeddable":true,"href":"https:\/\/www.europesays.com\/fr\/wp-json\/wp\/v2\/users\/2"}],"replies":[{"embeddable":true,"href":"https:\/\/www.europesays.com\/fr\/wp-json\/wp\/v2\/comments?post=360177"}],"version-history":[{"count":0,"href":"https:\/\/www.europesays.com\/fr\/wp-json\/wp\/v2\/posts\/360177\/revisions"}],"wp:featuredmedia":[{"embeddable":true,"href":"https:\/\/www.europesays.com\/fr\/wp-json\/wp\/v2\/media\/360178"}],"wp:attachment":[{"href":"https:\/\/www.europesays.com\/fr\/wp-json\/wp\/v2\/media?parent=360177"}],"wp:term":[{"taxonomy":"category","embeddable":true,"href":"https:\/\/www.europesays.com\/fr\/wp-json\/wp\/v2\/categories?post=360177"},{"taxonomy":"post_tag","embeddable":true,"href":"https:\/\/www.europesays.com\/fr\/wp-json\/wp\/v2\/tags?post=360177"}],"curies":[{"name":"wp","href":"https:\/\/api.w.org\/{rel}","templated":true}]}}