{"id":360181,"date":"2025-09-02T07:02:10","date_gmt":"2025-09-02T07:02:10","guid":{"rendered":"https:\/\/www.europesays.com\/fr\/360181\/"},"modified":"2025-09-02T07:02:10","modified_gmt":"2025-09-02T07:02:10","slug":"faut-il-craindre-laluminium-dans-les-vaccins-pour-enfants-ce-que-revele-une-etude-majeure","status":"publish","type":"post","link":"https:\/\/www.europesays.com\/fr\/360181\/","title":{"rendered":"Faut-il craindre l\u2019aluminium dans les vaccins pour enfants ? Ce que r\u00e9v\u00e8le une \u00e9tude majeure"},"content":{"rendered":"<p>Chaque rentr\u00e9e relance la m\u00eame interrogation, suscit\u00e9e par les inqui\u00e9tudes grandissantes autour de la vaccination infantile : que penser de l&rsquo;aluminium, cet ingr\u00e9dient tant discut\u00e9 ? Face aux d\u00e9bats passionn\u00e9s, parfois charg\u00e9s d&rsquo;angoisses, une \u00e9tude r\u00e9cente vient bouleverser la donne en 2025. Pour les parents, mais aussi les grands-parents toujours attentifs \u00e0 la sant\u00e9 des petits, comprendre ce que r\u00e9v\u00e8le vraiment la science devient essentiel. Que sait-on r\u00e9ellement de l&rsquo;aluminium dans les vaccins pour enfants ? Plong\u00e9e dans une question qui divise\u2026 en laissant planer le doute plus longtemps qu&rsquo;on ne l&rsquo;aurait cru.<\/p>\n<p>De quoi parle-t-on ? L&rsquo;aluminium dans les vaccins, un ingr\u00e9dient qui fait d\u00e9bat<br \/>\nPetit rappel : pourquoi utilise-t-on de l&rsquo;aluminium dans certains vaccins ?<\/p>\n<p>Dans le paysage vaccinal, l&rsquo;aluminium n&rsquo;est en aucun cas un ingr\u00e9dient cach\u00e9. Il joue le r\u00f4le d&rsquo;<strong>adjuvant<\/strong>, une substance destin\u00e9e \u00e0 renforcer l&rsquo;efficacit\u00e9 du vaccin. Comment ? Son ajout dans certains vaccins permet au syst\u00e8me immunitaire de mieux r\u00e9agir, donc de mieux se souvenir de la menace (virus, bact\u00e9ries) et de d\u00e9velopper une <strong>d\u00e9fense efficace<\/strong> sur la dur\u00e9e.<\/p>\n<p>Pr\u00e9sent en faibles quantit\u00e9s, cet agent existe dans la vaccination depuis pr\u00e8s d&rsquo;un si\u00e8cle, un fait souvent m\u00e9connu. Aujourd&rsquo;hui encore, il est couramment utilis\u00e9 dans de <strong>nombreux vaccins infantiles<\/strong>, notamment ceux contre la dipht\u00e9rie, le t\u00e9tanos ou la coqueluche.<\/p>\n<p>Doutes et anxi\u00e9t\u00e9s parentales : comment la pol\u00e9mique s&rsquo;est install\u00e9e<\/p>\n<p>L&rsquo;aluminium a cristallis\u00e9 des peurs \u00e0 mesure que l&rsquo;opinion publique s&rsquo;est int\u00e9ress\u00e9e aux potentiels risques associ\u00e9s aux vaccins. R\u00e9seaux sociaux, reportages t\u00e9l\u00e9, \u00e9changes entre parents : nombreux sont ceux portant en eux une <strong>inqui\u00e9tude diffuse<\/strong>, qui s&rsquo;alimente de r\u00e9cits divers. Beaucoup redoutent que cet \u00ab ingr\u00e9dient chimique \u00bb puisse \u00eatre nuisible pour le cerveau des tout-petits. Ainsi, l&rsquo;aluminium est progressivement devenu un symbole dans le d\u00e9bat vaccin\/antivaccin.<\/p>\n<p>Les peurs autour de l&rsquo;aluminium : mythe ou risque r\u00e9el pour la sant\u00e9 des enfants ?<br \/>\nLes arguments des sceptiques : autisme, neurotoxicit\u00e9, maladies chroniques<\/p>\n<p>Derri\u00e8re l&rsquo;anxi\u00e9t\u00e9, des accusations pr\u00e9cises : certains craignent une implication de l&rsquo;aluminium vaccinal dans des troubles comme l&rsquo;<strong>autisme<\/strong>, la <strong>neurotoxicit\u00e9<\/strong>, ou encore des maladies chroniques chez l&rsquo;enfant. L&rsquo;inqui\u00e9tude n&rsquo;est pas nouvelle, mais elle persiste, nourrie parfois par des id\u00e9es re\u00e7ues ou des amalgames avec d&rsquo;autres substances bri\u00e8vement mises en cause par le pass\u00e9.<\/p>\n<p> Que disent vraiment les premi\u00e8res enqu\u00eates et \u00e9tudes internationales ?<\/p>\n<p>Au fil des ann\u00e9es, de nombreux travaux ont tent\u00e9 de d\u00e9m\u00ealer le vrai du faux. La majorit\u00e9 conclut \u00e0 une <strong>innocuit\u00e9 globale<\/strong> de l&rsquo;aluminium aux doses utilis\u00e9es, mais reste confront\u00e9e au scepticisme d&rsquo;une partie du public. L&rsquo;absence de preuves ne suffisant pas toujours \u00e0 rassurer, le d\u00e9bat est rest\u00e9 vif, dans l&rsquo;attente d&rsquo;analyses plus larges et actualis\u00e9es. D&rsquo;o\u00f9 l&rsquo;int\u00e9r\u00eat consid\u00e9rable suscit\u00e9 par l&rsquo;\u00e9tude de r\u00e9f\u00e9rence de 2025.<\/p>\n<p>Zoom sur l&rsquo;\u00e9tude choc de 2025 : la m\u00e9thodologie d\u00e9cortiqu\u00e9e<br \/>\nUn \u00e9chantillon in\u00e9dit : comment les chercheurs ont suivi des milliers d&rsquo;enfants<\/p>\n<p>L&rsquo;originalit\u00e9 de l&rsquo;\u00e9tude parue en 2025 tient dans sa port\u00e9e. Jamais auparavant autant d&rsquo;enfants n&rsquo;avaient \u00e9t\u00e9 suivis aussi pr\u00e9cis\u00e9ment : <strong>plus de 25 000 enfants<\/strong> n\u00e9s entre 2017 et 2022 ont \u00e9t\u00e9 inclus dans le protocole. Gr\u00e2ce \u00e0 une collecte d&rsquo;informations exhaustive d\u00e8s la grossesse et durant les premi\u00e8res ann\u00e9es de vie, les scientifiques ont pu \u00e9tablir un v\u00e9ritable <strong>suivi personnalis\u00e9<\/strong>.<\/p>\n<p>Analyses, donn\u00e9es, suivi : les outils utilis\u00e9s pour traquer le moindre risque<\/p>\n<p>Les enfants suivis ont \u00e9t\u00e9 r\u00e9partis selon leur sch\u00e9ma vaccinal, avec ou sans aluminium, permettant de comparer point par point l&rsquo;\u00e9volution neurologique, cognitive et la survenue de maladies chroniques. Un <strong>suivi m\u00e9dical rigoureux<\/strong> a \u00e9t\u00e9 associ\u00e9 \u00e0 des questionnaires r\u00e9p\u00e9t\u00e9s aupr\u00e8s des familles. Ainsi, la m\u00e9thodologie visait \u00e0 identifier le plus l\u00e9ger signal inqui\u00e9tant, y compris \u00e0 long terme, tout en prenant en compte des facteurs de risque vari\u00e9s (mode de vie, ant\u00e9c\u00e9dents familiaux\u2026).<\/p>\n<p>Aluminium et vaccins infantiles : la preuve de l&rsquo;innocuit\u00e9 ?<br \/>\nCe que d\u00e9montre l&rsquo;\u00e9tude : aucun lien identifi\u00e9 avec des troubles graves<\/p>\n<p>Le r\u00e9sultat majeur de l&rsquo;enqu\u00eate est tomb\u00e9 comme un soulagement pour beaucoup : <strong>aucun lien n&rsquo;a pu \u00eatre \u00e9tabli entre l&rsquo;aluminium des vaccins et les troubles neurologiques ou maladies chroniques chez l&rsquo;enfant<\/strong>. Les indicateurs de d\u00e9veloppement cognitif, de <a href=\"https:\/\/journaldesseniors.20minutes.fr\/sante\/quel-age-realiser-premiere-mammographie-cancer-sein\/\" target=\"_blank\" rel=\"noopener\">sant\u00e9<\/a> g\u00e9n\u00e9rale et de qualit\u00e9 de vie se sont av\u00e9r\u00e9s identiques, qu&rsquo;il s&rsquo;agisse d&rsquo;enfants vaccin\u00e9s avec ou sans cet adjuvant.<\/p>\n<p>Ce constat vient clore, du moins pour l&rsquo;heure, un chapitre de doutes : l&rsquo;aluminium utilis\u00e9 dans les vaccins infantiles ne pr\u00e9sente pas de <strong>danger av\u00e9r\u00e9<\/strong>.<\/p>\n<p>Les limites \u00e0 garder en t\u00eate malgr\u00e9 tout : transparence et marge d&rsquo;incertitude<\/p>\n<p>Aucune \u00e9tude n&rsquo;est cependant parfaite. Les auteurs mentionnent la n\u00e9cessit\u00e9 de rester vigilant, en poursuivant les recherches sur le long terme et en surveillant l&rsquo;apparition rare de sympt\u00f4mes atypiques. Mais jusqu&rsquo;\u00e0 pr\u00e9sent, la <strong>surveillance active<\/strong> et les analyses approfondies n&rsquo;ont signal\u00e9 aucun risque notable, apportant ainsi un net apaisement aux familles, sans pour autant nier l&rsquo;importance de maintenir un d\u00e9bat ouvert et scientifique.<\/p>\n<p>Des chercheurs aux parents : comment communiquer sur les r\u00e9sultats ?<br \/>\n L&rsquo;importance de la p\u00e9dagogie pour dissiper la crainte<\/p>\n<p>Pour contrer la d\u00e9sinformation, la <strong>p\u00e9dagogie<\/strong> s&rsquo;impose comme un rem\u00e8de incontournable. Il s&rsquo;agit d&rsquo;expliquer, avec des mots simples, la diff\u00e9rence entre quantit\u00e9 infime utilis\u00e9e dans les vaccins et exposition importante \u00e0 d&rsquo;autres sources d&rsquo;aluminium. Combattre les fausses croyances passe par une <strong>information claire<\/strong>, pr\u00e9cise, accessible \u00e0 toutes les familles.<\/p>\n<p>Parlons confiance : m\u00e9decins, m\u00e9dias et responsabilit\u00e9 collective<\/p>\n<p>Restaurer la confiance est un d\u00e9fi partag\u00e9. Les m\u00e9decins ont un r\u00f4le-cl\u00e9 dans la transmission des donn\u00e9es fiables, mais m\u00e9dias, \u00e9ducateurs, familles sont \u00e9galement invit\u00e9s \u00e0 participer \u00e0 cette d\u00e9marche. Favoriser le dialogue, \u00e9viter les jugements h\u00e2tifs, et miser sur la <strong>responsabilit\u00e9 collective<\/strong> doit permettre de b\u00e2tir un environnement qui prot\u00e8ge la sant\u00e9 de tous les enfants sans attiser d&rsquo;inutiles peurs.<\/p>\n<p> Vacciner sans crainte ? Tirer les le\u00e7ons et regarder vers l&rsquo;avenir<br \/>\n R\u00e9capitulatif des faits marquants et des r\u00e9ponses scientifiques<\/p>\n<p>Retenons qu&rsquo;en 2025, l&rsquo;aluminium utilis\u00e9 dans les vaccins infantiles a \u00e9t\u00e9 soumis \u00e0 une des analyses les plus pouss\u00e9es jamais men\u00e9es, et qu&rsquo;aucun risque n&rsquo;a \u00e9t\u00e9 mis en lumi\u00e8re pour la sant\u00e9 des enfants. Entre recherches ant\u00e9rieures et travaux r\u00e9cents, la concordance des r\u00e9sultats est frappante : <strong>la vaccination demeure un geste s\u00fbr<\/strong>.<\/p>\n<p>Vers des pratiques encore plus s\u00fbres : innovations, transparence et dialogue continu<\/p>\n<p>Parce que la science avance, de nouveaux adjuvants plus innovants, ou de futures techniques de vaccination, viendront peut-\u00eatre encore <strong>perfectionner les protocoles actuels<\/strong>. D&rsquo;ici l\u00e0, un dialogue permanent, fond\u00e9 sur la transparence et la confiance, restera le levier principal pour apaiser les inqui\u00e9tudes, garantir la meilleure protection, et continuer de progresser sereinement.<\/p>\n<p>Comprendre l&rsquo;\u00e9volution des connaissances scientifiques sur l&rsquo;aluminium dans les vaccins permet \u00e0 chacun \u2013 parents, grands-parents, citoyens \u2013 d&rsquo;agir en connaissance de cause. Rassur\u00e9s par ces r\u00e9sultats, il convient aussi de rester attentifs, curieux et ouverts aux prochaines avanc\u00e9es. Peut-\u00eatre pouvons-nous collectivement d\u00e9velopper une approche de la sant\u00e9 plus sereine, fond\u00e9e sur l&rsquo;<strong>\u00e9coute mutuelle<\/strong> et la confiance scientifique, centr\u00e9e sur le bien-\u00eatre des g\u00e9n\u00e9rations futures.<\/p>\n","protected":false},"excerpt":{"rendered":"Chaque rentr\u00e9e relance la m\u00eame interrogation, suscit\u00e9e par les inqui\u00e9tudes grandissantes autour de la vaccination infantile : que&hellip;\n","protected":false},"author":2,"featured_media":360182,"comment_status":"","ping_status":"","sticky":false,"template":"","format":"standard","meta":{"footnotes":""},"categories":[10],"tags":[1011,27,72,56,71],"class_list":{"0":"post-360181","1":"post","2":"type-post","3":"status-publish","4":"format-standard","5":"has-post-thumbnail","7":"category-sante","8":"tag-fr","9":"tag-france","10":"tag-health","11":"tag-push","12":"tag-sante"},"share_on_mastodon":{"url":"https:\/\/pubeurope.com\/@fr\/115133425095164634","error":""},"_links":{"self":[{"href":"https:\/\/www.europesays.com\/fr\/wp-json\/wp\/v2\/posts\/360181","targetHints":{"allow":["GET"]}}],"collection":[{"href":"https:\/\/www.europesays.com\/fr\/wp-json\/wp\/v2\/posts"}],"about":[{"href":"https:\/\/www.europesays.com\/fr\/wp-json\/wp\/v2\/types\/post"}],"author":[{"embeddable":true,"href":"https:\/\/www.europesays.com\/fr\/wp-json\/wp\/v2\/users\/2"}],"replies":[{"embeddable":true,"href":"https:\/\/www.europesays.com\/fr\/wp-json\/wp\/v2\/comments?post=360181"}],"version-history":[{"count":0,"href":"https:\/\/www.europesays.com\/fr\/wp-json\/wp\/v2\/posts\/360181\/revisions"}],"wp:featuredmedia":[{"embeddable":true,"href":"https:\/\/www.europesays.com\/fr\/wp-json\/wp\/v2\/media\/360182"}],"wp:attachment":[{"href":"https:\/\/www.europesays.com\/fr\/wp-json\/wp\/v2\/media?parent=360181"}],"wp:term":[{"taxonomy":"category","embeddable":true,"href":"https:\/\/www.europesays.com\/fr\/wp-json\/wp\/v2\/categories?post=360181"},{"taxonomy":"post_tag","embeddable":true,"href":"https:\/\/www.europesays.com\/fr\/wp-json\/wp\/v2\/tags?post=360181"}],"curies":[{"name":"wp","href":"https:\/\/api.w.org\/{rel}","templated":true}]}}