{"id":360186,"date":"2025-09-02T07:05:12","date_gmt":"2025-09-02T07:05:12","guid":{"rendered":"https:\/\/www.europesays.com\/fr\/360186\/"},"modified":"2025-09-02T07:05:12","modified_gmt":"2025-09-02T07:05:12","slug":"dominique-farrugia-atteint-de-sclerose-en-plaques-il-croit-savoir-quand-et-comment-tout-a-commence","status":"publish","type":"post","link":"https:\/\/www.europesays.com\/fr\/360186\/","title":{"rendered":"Dominique Farrugia atteint de scl\u00e9rose en plaques, il croit savoir quand et comment tout a commenc\u00e9"},"content":{"rendered":"<p>            <img loading=\"lazy\" decoding=\"async\" src=\"https:\/\/www.europesays.com\/fr\/wp-content\/uploads\/2025\/04\/145-6602e1ce8ddc4-35x35-1.jpg\" class=\"author-article-picture\" width=\"35\" height=\"35\"\/><\/p>\n<p>                Par<br \/>\n                                    <a class=\"author-article-bio-link\" href=\"https:\/\/www.purepeople.com\/auteur\/lucie-gosselin_a145\" rel=\"nofollow noopener\" target=\"_blank\">Lucie Gosselin<\/a><br \/>\n                                                    | R\u00e9dactrice<\/p>\n<p>\n                Journaliste passionn\u00e9e, depuis plus de 10 ans, je r\u00e9alise des enqu\u00eates, des portraits, des reportages ou des interviews.\n            <\/p>\n<p>\n    Ancien complice des Nuls, Dominique Farrugia vit avec la scl\u00e9rose en plaques depuis plus de trois d\u00e9cennies. Celui qui ne se d\u00e9place plus qu&rsquo;en fauteuil roulant pense avoir identifi\u00e9 l\u2019\u00e9v\u00e9nement qui a marqu\u00e9 le d\u00e9but de son combat : un choc personnel d\u2019une rare violence, qui a boulevers\u00e9 sa vie pour toujours.\n<\/p>\n<p>                            <img loading=\"lazy\" decoding=\"async\" class=\"player-thumbnail\" src=\"https:\/\/www.europesays.com\/fr\/wp-content\/uploads\/2025\/09\/8143c2bc87cd1930-580x326-2.jpg\" width=\"580\" height=\"326\"\/><\/p>\n<p>                    Dominique Farrugia atteint de scl\u00e9rose en plaques, il croit savoir quand et comment tout a commenc\u00e9<\/p>\n<p>La suite apr\u00e8s la publicit\u00e9<\/p>\n<p>La sc\u00e8ne s\u2019est d\u00e9roul\u00e9e il y a un peu moins d\u2019un an \u00e0 l\u2019a\u00e9roport d\u2019Orly. Le 24 octobre 2024, <strong>un homme en fauteuil roulant est soudain pris \u00e0 partie<\/strong> par une agente au sol de la compagnie a\u00e9rienne Transavia. Elle aurait l\u00e2ch\u00e9 \u00e0 son propos cette interrogation pleine de m\u00e9pris : \u00ab\u00a0C\u2019est quoi \u00e7a ?\u00a0\u00bb L\u2019homme aurait alors tent\u00e9 de r\u00e9pondre avant d\u2019\u00eatre coup\u00e9, s\u00e8chement : \u00ab\u00a0Je ne vous parle pas \u00e0 vous.\u00a0\u00bb<\/p>\n<p>Cet homme aurait pu \u00eatre un porteur de handicap anonyme : en France, 2 \u00e0 3 % de la population vit en fauteuil, soit quelque 600 000 personnes. Il s\u2019av\u00e8re que ce passager particulier s\u2019appelait <a href=\"https:\/\/www.purepeople.com\/people\/dominique-farrugia_p172\" rel=\"nofollow noopener\" target=\"_blank\">Dominique Farrugia<\/a>, ancien complice d\u2019<a href=\"https:\/\/www.purepeople.com\/people\/alain-chabat_p170\" rel=\"nofollow noopener\" target=\"_blank\">Alain Chabat<\/a>, <a href=\"https:\/\/www.purepeople.com\/people\/chantal-lauby_p173\" rel=\"nofollow noopener\" target=\"_blank\">Chantal Lauby<\/a> et Bruno Carette, qui avait fond\u00e9 avec eux l\u2019inoubliable quatuor humoristique les Nuls.<\/p>\n<p>Choqu\u00e9 par un tel comportement, <a href=\"https:\/\/www.purepeople.com\/article\/-je-ne-vous-parle-pas-dominique-farrugia-l-accueil-que-lui-a-reserve-une-hotesse-a-l-aeroport-secoue-la-toile_a529175\/1\" rel=\"nofollow noopener\" target=\"_blank\">le comique avait d\u00e9cid\u00e9 de raconter sa m\u00e9saventure sur X<\/a>, dans un post qu\u2019il avait d\u00e9but\u00e9 avec ces mots : \u00ab\u00a0Vis ma vie de PMR [personne \u00e0 mobilit\u00e9 r\u00e9duite].\u00a0\u00bb Son message avait provoqu\u00e9 une onde de choc et <strong>contraint Transavia \u00e0 pr\u00e9senter ses excuses<\/strong>. Mais il avait aussi mis en lumi\u00e8re le quotidien d\u2019un homme que la vie a contraint \u00e0 r\u00e9apprendre \u00e0 avancer\u2026 et qu\u2019une maladie a transform\u00e9.<\/p>\n<p>Comme 130 000 personnes en France, Dominique Farrugia est atteint de scl\u00e9rose en plaques<\/p>\n<p><a href=\"https:\/\/www.purepeople.com\/article\/dominique-farrugia-face-a-d-autres-malades-il-se-confie-sur-sa-sclerose_a213446\/1\" rel=\"nofollow noopener\" target=\"_blank\">Depuis plus de 30 ans, Dominique Farrugia vit avec une scl\u00e9rose en plaques<\/a> (SEP). Cette maladie auto-immune touche environ 130 000 personnes en France et figure parmi les premi\u00e8res causes de handicap non traumatique chez l\u2019adulte jeune, puisqu\u2019elle appara\u00eet le plus souvent entre 25 et 35 ans.<\/p>\n<p>La scl\u00e9rose en plaques est une maladie qui d\u00e9truit progressivement la gaine protectrice autour des fibres nerveuses du syst\u00e8me nerveux central, perturbant la transmission des messages du cerveau vers le corps. En r\u00e9sultent <strong>une fatigue extr\u00eame, des troubles de l\u2019\u00e9quilibre, des douleurs<\/strong>, des pertes de sensibilit\u00e9, ainsi que des difficult\u00e9s de mobilit\u00e9 ou visuelles.\u00a0<\/p>\n<p>Pour Dominique Farrugia, comme pour beaucoup, <a href=\"https:\/\/www.purepeople.com\/article\/dominique-farrugia-en-fauteuil-roulant-son-quotidien-avec-sa-femme-et-leurs-filles_a457396\/1\" rel=\"nofollow noopener\" target=\"_blank\">accepter le fauteuil a \u00e9t\u00e9 un tournant, notamment en famille au quotidien.<\/a> Mais de ce handicap, de cette pathologie qui le frappe, <strong>l\u2019humoriste a fait une force<\/strong>. Sa devise, qu&rsquo;il ass\u00e8ne dans son livre Elle ne m&rsquo;a jamais quitt\u00e9 : \u00ab\u00a0Il y a deux fa\u00e7ons de traiter ta maladie : comme une amie ou comme une ennemie. Comme une amie, tu restes au lit et tu te plains. <strong>Comme une ennemie, tu te l\u00e8ves et tu vas travailler. J\u2019ai choisi la deuxi\u00e8me option. <\/strong>Mon seul m\u00e9dicament valable, c\u2019est le travail.\u00a0\u00bb<\/p>\n<p>Le stress a-t-il provoqu\u00e9 la maladie de Dominique Farrugia ?<\/p>\n<p><strong>Comment Dominique Farrugia est-il tomb\u00e9 malade ?<\/strong> En l\u2019\u00e9tat actuel, la science ne conna\u00eet pas de cause unique \u00e0 la scl\u00e9rose en plaques. Les chercheurs parlent plut\u00f4t d\u2019un <strong>enchev\u00eatrement de facteurs<\/strong>. Une pr\u00e9disposition g\u00e9n\u00e9tique, d\u2019abord, qui rend certaines personnes plus vuln\u00e9rables. Des facteurs environnementaux ensuite, comme le tabac, une faible exposition au soleil ou un d\u00e9ficit en vitamine D. Le r\u00f4le de certaines infections est \u00e9galement reconnu, notamment celui du virus Epstein-Barr, \u00e0 l\u2019origine de la mononucl\u00e9ose et quasiment toujours pr\u00e9sent chez les patients atteints de SEP. Quant au stress, il n\u2019est pas consid\u00e9r\u00e9 comme une cause directe de la maladie, mais <strong>il peut agir comme un r\u00e9v\u00e9lateur, pr\u00e9cipitant parfois l\u2019apparition des premiers sympt\u00f4mes ou favorisant une pouss\u00e9e.<\/strong><\/p>\n<p>Et il n\u2019est pas impossible que, de ce point de vue, un \u00e9v\u00e9nement tr\u00e8s particulier ait servi de d\u00e9clencheur \u00e0 la maladie de Dominique Farrugia. Lui, en tout cas, en est convaincu\u2026 Mais pour le comprendre, il faut remonter aux origines de la carri\u00e8re de cet artiste de g\u00e9nie.<\/p>\n<p>\u00ab\u00a0Quoi de pire stress que la mort d\u2019un proche ?\u00a0\u00bb, s&rsquo;interroge Dominique Farrugia<\/p>\n<p>Car avant d\u2019\u00eatre un producteur \u00e0 succ\u00e8s et un r\u00e9alisateur reconnu, Dominique Farrugia fut d\u2019abord l\u2019un des quatre visages d\u2019un groupe culte : les Nuls. Au milieu des ann\u00e9es 80, il rejoint Alain Chabat, Chantal Lauby et Bruno Carette. Ensemble, <strong>ils inventent un humour absurde et corrosif qui r\u00e9volutionne Canal+<\/strong>, avec des programmes devenus l\u00e9gendaires comme Objectif : Nul ou Les Nuls, l\u2019\u00e9mission. Tr\u00e8s vite, leur complicit\u00e9 cr\u00e8ve l\u2019\u00e9cran et impose un ton in\u00e9dit, qui marquera toute une g\u00e9n\u00e9ration.<\/p>\n<p>Mais au sommet de cette aventure, un drame vient brutalement tout interrompre. En d\u00e9cembre 1989, Bruno Carette tombe malade. En quelques semaines, il est emport\u00e9 \u00e0 seulement 33 ans par une infection fulgurante. <a href=\"https:\/\/www.purepeople.com\/article\/chantal-lauby-evoque-l-amitie-et-la-mort-de-bruno-carette_a70444\/1\" rel=\"nofollow noopener\" target=\"_blank\">Pour la troupe, c\u2019est un cataclysme<\/a>. Mais pour Dominique Farrugia, cette disparition fut plus tragique encore\u2026 \u00ab\u00a0Quand je fais la chronologie de ma maladie, <strong>je pense que sa mort en a \u00e9t\u00e9 le d\u00e9clencheur\u00a0\u00bb<\/strong>, affirmait-il en d\u00e9cembre 2021 \u00e0 Ouest-France lors de la publication de son livre Elle ne m\u2019a jamais quitt\u00e9, consacr\u00e9 justement au mal qui le ronge. \u00ab\u00a0Les scientifiques disent que la SEP (Scl\u00e9rose en plaques) est quelque chose qu\u2019on a en soi et qui peut appara\u00eetre apr\u00e8s une grosse p\u00e9riode de stress. Quoi de pire stress que la mort d\u2019un proche ?\u00a0\u00bb, avait-il conclu aupr\u00e8s de nos confr\u00e8res.<\/p>\n<p>Isabelle, un soutien ind\u00e9fectible pour Dominique Farrugia<\/p>\n<p>Gr\u00e2ce au seul m\u00e9dicament qu\u2019il connaisse, le travail, Dominique Farrugia parvient donc \u00e0 surmonter \u00e0 la fois sa maladie et le handicap qu\u2019elle occasionne, <a href=\"https:\/\/www.purepeople.com\/article\/dominique-farrugia-malade-il-raconte-son-calvaire-quotidien-semes-d-embuches_a457114\/1\" rel=\"nofollow noopener\" target=\"_blank\">qui l\u2019oblige \u00e0 se d\u00e9placer en fauteuil roulant<\/a>. Derri\u00e8re la cam\u00e9ra, il a ainsi sign\u00e9 des com\u00e9dies devenues cultes comme Delphine 1 &#8211; Yvan 0, L\u2019amour, c\u2019est mieux \u00e0 deux, Bis ou encore Sous le m\u00eame toit. Des cr\u00e9ations qui l\u2019ont aid\u00e9 \u00e0 transformer la douleur en \u00e9nergie.<\/p>\n<p>Mais si <a href=\"https:\/\/www.purepeople.com\/article\/dominique-farrugia-fou-amoureux-de-sa-femme-isabelle-20-ans-d-amour-et-tendre-photo-je-veux-bien-20-ans-de-plus_a524530\/1\" rel=\"nofollow noopener\" target=\"_blank\">Dominique Farrugia a tenu bon, c\u2019est aussi gr\u00e2ce \u00e0 l\u2019amour.<\/a> En l\u2019occurrence, celui d\u2019Isabelle, qu\u2019il a \u00e9pous\u00e9e en 2005, qui lui a donn\u00e9 deux filles, Mia et Zo\u00e9, et pour qui <a href=\"https:\/\/www.purepeople.com\/article\/dominique-farrugia-il-s-est-converti-par-amour-pour-isabelle_a526689\/1\" rel=\"nofollow noopener\" target=\"_blank\">il a m\u00eame chang\u00e9 de religion<\/a>. Toujours pr\u00e9sente \u00e0 ses c\u00f4t\u00e9s, elle est son refuge, celle dont la pr\u00e9sence discr\u00e8te mais constante a rendu supportables les jours les plus sombres.<\/p>\n<p>Et puis, il y a les Nuls. <strong>Plus de trente ans apr\u00e8s leurs d\u00e9buts, leur complicit\u00e9 n\u2019a pas pris une ride.<\/strong> En mai dernier, Alain Chabat confiait \u00e0 Brut : \u00ab\u00a0On se voit, on se parle, on discute et on ricane\u2026\u00a0\u00bb Avant de pr\u00e9ciser \u00e0 propos d&rsquo;une reformation du trio : \u00ab\u00a0Si, il y a plein de fois o\u00f9 on s\u2019est dit &lsquo;ce serait pas marrant de faire tel ou tel truc ?&rsquo;. Il y a parfois des trucs qu\u2019on a m\u00eame \u00e9crits, on est all\u00e9 assez loin et puis finalement \u00e7a ne s\u2019est jamais fait.\u00a0\u00bb<\/p>\n<p>Des mots qui r\u00e9sonnent comme une promesse : Farrugia, Chabat et Lauby restent unis, soud\u00e9s comme au premier jour. Pour le meilleur\u2026 et pour le rire.<\/p>\n<p>        <img decoding=\"async\" class=\"thumb-img-100 thumb-img\" src=\"https:\/\/www.europesays.com\/fr\/wp-content\/uploads\/2025\/09\/6711463-dominique-farrugia-soiree-de-gala-act-320x180-5.jpg\" alt=\"Dominique Farrugia, plus de 50 kilos en moins : il continue de perdre du poids\" width=\"320\" height=\"180\" loading=\"lazy\" role=\"presentation\"\/><\/p>\n<p>                                            Dominique Farrugia, plus de 50 kilos en moins : il continue de perdre du poids<\/p>\n","protected":false},"excerpt":{"rendered":"Par Lucie Gosselin | R\u00e9dactrice Journaliste passionn\u00e9e, depuis plus de 10 ans, je r\u00e9alise des enqu\u00eates, des portraits,&hellip;\n","protected":false},"author":2,"featured_media":360187,"comment_status":"","ping_status":"","sticky":false,"template":"","format":"standard","meta":{"footnotes":""},"categories":[7],"tags":[1011,27,43,40,41,39,42,44],"class_list":{"0":"post-360186","1":"post","2":"type-post","3":"status-publish","4":"format-standard","5":"has-post-thumbnail","7":"category-sciences-et-technologies","8":"tag-fr","9":"tag-france","10":"tag-science","11":"tag-science-and-technology","12":"tag-sciences","13":"tag-sciences-et-technologies","14":"tag-technologies","15":"tag-technology"},"share_on_mastodon":{"url":"https:\/\/pubeurope.com\/@fr\/115133436815574033","error":""},"_links":{"self":[{"href":"https:\/\/www.europesays.com\/fr\/wp-json\/wp\/v2\/posts\/360186","targetHints":{"allow":["GET"]}}],"collection":[{"href":"https:\/\/www.europesays.com\/fr\/wp-json\/wp\/v2\/posts"}],"about":[{"href":"https:\/\/www.europesays.com\/fr\/wp-json\/wp\/v2\/types\/post"}],"author":[{"embeddable":true,"href":"https:\/\/www.europesays.com\/fr\/wp-json\/wp\/v2\/users\/2"}],"replies":[{"embeddable":true,"href":"https:\/\/www.europesays.com\/fr\/wp-json\/wp\/v2\/comments?post=360186"}],"version-history":[{"count":0,"href":"https:\/\/www.europesays.com\/fr\/wp-json\/wp\/v2\/posts\/360186\/revisions"}],"wp:featuredmedia":[{"embeddable":true,"href":"https:\/\/www.europesays.com\/fr\/wp-json\/wp\/v2\/media\/360187"}],"wp:attachment":[{"href":"https:\/\/www.europesays.com\/fr\/wp-json\/wp\/v2\/media?parent=360186"}],"wp:term":[{"taxonomy":"category","embeddable":true,"href":"https:\/\/www.europesays.com\/fr\/wp-json\/wp\/v2\/categories?post=360186"},{"taxonomy":"post_tag","embeddable":true,"href":"https:\/\/www.europesays.com\/fr\/wp-json\/wp\/v2\/tags?post=360186"}],"curies":[{"name":"wp","href":"https:\/\/api.w.org\/{rel}","templated":true}]}}