{"id":360188,"date":"2025-09-02T07:06:10","date_gmt":"2025-09-02T07:06:10","guid":{"rendered":"https:\/\/www.europesays.com\/fr\/360188\/"},"modified":"2025-09-02T07:06:10","modified_gmt":"2025-09-02T07:06:10","slug":"un-kilo-de-cocaine-et-280-000-euros-retrouves-dans-une-audi-linfluenceuse-felicia-sirbu-citee-dans-un-vaste-trafic-de-stupefiants","status":"publish","type":"post","link":"https:\/\/www.europesays.com\/fr\/360188\/","title":{"rendered":"Un kilo de coca\u00efne et 280\u00a0000\u00a0euros retrouv\u00e9s dans une Audi\u00a0: l\u2019influenceuse Felicia Sirbu cit\u00e9e dans un vaste trafic de stup\u00e9fiants"},"content":{"rendered":"<p class=\"paragraph text_align_left lp-f-body-02\">Elle ne fait pas partie des personnes mises en examen dans cette affaire, mais son nom est \u00e9crit noir sur blanc dans les documents li\u00e9s \u00e0 l\u2019enqu\u00eate. <a href=\"https:\/\/www.leparisien.fr\/faits-divers\/kat-torres-une-celebre-influenceuse-bresilienne-condamnee-a-huit-ans-de-prison-pour-trafic-detre-humain-et-esclavage-16-07-2024-Y4LT6KWS5RGIDIKF72VH5BU6BM.php\" target=\"_self\" rel=\"nofollow noopener\">L\u2019influenceuse Felicia Sirbu est cit\u00e9e<\/a> au milieu d\u2019une vaste affaire de trafic de stup\u00e9fiants en banlieue de Milan, en Italie.<\/p>\n<p class=\"paragraph text_align_left lp-f-body-02\">Comme le rapporte le <a href=\"https:\/\/milano.corriere.it\/notizie\/cronaca\/25_agosto_30\/un-chilo-di-cocaina-e-279mila-euro-nel-sottofondo-di-un-audi-nelle-carte-dell-indagine-anche-felicia-sirbu-l-influencer-moldava-f9a26a75-eddd-46e7-b01e-0d6b17eb0xlk.shtml?refresh_ce\" target=\"_self\" rel=\"nofollow noopener\">Corriere della Serra<\/a>, la jeune femme de 34\u00a0ans, d\u2019origine moldave mais d\u00e9sormais install\u00e9e \u00e0 Milan, aurait eu plusieurs <a href=\"https:\/\/www.leparisien.fr\/faits-divers\/elle-ma-vendu-du-reve-une-influenceuse-condamnee-pour-avoir-prostitue-une-adolescente-de-13-ans-04-09-2023-F35NSQRWXBC6FH3VHJJ7J6T65Y.php\" target=\"_blank\" rel=\"nofollow noopener\">fr\u00e9quentations douteuses au sein de ce trafic<\/a>. Elle aurait notamment consomm\u00e9 de la drogue avec le Roumain Cristinel Balint, 47\u00a0ans, contre lequel des mesures restrictives ont \u00e9t\u00e9 prononc\u00e9es.<\/p>\n<p>Un poste fictif pour aider le trafic\u00a0?<\/p>\n<p class=\"paragraph text_align_left lp-f-body-02\">Mais ce n\u2019est pas tout. Lors d\u2019un \u00e9change avec ce dernier, l\u2019id\u00e9e a \u00e9t\u00e9 \u00e9voqu\u00e9e d\u2019embaucher la jeune femme de fa\u00e7on fictive dans une soci\u00e9t\u00e9 pr\u00e9nomm\u00e9e Alpha Group pour r\u00e9gulariser la situation fiscale du trafiquant, et permettre la suite de ses activit\u00e9s.<\/p>\n<p class=\"paragraph text_align_left lp-f-body-02\">Toujours selon <a href=\"https:\/\/milano.corriere.it\/notizie\/cronaca\/25_agosto_30\/un-chilo-di-cocaina-e-279mila-euro-nel-sottofondo-di-un-audi-nelle-carte-dell-indagine-anche-felicia-sirbu-l-influencer-moldava-f9a26a75-eddd-46e7-b01e-0d6b17eb0xlk.shtml?refresh_ce\" target=\"_self\" rel=\"nofollow noopener\">le quotidien italien<\/a>, l\u2019enqu\u00eate men\u00e9e par les autorit\u00e9s locales a comme point de d\u00e9part la saisie en ao\u00fbt\u00a02023 d\u2019<a href=\"https:\/\/www.leparisien.fr\/societe\/25-millions-dusagers-production-et-saisies-toujours-en-hausse-le-marche-mondial-de-cocaine-bat-ses-propres-records-26-06-2025-HAVHC4F5RVGOHPSZEVDY56E5RE.php\" target=\"_blank\" rel=\"nofollow noopener\">un kilo de coca\u00efne \u00e0 bord d\u2019une camionnette<\/a>. En remontant les \u00e9coutes t\u00e9l\u00e9phoniques du conducteur interpell\u00e9, la police a men\u00e9 une perquisition dans un garage de la r\u00e9gion, retrouvant 279\u00a0000\u00a0euros en liquide dissimul\u00e9 dans une cache actionn\u00e9e par un dispositif \u00e9lectrique sur une Audi A6. Le v\u00e9hicule \u00e9tait inscrit sous le nom de l\u2019entreprise pr\u00e9c\u00e9demment cit\u00e9e\u00a0: Alpha Group.<\/p>\n<p class=\"lp-card-podcast-highlighting__title  lp-f-subtitle-05\">[4\/4] C\u00e9cile Vallin, les secrets d\u2019une disparition<\/p>\n<p class=\"lp-card-podcast-highlighting__description lp-f-ui-05\">Crime story raconte chaque semaine les grandes affaires criminelles.<\/p>\n<p><a class=\"lp-card-podcast-highlighting__call-to-action\" data-page-type=\"HP\" data-block-name=\"podcast-highlight\">\u00c9couter<\/a><\/p>\n<p class=\"paragraph text_align_left lp-f-body-02\">\u00c0 ce jour, le tribunal de Monza n\u2019a prononc\u00e9 que de simples mesures restrictives \u00e0 l\u2019encontre de deux individus pour des d\u00e9lits pr\u00e9sum\u00e9s de trafic de stup\u00e9fiants. Aucune autre saisie de drogues n\u2019a \u00e9t\u00e9 effectu\u00e9e. Ils sont simplement remont\u00e9s jusqu\u2019\u00e0 la trace de Felicia Sirbu et de sa fameuse rencontre de novembre\u00a02023.<\/p>\n<p class=\"paragraph text_align_left lp-f-body-02\">Sur son compte Instagram, la jeune femme se pr\u00e9sente comme \u00ab\u00a0influenceuse et journaliste t\u00e9l\u00e9vis\u00e9e avec plus de 13\u00a0ans d\u2019exp\u00e9rience\u00a0\u00bb. Elle y affiche un train de vie luxueux avec ses enfants, affichant notamment de nombreux produits de luxe et ses voyages \u00e0 ses 75 000 abonn\u00e9s.<\/p>\n","protected":false},"excerpt":{"rendered":"Elle ne fait pas partie des personnes mises en examen dans cette affaire, mais son nom est \u00e9crit&hellip;\n","protected":false},"author":2,"featured_media":360189,"comment_status":"","ping_status":"","sticky":false,"template":"","format":"standard","meta":{"footnotes":""},"categories":[6],"tags":[35,33,34,118,1011,27],"class_list":{"0":"post-360188","1":"post","2":"type-post","3":"status-publish","4":"format-standard","5":"has-post-thumbnail","7":"category-economie","8":"tag-business","9":"tag-economie","10":"tag-economy","11":"tag-faits-divers","12":"tag-fr","13":"tag-france"},"share_on_mastodon":{"url":"https:\/\/pubeurope.com\/@fr\/115133440655974545","error":""},"_links":{"self":[{"href":"https:\/\/www.europesays.com\/fr\/wp-json\/wp\/v2\/posts\/360188","targetHints":{"allow":["GET"]}}],"collection":[{"href":"https:\/\/www.europesays.com\/fr\/wp-json\/wp\/v2\/posts"}],"about":[{"href":"https:\/\/www.europesays.com\/fr\/wp-json\/wp\/v2\/types\/post"}],"author":[{"embeddable":true,"href":"https:\/\/www.europesays.com\/fr\/wp-json\/wp\/v2\/users\/2"}],"replies":[{"embeddable":true,"href":"https:\/\/www.europesays.com\/fr\/wp-json\/wp\/v2\/comments?post=360188"}],"version-history":[{"count":0,"href":"https:\/\/www.europesays.com\/fr\/wp-json\/wp\/v2\/posts\/360188\/revisions"}],"wp:featuredmedia":[{"embeddable":true,"href":"https:\/\/www.europesays.com\/fr\/wp-json\/wp\/v2\/media\/360189"}],"wp:attachment":[{"href":"https:\/\/www.europesays.com\/fr\/wp-json\/wp\/v2\/media?parent=360188"}],"wp:term":[{"taxonomy":"category","embeddable":true,"href":"https:\/\/www.europesays.com\/fr\/wp-json\/wp\/v2\/categories?post=360188"},{"taxonomy":"post_tag","embeddable":true,"href":"https:\/\/www.europesays.com\/fr\/wp-json\/wp\/v2\/tags?post=360188"}],"curies":[{"name":"wp","href":"https:\/\/api.w.org\/{rel}","templated":true}]}}