{"id":360190,"date":"2025-09-02T07:07:11","date_gmt":"2025-09-02T07:07:11","guid":{"rendered":"https:\/\/www.europesays.com\/fr\/360190\/"},"modified":"2025-09-02T07:07:11","modified_gmt":"2025-09-02T07:07:11","slug":"une-ong-denonce-la-disparition-de-vingt-personnes-apres-les-manifestations-violemment-reprimees-qui-ont-deja-fait-six-morts","status":"publish","type":"post","link":"https:\/\/www.europesays.com\/fr\/360190\/","title":{"rendered":"une ONG d\u00e9nonce la\u00a0disparition de\u00a0vingt\u00a0personnes apr\u00e8s les manifestations violemment r\u00e9prim\u00e9es qui ont d\u00e9j\u00e0 fait six morts"},"content":{"rendered":"<p>                          <img loading=\"lazy\" decoding=\"async\" src=\"https:\/\/www.europesays.com\/fr\/wp-content\/uploads\/2025\/09\/19ae8de_upload-1-jieqm2ateumo-784105.jpg\" alt=\"Des policiers affrontent des manifestants, pr\u00e8s du Parlement, \u00e0 Djakarta, le 28\u00a0ao\u00fbt 2025.\"   width=\"664\" height=\"443\"\/>    Des policiers affrontent des manifestants, pr\u00e8s du Parlement, \u00e0 Djakarta, le 28\u00a0ao\u00fbt 2025.  YASUYOSHI CHIBA\/AFP                          <\/p>\n<p class=\"article__paragraph  \">Des milliers de personnes ont manifest\u00e9, lundi\u00a01er\u00a0septembre, dans plusieurs villes d\u2019Indon\u00e9sie et l\u2019arm\u00e9e s\u2019est d\u00e9ploy\u00e9e dans la capitale, Djakarta, apr\u00e8s de violents troubles qui ont fait six\u00a0morts ces derniers jours. De nouveaux rassemblements sont attendus dans la journ\u00e9e de mardi\u00a0devant le Parlement, \u00e0 l\u2019appel, notamment, d\u2019une coalition de groupes de femmes, qui avait annul\u00e9 son appel la veille.<\/p>\n<p class=\"article__paragraph  \">En outre, \u00ab\u00a0apr\u00e8s des recherches et des v\u00e9rifications, vingt personnes restent introuvables\u00a0\u00bb, a\u00a0d\u00e9clar\u00e9 la Commission pour les personnes disparues et les victimes de violences (KontraS). Cette organisation locale de d\u00e9fense des droits humains a pr\u00e9cis\u00e9 qu\u2019elles ont \u00e9t\u00e9 port\u00e9es disparues \u00e0 Bandung, \u00e0\u00a0Djakarta et \u00e0\u00a0Depok, une ville proche de la capitale, ainsi que dans un \u00ab\u00a0lieu inconnu\u00a0\u00bb.<\/p>\n<p class=\"article__paragraph  \">Lundi, quelque 500\u00a0manifestants se sont rassembl\u00e9s, en d\u00e9but d\u2019apr\u00e8s-midi devant le Parlement national \u00e0 Djakarta, sous la surveillance de dizaines de soldats et de policiers avant de se disperser en d\u00e9but de soir\u00e9e sans incident. Le pr\u00e9sident, Prabowo Subianto, avait averti peu avant que les manifestations devraient se terminer avant le coucher du soleil.<\/p>\n<p>                                       Lire aussi |  Article r\u00e9serv\u00e9 \u00e0 nos abonn\u00e9s  <a href=\"https:\/\/www.lemonde.fr\/international\/article\/2024\/02\/15\/prabowo-subianto-le-nouveau-president-indonesien-un-ex-militaire-au-passe-sulfureux_6216669_3210.html\" class=\"js-article-read-also catcher--favoris__link\" data-premium=\"1\" id=\"article-title-3360160\" rel=\"nofollow noopener\" target=\"_blank\">Prabowo Subianto, le nouveau pr\u00e9sident indon\u00e9sien, un ex-militaire au pass\u00e9 sulfureux<\/a>    <\/p>\n<p>   Lire plus tard  <\/p>\n<p class=\"article__paragraph  \">A Gorontalo, sur l\u2019\u00eele des C\u00e9l\u00e8bes, des affrontements ont oppos\u00e9 des manifestants \u00e0 la police, qui a ripost\u00e9 \u00e0 coups de gaz lacrymog\u00e8nes et de canons \u00e0 eau, selon un journaliste de l\u2019Agence France-Presse (AFP). A Bandung, sur l\u2019\u00eele de Java, des manifestants ont lanc\u00e9 des cocktails Molotov et des p\u00e9tards sur le b\u00e2timent du conseil provincial. A Palembang, sur l\u2019\u00eele de Sumatra, une manifestation a r\u00e9uni plusieurs milliers de personnes. Des centaines d\u2019autres se sont rassembl\u00e9es \u00e0 Banjarmassin, sur l\u2019\u00eele de Born\u00e9o, et \u00e0 Yogyakarta, dans le centre du pays, selon des journalistes de l\u2019AFP.<\/p>\n<p class=\"article__paragraph  \">\u00ab\u00a0Notre objectif principal est de r\u00e9former le Parlement. Nous esp\u00e9rons que [les d\u00e9put\u00e9s] viendront nous rencontrer. Nous voulons leur parler directement\u00a0\u00bb, t\u00e9moigne Nafta Keisya Kemalia, une \u00e9tudiante, tout en s\u2019interrogeant\u00a0: \u00ab\u00a0Veulent-ils attendre que la loi martiale soit instaur\u00e9e\u00a0?\u00a0\u00bb<\/p>\n<p>                    Un chauffeur de moto-taxi et six manifestants tu\u00e9s                    <\/p>\n<p class=\"article__paragraph  \">Les manifestations ont d\u00e9but\u00e9 le 25\u00a0ao\u00fbt pour protester contre des indemnit\u00e9s de logement attribu\u00e9es aux d\u00e9put\u00e9s et consid\u00e9r\u00e9es comme trop \u00e9lev\u00e9es. Ces mouvements, qui visent \u00e9galement \u00e0 d\u00e9noncer les difficult\u00e9s \u00e9conomiques rencontr\u00e9es par la population, se sont exacerb\u00e9s apr\u00e8s la mort, jeudi, d\u2019un chauffeur de moto-taxi \u00e9cras\u00e9 par un v\u00e9hicule de police \u00e0\u00a0Djakarta. Une vid\u00e9o montrant le drame est ensuite devenue virale, attisant les tensions.<\/p>\n<p class=\"article__paragraph  \">Les Nations unies (ONU) ont r\u00e9clam\u00e9, lundi, l\u2019ouverture d\u2019enqu\u00eates rapides, approfondies et transparentes sur la mort des six manifestants au cours de rassemblements violemment r\u00e9prim\u00e9s par les forces de l\u2019ordre. \u00ab\u00a0Nous suivons de pr\u00e8s la vague de violences en Indon\u00e9sie dans le contexte des manifestations au sujet des allocations parlementaires, des mesures d\u2019aust\u00e9rit\u00e9 et de l\u2019usage disproportionn\u00e9 de la force par les forces de l\u2019ordre\u00a0\u00bb, a d\u00e9clar\u00e9 Ravina Shamdasani, du Bureau des droits de l\u2019homme de l\u2019ONU.<\/p>\n<p>                                       Lire aussi |  Article r\u00e9serv\u00e9 \u00e0 nos abonn\u00e9s  <a href=\"https:\/\/www.lemonde.fr\/economie\/article\/2025\/03\/03\/en-indonesie-les-choix-budgetaires-du-president-prabowo-subianto-provoquent-la-colere-de-la-population_6574916_3234.html\" class=\"js-article-read-also catcher--favoris__link\" data-premium=\"1\" id=\"article-title-3411558\" rel=\"nofollow noopener\" target=\"_blank\">En Indon\u00e9sie, les choix budg\u00e9taires du pr\u00e9sident Prabowo Subianto provoquent la col\u00e8re de la population<\/a>    <\/p>\n<p>   Lire plus tard  <\/p>\n<p class=\"article__paragraph  \">Dimanche, le pr\u00e9sident Subianto a tent\u00e9 de r\u00e9pondre aux revendications des manifestants, en annon\u00e7ant la suppression d\u2019une indemnit\u00e9 tr\u00e8s d\u00e9cri\u00e9e qui devait \u00eatre vers\u00e9e aux d\u00e9put\u00e9s. Lundi, il a rendu visite \u00e0 des policiers bless\u00e9s dans un h\u00f4pital, o\u00f9 il a stigmatis\u00e9 les manifestants. \u00ab\u00a0La loi pr\u00e9voit que si vous voulez manifester, vous devez demander la permission, et la permission doit \u00eatre accord\u00e9e, et cela doit se terminer \u00e0 18\u00a0heures\u00a0\u00bb, a-t-il martel\u00e9.<\/p>\n<p> Le Monde M\u00e9morable  <\/p>\n<p> <a href=\"https:\/\/www.lemonde.fr\/memorable\/?rfextension=inread\" class=\"inread__link js-services-inread-link\" target=\"_blank\" rel=\"nofollow noopener\">  <\/p>\n<p>Testez votre culture g\u00e9n\u00e9rale avec la r\u00e9daction du \u00ab Monde \u00bb<\/p>\n<p>Testez votre culture g\u00e9n\u00e9rale avec la r\u00e9daction du \u00ab Monde \u00bb<\/p>\n<p>D\u00e9couvrir<\/p>\n<p> <\/a>      <\/p>\n<p> Newsletter  <\/p>\n<p> <a href=\"https:\/\/www.lemonde.fr\/newsletters\/a-la-une\/\" class=\"inread__link js-services-inread-link\" target=\"_blank\" rel=\"nofollow noopener\">  <\/p>\n<p>\u00ab A la une \u00bb<\/p>\n<p>Chaque matin, parcourez l&rsquo;essentiel de l&rsquo;actualit\u00e9 du jour avec les derniers titres du \u00ab Monde \u00bb<\/p>\n<p>S&rsquo;inscrire<\/p>\n<p> <\/a>          <\/p>\n<p> Le Monde Application  <\/p>\n<p> <a href=\"https:\/\/lamatinale.onelink.me\/gKMy\/ahw2ubr3\" class=\"inread__link js-services-inread-link\" target=\"_blank\" rel=\"nofollow noopener\">  <\/p>\n<p>La Matinale du Monde<\/p>\n<p>Chaque matin, retrouvez notre s\u00e9lection de 20 articles \u00e0 ne pas manquer <\/p>\n<p>T\u00e9l\u00e9charger l&rsquo;application<\/p>\n<p> <\/a>      <\/p>\n<p> Newsletter abonn\u00e9s  <\/p>\n<p> <a href=\"https:\/\/www.lemonde.fr\/newsletters\/international\/\" class=\"inread__link js-services-inread-link\" target=\"_blank\" rel=\"nofollow noopener\">  <\/p>\n<p>\u00ab International \u00bb<\/p>\n<p>L\u2019essentiel de l\u2019actualit\u00e9 internationale de la semaine<\/p>\n<p>S&rsquo;inscrire<\/p>\n<p> <\/a>             <\/p>\n<p class=\"article__paragraph  \">Agus Wijayanto, charg\u00e9 de la \u00ab\u00a0responsabilit\u00e9\u00a0\u00bb au sein de la police nationale, a fait savoir qu\u2019une enqu\u00eate avait r\u00e9v\u00e9l\u00e9 des actes criminels commis par deux officiers, dont le conducteur de la camionnette qui avait percut\u00e9 la moto-taxi. Au total, ce sont sept officiers qui ont \u00e9t\u00e9 arr\u00eat\u00e9s. Les deux qui compara\u00eetront mercredi devant un tribunal d\u2019\u00e9thique \u00ab\u00a0pourraient \u00eatre r\u00e9voqu\u00e9s\u00a0\u00bb, a-t-il pr\u00e9cis\u00e9.<\/p>\n<p class=\"article__paragraph  \">Lundi, la police a install\u00e9 des points de contr\u00f4le dans toute la capitale, tandis que des militaires effectuaient des patrouilles et que des tireurs d\u2019\u00e9lite \u00e9taient d\u00e9ploy\u00e9s. Les rues de la m\u00e9tropole, habituellement encombr\u00e9es, \u00e9taient plus calmes, de nombreuses entreprises et administrations ayant pri\u00e9 leurs employ\u00e9s de travailler \u00e0 domicile.<\/p>\n<p>                    Pillages                    <\/p>\n<p class=\"article__paragraph  \">\u00ab\u00a0Le gouvernement indon\u00e9sien est un d\u00e9sastre. Le cabinet et le Parlement n\u2019\u00e9coutent pas les appels du peuple\u00a0\u00bb, t\u00e9moigne Suwardi, 60\u00a0ans, vendeur de snacks, pr\u00e8s du Parlement, et qui comme beaucoup d\u2019Indon\u00e9siens ne porte qu\u2019un seul nom.<\/p>\n<p class=\"article__paragraph  \">Aux incidents survenus lors de manifestations se sont ajout\u00e9s ces derniers jours des pillages de maisons de plusieurs d\u00e9put\u00e9s et de la ministre des finances, Sri Mulyani Indrawati.<\/p>\n<p class=\"article__paragraph  \">Ces manifestations sont les plus importantes et les plus violentes depuis l\u2019arriv\u00e9e au pouvoir de Prabowo Subianto, en octobre\u00a02024. Les tensions l\u2019ont forc\u00e9 \u00e0 annuler un d\u00e9placement officiel pr\u00e9vu cette semaine en Chine pour un d\u00e9fil\u00e9 militaire comm\u00e9morant la fin de la seconde guerre mondiale.<\/p>\n<p class=\"article__paragraph  \">Samedi, la plateforme de r\u00e9seaux sociaux TikTok a annonc\u00e9 suspendre pour \u00ab\u00a0quelques jours\u00a0\u00bb sa fonctionnalit\u00e9 live en Indon\u00e9sie, \u00ab\u00a0en raison de l\u2019escalade de la violence lors des manifestations\u00a0\u00bb.<\/p>\n<p>                                       Lire aussi |  <a href=\"https:\/\/www.lemonde.fr\/international\/article\/2025\/08\/30\/indonesie-tiktok-annonce-suspendre-ses-directs-apres-des-manifestations-d-une-rare-violence_6637545_3210.html\" class=\"js-article-read-also catcher--favoris__link\" data-premium=\"\" id=\"article-title-3436020\" rel=\"nofollow noopener\" target=\"_blank\">Indon\u00e9sie\u00a0: TikTok suspend ses directs apr\u00e8s des manifestations d\u2019une rare violence<\/a>    <\/p>\n<p>   Lire plus tard  <\/p>\n<p class=\"author__detail\">  Le Monde avec AFP  <\/p>\n<p>                  <a href=\"https:\/\/www.lemonde.fr\/syndication\/\" class=\"reuse__content\" title=\"R\u00e9utiliser ce contenu\" target=\"_blank\" rel=\"nofollow noopener\">R\u00e9utiliser ce contenu<\/a>      <\/p>\n","protected":false},"excerpt":{"rendered":"Des policiers affrontent des manifestants, pr\u00e8s du Parlement, \u00e0 Djakarta, le 28\u00a0ao\u00fbt 2025. YASUYOSHI CHIBA\/AFP Des milliers de&hellip;\n","protected":false},"author":2,"featured_media":360191,"comment_status":"","ping_status":"","sticky":false,"template":"","format":"standard","meta":{"footnotes":""},"categories":[5],"tags":[11,1011,27,14,12,28],"class_list":{"0":"post-360190","1":"post","2":"type-post","3":"status-publish","4":"format-standard","5":"has-post-thumbnail","7":"category-international","8":"tag-actualites","9":"tag-fr","10":"tag-france","11":"tag-international","12":"tag-news","13":"tag-world"},"share_on_mastodon":{"url":"https:\/\/pubeurope.com\/@fr\/115133444531776491","error":""},"_links":{"self":[{"href":"https:\/\/www.europesays.com\/fr\/wp-json\/wp\/v2\/posts\/360190","targetHints":{"allow":["GET"]}}],"collection":[{"href":"https:\/\/www.europesays.com\/fr\/wp-json\/wp\/v2\/posts"}],"about":[{"href":"https:\/\/www.europesays.com\/fr\/wp-json\/wp\/v2\/types\/post"}],"author":[{"embeddable":true,"href":"https:\/\/www.europesays.com\/fr\/wp-json\/wp\/v2\/users\/2"}],"replies":[{"embeddable":true,"href":"https:\/\/www.europesays.com\/fr\/wp-json\/wp\/v2\/comments?post=360190"}],"version-history":[{"count":0,"href":"https:\/\/www.europesays.com\/fr\/wp-json\/wp\/v2\/posts\/360190\/revisions"}],"wp:featuredmedia":[{"embeddable":true,"href":"https:\/\/www.europesays.com\/fr\/wp-json\/wp\/v2\/media\/360191"}],"wp:attachment":[{"href":"https:\/\/www.europesays.com\/fr\/wp-json\/wp\/v2\/media?parent=360190"}],"wp:term":[{"taxonomy":"category","embeddable":true,"href":"https:\/\/www.europesays.com\/fr\/wp-json\/wp\/v2\/categories?post=360190"},{"taxonomy":"post_tag","embeddable":true,"href":"https:\/\/www.europesays.com\/fr\/wp-json\/wp\/v2\/tags?post=360190"}],"curies":[{"name":"wp","href":"https:\/\/api.w.org\/{rel}","templated":true}]}}