{"id":360192,"date":"2025-09-02T07:08:10","date_gmt":"2025-09-02T07:08:10","guid":{"rendered":"https:\/\/www.europesays.com\/fr\/360192\/"},"modified":"2025-09-02T07:08:10","modified_gmt":"2025-09-02T07:08:10","slug":"mort-de-jean-pormanove-le-streamer-avait-envoye-des-messages-inquietants-a-sa-mere-ouest-france","status":"publish","type":"post","link":"https:\/\/www.europesays.com\/fr\/360192\/","title":{"rendered":"Mort de Jean Pormanove : le streamer avait envoy\u00e9 des messages inqui\u00e9tants \u00e0 sa m\u00e8re &#8211; Ouest-France"},"content":{"rendered":"<ol>\n<li><a href=\"https:\/\/news.google.com\/rss\/articles\/CBMi_wFBVV95cUxOdjNIeHlFWWpYek5UVlJwcGdxVl8tZjVCdnpURHNhWVpIdGktOWZuMmtvSXpyTjB3U0tGRjduM2piYl9RT3Rmb1FHNGg3alk4Q25RaW56bVZzdXZ1NmNvZUNsYm9YYllPU1RrQzJBNUVTdFpjeEs5VmhlTGh1aTQyaUdEekdybVdUVUdwd09kS1NJQVJLYlBJRGVGNVV2b045eWVQRUJmWnNlQ3ZKUlBTRU5NMlZjLUFBLXFCZFFMcFlscDNQWjB5c2NPR0JNUWc1NzhRUEFkWExYWFFJUFdrTTlycmVkaFRpNjFKSi1pZjNGVEJqNm5QbmNyY0x2Z0U?oc=5\" target=\"_blank\" rel=\"nofollow noopener\">Mort de Jean Pormanove : le streamer avait envoy\u00e9 des messages inqui\u00e9tants \u00e0 sa m\u00e8re<\/a>&nbsp;&nbsp;Ouest-France<\/li>\n<li><a href=\"https:\/\/news.google.com\/rss\/articles\/CBMi1AFBVV95cUxPYldja0xKeG01dElmSHhXTk1kaHZPZzU3OXhTLWhzZTJ4c3JFNWF1bjFIQXFqbGpuMkt6QVJvbDlkaktTS2FpM1hzbTR6NURIblpDZUR0c2lSbjM1TVdNdWVUMGpGVEJaVldTbmtwcUxMSzZodklRYVF6cmtMRG9kbDc0MVpVVXVxTzlkbDVPT04teDVYOW13UXczSGNscUJTaU82eHV5T0RodlNvVFRNYW5rWWhNbDctQm0zYm41a0w3cjlvTnM4RExyelc1b1lqX2JjUQ?oc=5\" target=\"_blank\" rel=\"nofollow noopener\">Internet. Mort du streamer Jean Pormanove : \u00ab Mon fils n\u2019\u00e9tait pas brutalis\u00e9 \u00bb, t\u00e9moigne sa m\u00e8re<\/a>&nbsp;&nbsp;Le Dauphin\u00e9 Lib\u00e9r\u00e9<\/li>\n<li><a href=\"https:\/\/news.google.com\/rss\/articles\/CBMixAFBVV95cUxQbEh5SkNmTlZXbE9yZEVQYXlCaFVOVEU1N2R6bmxBc3hQS1pxUGYyWmN4VVRDamZPZzRBTjJnaEx2VGp2VFNJWjgxTHBjQlg5NVQ0dUhYSnY1UDgwTHVIbGFPZFRFcW9GcTBUN3RBeTk3LUtWOHR3Q2lUYzd5ZDd5ZW03eWpMQ0JoR1lEZzJTNDRMaklwZ2xvdHphQlR0dnNKT3hCZ3J3bXY4cU1saHdTTXc4VEFwcmFEZFJiZ3poZHJmTl9m?oc=5\" target=\"_blank\" rel=\"nofollow noopener\">POINT DE VUE. Le voyeurisme, addiction d\u00e9shumanisante<\/a>&nbsp;&nbsp;Ouest-France<\/li>\n<li><a href=\"https:\/\/news.google.com\/rss\/articles\/CBMi4wFBVV95cUxOVHUzN1U5NlpCZ05iekJrQmFTM0YwVDZsYUdSU1ZYQ01lbUZNSkZBT2xSR25HRl9jZXBvTUhRa1JEb1RVVXlmNmwtN3A5eFRBVlVpOG14azZvNXMzRnJHSGtBcmhEZXBiekx1aFQzSFp6MG1XOWJSRHo0S1VTV0wyZkwzc1I4aTNTNEJ6NHk5NHVBX1VUdnFCbi1talo1aDdUN0t4WnFiNkc2cVpRV2lMZ2VhWmxCWllOdVQxMmgxTkM1RlBvYU94ZVZoTFdPOHJ2X2I4dTlQa0dhTnhrOWVXb0tCVQ?oc=5\" target=\"_blank\" rel=\"nofollow noopener\">\u00abJ\u2019ai l\u2019impression d\u2019\u00eatre s\u00e9questr\u00e9\u00bb : les derniers messages de Jean Pormanove \u00e0 sa m\u00e8re avant sa mort<\/a>&nbsp;&nbsp;Le Figaro<\/li>\n<li><a href=\"https:\/\/news.google.com\/rss\/articles\/CBMiuwFBVV95cUxOMDNkOWhkODY2MS12Ylc4MzdNY01YallWbWthR0tKUGd4QWg5OEdZeF9TX2FYb3EyTVB6UUNUVWZHZ0gxU1gwTmdTdEVsa1drY2xXRnM1N1ZoTUwxWTlIclZMVFNIMFZzOU5iQ0MzZ3FyLXAyWC1RNmhJbjRWdVd0eHU3aDQ0MmZ3ZEV3NGozZWNEd0pfSWtZbFpzVHlYa0hyTktmZl9kRlljNkZueGtBbG5yR05jQ0xaRm9V?oc=5\" target=\"_blank\" rel=\"nofollow noopener\">Mort de Jean Pormanove : le streamer Safine Hamadi affirme que \u00abtout \u00e9tait consenti\u00bb<\/a>&nbsp;&nbsp;CNews<\/li>\n<\/ol>\n","protected":false},"excerpt":{"rendered":"Mort de Jean Pormanove : le streamer avait envoy\u00e9 des messages inqui\u00e9tants \u00e0 sa m\u00e8re&nbsp;&nbsp;Ouest-France Internet. Mort du&hellip;\n","protected":false},"author":2,"featured_media":1445,"comment_status":"","ping_status":"","sticky":false,"template":"","format":"standard","meta":{"footnotes":""},"categories":[4],"tags":[11,1011,27,12,25],"class_list":{"0":"post-360192","1":"post","2":"type-post","3":"status-publish","4":"format-standard","5":"has-post-thumbnail","7":"category-france","8":"tag-actualites","9":"tag-fr","10":"tag-france","11":"tag-news","12":"tag-republique-francaise"},"share_on_mastodon":{"url":"https:\/\/pubeurope.com\/@fr\/115133448491958820","error":""},"_links":{"self":[{"href":"https:\/\/www.europesays.com\/fr\/wp-json\/wp\/v2\/posts\/360192","targetHints":{"allow":["GET"]}}],"collection":[{"href":"https:\/\/www.europesays.com\/fr\/wp-json\/wp\/v2\/posts"}],"about":[{"href":"https:\/\/www.europesays.com\/fr\/wp-json\/wp\/v2\/types\/post"}],"author":[{"embeddable":true,"href":"https:\/\/www.europesays.com\/fr\/wp-json\/wp\/v2\/users\/2"}],"replies":[{"embeddable":true,"href":"https:\/\/www.europesays.com\/fr\/wp-json\/wp\/v2\/comments?post=360192"}],"version-history":[{"count":0,"href":"https:\/\/www.europesays.com\/fr\/wp-json\/wp\/v2\/posts\/360192\/revisions"}],"wp:featuredmedia":[{"embeddable":true,"href":"https:\/\/www.europesays.com\/fr\/wp-json\/wp\/v2\/media\/1445"}],"wp:attachment":[{"href":"https:\/\/www.europesays.com\/fr\/wp-json\/wp\/v2\/media?parent=360192"}],"wp:term":[{"taxonomy":"category","embeddable":true,"href":"https:\/\/www.europesays.com\/fr\/wp-json\/wp\/v2\/categories?post=360192"},{"taxonomy":"post_tag","embeddable":true,"href":"https:\/\/www.europesays.com\/fr\/wp-json\/wp\/v2\/tags?post=360192"}],"curies":[{"name":"wp","href":"https:\/\/api.w.org\/{rel}","templated":true}]}}